{"id":6323,"date":"2019-02-05T11:37:16","date_gmt":"2019-02-05T10:37:16","guid":{"rendered":"http:\/\/www.imep.pro\/jam-session-animee-par-bernard-vidal-2\/"},"modified":"2019-02-05T11:37:34","modified_gmt":"2019-02-05T10:37:34","slug":"jam-session-animee-par-bernard-vidal-2","status":"publish","type":"post","link":"https:\/\/www.imep.pro\/en\/jam-session-animee-par-bernard-vidal-2\/","title":{"rendered":"Jam session anim\u00e9e par Bernard Vidal"},"content":{"rendered":"<p>[et_pb_section bb_built=&#8221;1&#8243;][et_pb_row][et_pb_column type=&#8221;4_4&#8243;][et_pb_text _builder_version=&#8221;3.19.10&#8243;]<\/p>\n<h1 style=\"text-align: center;\"><strong>Jam session anim\u00e9e par Bernard Vidal<\/strong><\/h1>\n<h2 style=\"text-align: center;\">Le<strong> vendredi 15 f\u00e9vrier<\/strong> \u00e0 partir de 20h aux\u00a0<strong>Grands Voisins<\/strong><\/h2>\n<h2 style=\"text-align: center;\">(74 avenue Denfert-Rochereau &#8211; 75014 Paris)<\/h2>\n<h1><\/h1>\n<h1><img loading=\"lazy\" decoding=\"async\" class=\"aligncenter wp-image-6312 size-large\" src=\"http:\/\/www.imep.pro\/wordpress\/wp-content\/uploads\/2019\/02\/image001-4-724x1024.jpg\" alt=\"\" width=\"724\" height=\"1024\" srcset=\"https:\/\/www.imep.pro\/wordpress\/wp-content\/uploads\/2019\/02\/image001-4-724x1024.jpg 724w, https:\/\/www.imep.pro\/wordpress\/wp-content\/uploads\/2019\/02\/image001-4-212x300.jpg 212w, https:\/\/www.imep.pro\/wordpress\/wp-content\/uploads\/2019\/02\/image001-4-768x1086.jpg 768w, https:\/\/www.imep.pro\/wordpress\/wp-content\/uploads\/2019\/02\/image001-4-610x863.jpg 610w, https:\/\/www.imep.pro\/wordpress\/wp-content\/uploads\/2019\/02\/image001-4.jpg 999w\" sizes=\"(max-width: 724px) 100vw, 724px\" \/><\/h1>\n<h1><\/h1>\n<p><strong>Bernard Vidal,<\/strong> guitariste et enseignant, est un musicien aux multiples influences (jazz, soul, pop&#8230;). Il compose, joue et arrange ces styles.<\/p>\n<h1><img loading=\"lazy\" decoding=\"async\" class=\"size-medium wp-image-6310 aligncenter\" src=\"http:\/\/www.imep.pro\/wordpress\/wp-content\/uploads\/2019\/02\/bv-300x200.jpg\" alt=\"\" width=\"300\" height=\"200\" srcset=\"https:\/\/www.imep.pro\/wordpress\/wp-content\/uploads\/2019\/02\/bv-300x200.jpg 300w, https:\/\/www.imep.pro\/wordpress\/wp-content\/uploads\/2019\/02\/bv-768x512.jpg 768w, https:\/\/www.imep.pro\/wordpress\/wp-content\/uploads\/2019\/02\/bv-610x406.jpg 610w, https:\/\/www.imep.pro\/wordpress\/wp-content\/uploads\/2019\/02\/bv.jpg 800w\" sizes=\"(max-width: 300px) 100vw, 300px\" \/><\/h1>\n<p>Ces dix derni\u00e8res ann\u00e9es, il a particip\u00e9 \u00e0 de nombreux festivals internationaux, notamment en Europe, aux \u00c9tats-Unis et en Afrique du Nord. Il collabore par ailleurs avec les plus grands artistes de la sc\u00e8ne europ\u00e9enne et internationale, on pense \u00e0 Rick Margitza, Flavio Boltro, Ernie Watts, entre autres.<\/p>\n<p>Bernard Vidal fait partie des co-fondateurs de l\u2019IMEP \u2022 Paris College of Music, o\u00f9 il a \u00e9t\u00e9 enseignant jusqu\u2019en juin 2017.<\/p>\n<h1><img loading=\"lazy\" decoding=\"async\" class=\"size-medium wp-image-6308 aligncenter\" src=\"http:\/\/www.imep.pro\/wordpress\/wp-content\/uploads\/2019\/02\/05_DSCF3289-300x200.jpeg\" alt=\"\" width=\"300\" height=\"200\" srcset=\"https:\/\/www.imep.pro\/wordpress\/wp-content\/uploads\/2019\/02\/05_DSCF3289-300x200.jpeg 300w, https:\/\/www.imep.pro\/wordpress\/wp-content\/uploads\/2019\/02\/05_DSCF3289-768x513.jpeg 768w, https:\/\/www.imep.pro\/wordpress\/wp-content\/uploads\/2019\/02\/05_DSCF3289-610x407.jpeg 610w, https:\/\/www.imep.pro\/wordpress\/wp-content\/uploads\/2019\/02\/05_DSCF3289.jpeg 960w\" sizes=\"(max-width: 300px) 100vw, 300px\" \/><\/h1>\n<p>[\/et_pb_text][\/et_pb_column][\/et_pb_row][\/et_pb_section]<\/p>\n","protected":false},"excerpt":{"rendered":"<p>[et_pb_section bb_built=&#8221;1&#8243;][et_pb_row][et_pb_column type=&#8221;4_4&#8243;][et_pb_text _builder_version=&#8221;3.19.10&#8243;] Jam session anim\u00e9e par Bernard Vidal Le vendredi 15 f\u00e9vrier \u00e0 partir de 20h aux\u00a0Grands Voisins (74 avenue Denfert-Rochereau &#8211; 75014 Paris) Bernard Vidal, guitariste et [&hellip;]<\/p>\n","protected":false},"author":5,"featured_media":6313,"comment_status":"open","ping_status":"open","sticky":false,"template":"","format":"standard","meta":{"_et_pb_use_builder":"","_et_pb_old_content":"","_et_gb_content_width":"","footnotes":""},"categories":[40],"tags":[],"dipi_cpt_category":[],"class_list":["post-6323","post","type-post","status-publish","format-standard","has-post-thumbnail","hentry","category-jam-sessions-en"],"yoast_head":"<!-- This site is optimized with the Yoast SEO plugin v27.4 - https:\/\/yoast.com\/product\/yoast-seo-wordpress\/ -->\n<title>Jam session anim\u00e9e par Bernard Vidal - IMEP<\/title>\n<meta name=\"robots\" content=\"index, follow, max-snippet:-1, max-image-preview:large, max-video-preview:-1\" \/>\n<link rel=\"canonical\" href=\"https:\/\/www.imep.pro\/en\/jam-session-animee-par-bernard-vidal-2\/\" \/>\n<meta property=\"og:locale\" content=\"en_US\" \/>\n<meta property=\"og:type\" content=\"article\" \/>\n<meta property=\"og:title\" content=\"Jam session anim\u00e9e par Bernard Vidal - IMEP\" \/>\n<meta property=\"og:description\" content=\"[et_pb_section bb_built=&#8221;1&#8243;][et_pb_row][et_pb_column type=&#8221;4_4&#8243;][et_pb_text _builder_version=&#8221;3.19.10&#8243;] Jam session anim\u00e9e par Bernard Vidal Le vendredi 15 f\u00e9vrier \u00e0 partir de 20h aux\u00a0Grands Voisins (74 avenue Denfert-Rochereau &#8211; 75014 Paris) Bernard Vidal, guitariste et [&hellip;]\" \/>\n<meta property=\"og:url\" content=\"https:\/\/www.imep.pro\/en\/jam-session-animee-par-bernard-vidal-2\/\" \/>\n<meta property=\"og:site_name\" content=\"IMEP\" \/>\n<meta property=\"article:publisher\" content=\"http:\/\/www.facebook.com\/imep.pro\" \/>\n<meta property=\"article:author\" content=\"https:\/\/www.facebook.com\/monartagency\/\" \/>\n<meta property=\"article:published_time\" content=\"2019-02-05T10:37:16+00:00\" \/>\n<meta property=\"article:modified_time\" content=\"2019-02-05T10:37:34+00:00\" \/>\n<meta property=\"og:image\" content=\"https:\/\/www.imep.pro\/wordpress\/wp-content\/uploads\/2019\/02\/image001-4.jpg\" \/>\n\t<meta property=\"og:image:width\" content=\"999\" \/>\n\t<meta property=\"og:image:height\" content=\"1413\" \/>\n\t<meta property=\"og:image:type\" content=\"image\/jpeg\" \/>\n<meta name=\"author\" content=\"Monart Agency\" \/>\n<meta name=\"twitter:card\" content=\"summary_large_image\" \/>\n<meta name=\"twitter:creator\" content=\"@monartagency\" \/>\n<meta name=\"twitter:site\" content=\"@imep_pro\" \/>\n<meta name=\"twitter:label1\" content=\"Written by\" \/>\n\t<meta name=\"twitter:data1\" content=\"Monart Agency\" \/>\n\t<meta name=\"twitter:label2\" content=\"Est. reading time\" \/>\n\t<meta name=\"twitter:data2\" content=\"1 minute\" \/>\n<script type=\"application\/ld+json\" class=\"yoast-schema-graph\">{\"@context\":\"https:\\\/\\\/schema.org\",\"@graph\":[{\"@type\":\"Article\",\"@id\":\"https:\\\/\\\/www.imep.pro\\\/en\\\/jam-session-animee-par-bernard-vidal-2\\\/#article\",\"isPartOf\":{\"@id\":\"https:\\\/\\\/www.imep.pro\\\/en\\\/jam-session-animee-par-bernard-vidal-2\\\/\"},\"author\":{\"name\":\"Monart Agency\",\"@id\":\"https:\\\/\\\/www.imep.pro\\\/#\\\/schema\\\/person\\\/47604aeec7b3f95425adb978491a0bcb\"},\"headline\":\"Jam session anim\u00e9e par Bernard Vidal\",\"datePublished\":\"2019-02-05T10:37:16+00:00\",\"dateModified\":\"2019-02-05T10:37:34+00:00\",\"mainEntityOfPage\":{\"@id\":\"https:\\\/\\\/www.imep.pro\\\/en\\\/jam-session-animee-par-bernard-vidal-2\\\/\"},\"wordCount\":149,\"commentCount\":0,\"publisher\":{\"@id\":\"https:\\\/\\\/www.imep.pro\\\/#organization\"},\"image\":{\"@id\":\"https:\\\/\\\/www.imep.pro\\\/en\\\/jam-session-animee-par-bernard-vidal-2\\\/#primaryimage\"},\"thumbnailUrl\":\"https:\\\/\\\/www.imep.pro\\\/wordpress\\\/wp-content\\\/uploads\\\/2019\\\/02\\\/image001-4.jpg\",\"articleSection\":[\"Jam sessions\"],\"inLanguage\":\"en-US\",\"potentialAction\":[{\"@type\":\"CommentAction\",\"name\":\"Comment\",\"target\":[\"https:\\\/\\\/www.imep.pro\\\/en\\\/jam-session-animee-par-bernard-vidal-2\\\/#respond\"]}]},{\"@type\":\"WebPage\",\"@id\":\"https:\\\/\\\/www.imep.pro\\\/en\\\/jam-session-animee-par-bernard-vidal-2\\\/\",\"url\":\"https:\\\/\\\/www.imep.pro\\\/en\\\/jam-session-animee-par-bernard-vidal-2\\\/\",\"name\":\"Jam session anim\u00e9e par Bernard Vidal - IMEP\",\"isPartOf\":{\"@id\":\"https:\\\/\\\/www.imep.pro\\\/#website\"},\"primaryImageOfPage\":{\"@id\":\"https:\\\/\\\/www.imep.pro\\\/en\\\/jam-session-animee-par-bernard-vidal-2\\\/#primaryimage\"},\"image\":{\"@id\":\"https:\\\/\\\/www.imep.pro\\\/en\\\/jam-session-animee-par-bernard-vidal-2\\\/#primaryimage\"},\"thumbnailUrl\":\"https:\\\/\\\/www.imep.pro\\\/wordpress\\\/wp-content\\\/uploads\\\/2019\\\/02\\\/image001-4.jpg\",\"datePublished\":\"2019-02-05T10:37:16+00:00\",\"dateModified\":\"2019-02-05T10:37:34+00:00\",\"breadcrumb\":{\"@id\":\"https:\\\/\\\/www.imep.pro\\\/en\\\/jam-session-animee-par-bernard-vidal-2\\\/#breadcrumb\"},\"inLanguage\":\"en-US\",\"potentialAction\":[{\"@type\":\"ReadAction\",\"target\":[\"https:\\\/\\\/www.imep.pro\\\/en\\\/jam-session-animee-par-bernard-vidal-2\\\/\"]}]},{\"@type\":\"ImageObject\",\"inLanguage\":\"en-US\",\"@id\":\"https:\\\/\\\/www.imep.pro\\\/en\\\/jam-session-animee-par-bernard-vidal-2\\\/#primaryimage\",\"url\":\"https:\\\/\\\/www.imep.pro\\\/wordpress\\\/wp-content\\\/uploads\\\/2019\\\/02\\\/image001-4.jpg\",\"contentUrl\":\"https:\\\/\\\/www.imep.pro\\\/wordpress\\\/wp-content\\\/uploads\\\/2019\\\/02\\\/image001-4.jpg\",\"width\":999,\"height\":1413},{\"@type\":\"BreadcrumbList\",\"@id\":\"https:\\\/\\\/www.imep.pro\\\/en\\\/jam-session-animee-par-bernard-vidal-2\\\/#breadcrumb\",\"itemListElement\":[{\"@type\":\"ListItem\",\"position\":1,\"name\":\"Accueil\",\"item\":\"https:\\\/\\\/www.imep.pro\\\/en\\\/music-school-paris\\\/\"},{\"@type\":\"ListItem\",\"position\":2,\"name\":\"Jam sessions\",\"item\":\"https:\\\/\\\/www.imep.pro\\\/en\\\/category\\\/jam-sessions-en\\\/\"},{\"@type\":\"ListItem\",\"position\":3,\"name\":\"Jam session anim\u00e9e par Bernard Vidal\"}]},{\"@type\":\"WebSite\",\"@id\":\"https:\\\/\\\/www.imep.pro\\\/#website\",\"url\":\"https:\\\/\\\/www.imep.pro\\\/\",\"name\":\"IMEP\",\"description\":\"\u266a Paris College of music \u266a\",\"publisher\":{\"@id\":\"https:\\\/\\\/www.imep.pro\\\/#organization\"},\"potentialAction\":[{\"@type\":\"SearchAction\",\"target\":{\"@type\":\"EntryPoint\",\"urlTemplate\":\"https:\\\/\\\/www.imep.pro\\\/?s={search_term_string}\"},\"query-input\":{\"@type\":\"PropertyValueSpecification\",\"valueRequired\":true,\"valueName\":\"search_term_string\"}}],\"inLanguage\":\"en-US\"},{\"@type\":\"Organization\",\"@id\":\"https:\\\/\\\/www.imep.pro\\\/#organization\",\"name\":\"IMEP Paris College of Music\",\"url\":\"https:\\\/\\\/www.imep.pro\\\/\",\"logo\":{\"@type\":\"ImageObject\",\"inLanguage\":\"en-US\",\"@id\":\"https:\\\/\\\/www.imep.pro\\\/#\\\/schema\\\/logo\\\/image\\\/\",\"url\":\"https:\\\/\\\/www.imep.pro\\\/wordpress\\\/wp-content\\\/uploads\\\/2016\\\/02\\\/cropped-imep_logo_original-favicon.png\",\"contentUrl\":\"https:\\\/\\\/www.imep.pro\\\/wordpress\\\/wp-content\\\/uploads\\\/2016\\\/02\\\/cropped-imep_logo_original-favicon.png\",\"width\":512,\"height\":512,\"caption\":\"IMEP Paris College of Music\"},\"image\":{\"@id\":\"https:\\\/\\\/www.imep.pro\\\/#\\\/schema\\\/logo\\\/image\\\/\"},\"sameAs\":[\"http:\\\/\\\/www.facebook.com\\\/imep.pro\",\"https:\\\/\\\/x.com\\\/imep_pro\",\"https:\\\/\\\/www.instagram.com\\\/imepparis\\\/\",\"https:\\\/\\\/www.linkedin.com\\\/company\\\/imep-paris-college-of-music\\\/\",\"https:\\\/\\\/www.youtube.com\\\/user\\\/imusicparis\"]},{\"@type\":\"Person\",\"@id\":\"https:\\\/\\\/www.imep.pro\\\/#\\\/schema\\\/person\\\/47604aeec7b3f95425adb978491a0bcb\",\"name\":\"Monart Agency\",\"image\":{\"@type\":\"ImageObject\",\"inLanguage\":\"en-US\",\"@id\":\"https:\\\/\\\/secure.gravatar.com\\\/avatar\\\/e140a68304568537b5ef59a50a21e9d951951179ecfb5a88c0fdfbb9131182cd?s=96&d=mm&r=g\",\"url\":\"https:\\\/\\\/secure.gravatar.com\\\/avatar\\\/e140a68304568537b5ef59a50a21e9d951951179ecfb5a88c0fdfbb9131182cd?s=96&d=mm&r=g\",\"contentUrl\":\"https:\\\/\\\/secure.gravatar.com\\\/avatar\\\/e140a68304568537b5ef59a50a21e9d951951179ecfb5a88c0fdfbb9131182cd?s=96&d=mm&r=g\",\"caption\":\"Monart Agency\"},\"description\":\"Monart est une agence sp\u00e9cialis\u00e9e en communication musicale, pour des professionnels de la musique, \u00e0 la recherche de ce qui se fait de mieux dans le milieu artistique et musical du jazz, de la musique contemporaine et de la musique du monde et ce, dans le monde entier.\",\"sameAs\":[\"https:\\\/\\\/www.monartagency.com\\\/agence-communication-musicale\",\"https:\\\/\\\/www.facebook.com\\\/monartagency\\\/\",\"https:\\\/\\\/www.instagram.com\\\/monartagency\\\/\",\"https:\\\/\\\/www.linkedin.com\\\/company\\\/monart-agency\",\"https:\\\/\\\/x.com\\\/monartagency\",\"https:\\\/\\\/www.youtube.com\\\/channel\\\/UC9H-2xb6TtKzqVT3XY-lcXw\",\"https:\\\/\\\/soundcloud.com\\\/user-617326834\"],\"url\":\"https:\\\/\\\/www.imep.pro\\\/en\\\/author\\\/gustavo\\\/\"}]}<\/script>\n<!-- \/ Yoast SEO plugin. -->","yoast_head_json":{"title":"Jam session anim\u00e9e par Bernard Vidal - IMEP","robots":{"index":"index","follow":"follow","max-snippet":"max-snippet:-1","max-image-preview":"max-image-preview:large","max-video-preview":"max-video-preview:-1"},"canonical":"https:\/\/www.imep.pro\/en\/jam-session-animee-par-bernard-vidal-2\/","og_locale":"en_US","og_type":"article","og_title":"Jam session anim\u00e9e par Bernard Vidal - IMEP","og_description":"[et_pb_section bb_built=&#8221;1&#8243;][et_pb_row][et_pb_column type=&#8221;4_4&#8243;][et_pb_text _builder_version=&#8221;3.19.10&#8243;] Jam session anim\u00e9e par Bernard Vidal Le vendredi 15 f\u00e9vrier \u00e0 partir de 20h aux\u00a0Grands Voisins (74 avenue Denfert-Rochereau &#8211; 75014 Paris) Bernard Vidal, guitariste et [&hellip;]","og_url":"https:\/\/www.imep.pro\/en\/jam-session-animee-par-bernard-vidal-2\/","og_site_name":"IMEP","article_publisher":"http:\/\/www.facebook.com\/imep.pro","article_author":"https:\/\/www.facebook.com\/monartagency\/","article_published_time":"2019-02-05T10:37:16+00:00","article_modified_time":"2019-02-05T10:37:34+00:00","og_image":[{"width":999,"height":1413,"url":"https:\/\/www.imep.pro\/wordpress\/wp-content\/uploads\/2019\/02\/image001-4.jpg","type":"image\/jpeg"}],"author":"Monart Agency","twitter_card":"summary_large_image","twitter_creator":"@monartagency","twitter_site":"@imep_pro","twitter_misc":{"Written by":"Monart Agency","Est. reading time":"1 minute"},"schema":{"@context":"https:\/\/schema.org","@graph":[{"@type":"Article","@id":"https:\/\/www.imep.pro\/en\/jam-session-animee-par-bernard-vidal-2\/#article","isPartOf":{"@id":"https:\/\/www.imep.pro\/en\/jam-session-animee-par-bernard-vidal-2\/"},"author":{"name":"Monart Agency","@id":"https:\/\/www.imep.pro\/#\/schema\/person\/47604aeec7b3f95425adb978491a0bcb"},"headline":"Jam session anim\u00e9e par Bernard Vidal","datePublished":"2019-02-05T10:37:16+00:00","dateModified":"2019-02-05T10:37:34+00:00","mainEntityOfPage":{"@id":"https:\/\/www.imep.pro\/en\/jam-session-animee-par-bernard-vidal-2\/"},"wordCount":149,"commentCount":0,"publisher":{"@id":"https:\/\/www.imep.pro\/#organization"},"image":{"@id":"https:\/\/www.imep.pro\/en\/jam-session-animee-par-bernard-vidal-2\/#primaryimage"},"thumbnailUrl":"https:\/\/www.imep.pro\/wordpress\/wp-content\/uploads\/2019\/02\/image001-4.jpg","articleSection":["Jam sessions"],"inLanguage":"en-US","potentialAction":[{"@type":"CommentAction","name":"Comment","target":["https:\/\/www.imep.pro\/en\/jam-session-animee-par-bernard-vidal-2\/#respond"]}]},{"@type":"WebPage","@id":"https:\/\/www.imep.pro\/en\/jam-session-animee-par-bernard-vidal-2\/","url":"https:\/\/www.imep.pro\/en\/jam-session-animee-par-bernard-vidal-2\/","name":"Jam session anim\u00e9e par Bernard Vidal - IMEP","isPartOf":{"@id":"https:\/\/www.imep.pro\/#website"},"primaryImageOfPage":{"@id":"https:\/\/www.imep.pro\/en\/jam-session-animee-par-bernard-vidal-2\/#primaryimage"},"image":{"@id":"https:\/\/www.imep.pro\/en\/jam-session-animee-par-bernard-vidal-2\/#primaryimage"},"thumbnailUrl":"https:\/\/www.imep.pro\/wordpress\/wp-content\/uploads\/2019\/02\/image001-4.jpg","datePublished":"2019-02-05T10:37:16+00:00","dateModified":"2019-02-05T10:37:34+00:00","breadcrumb":{"@id":"https:\/\/www.imep.pro\/en\/jam-session-animee-par-bernard-vidal-2\/#breadcrumb"},"inLanguage":"en-US","potentialAction":[{"@type":"ReadAction","target":["https:\/\/www.imep.pro\/en\/jam-session-animee-par-bernard-vidal-2\/"]}]},{"@type":"ImageObject","inLanguage":"en-US","@id":"https:\/\/www.imep.pro\/en\/jam-session-animee-par-bernard-vidal-2\/#primaryimage","url":"https:\/\/www.imep.pro\/wordpress\/wp-content\/uploads\/2019\/02\/image001-4.jpg","contentUrl":"https:\/\/www.imep.pro\/wordpress\/wp-content\/uploads\/2019\/02\/image001-4.jpg","width":999,"height":1413},{"@type":"BreadcrumbList","@id":"https:\/\/www.imep.pro\/en\/jam-session-animee-par-bernard-vidal-2\/#breadcrumb","itemListElement":[{"@type":"ListItem","position":1,"name":"Accueil","item":"https:\/\/www.imep.pro\/en\/music-school-paris\/"},{"@type":"ListItem","position":2,"name":"Jam sessions","item":"https:\/\/www.imep.pro\/en\/category\/jam-sessions-en\/"},{"@type":"ListItem","position":3,"name":"Jam session anim\u00e9e par Bernard Vidal"}]},{"@type":"WebSite","@id":"https:\/\/www.imep.pro\/#website","url":"https:\/\/www.imep.pro\/","name":"IMEP","description":"\u266a Paris College of music \u266a","publisher":{"@id":"https:\/\/www.imep.pro\/#organization"},"potentialAction":[{"@type":"SearchAction","target":{"@type":"EntryPoint","urlTemplate":"https:\/\/www.imep.pro\/?s={search_term_string}"},"query-input":{"@type":"PropertyValueSpecification","valueRequired":true,"valueName":"search_term_string"}}],"inLanguage":"en-US"},{"@type":"Organization","@id":"https:\/\/www.imep.pro\/#organization","name":"IMEP Paris College of Music","url":"https:\/\/www.imep.pro\/","logo":{"@type":"ImageObject","inLanguage":"en-US","@id":"https:\/\/www.imep.pro\/#\/schema\/logo\/image\/","url":"https:\/\/www.imep.pro\/wordpress\/wp-content\/uploads\/2016\/02\/cropped-imep_logo_original-favicon.png","contentUrl":"https:\/\/www.imep.pro\/wordpress\/wp-content\/uploads\/2016\/02\/cropped-imep_logo_original-favicon.png","width":512,"height":512,"caption":"IMEP Paris College of Music"},"image":{"@id":"https:\/\/www.imep.pro\/#\/schema\/logo\/image\/"},"sameAs":["http:\/\/www.facebook.com\/imep.pro","https:\/\/x.com\/imep_pro","https:\/\/www.instagram.com\/imepparis\/","https:\/\/www.linkedin.com\/company\/imep-paris-college-of-music\/","https:\/\/www.youtube.com\/user\/imusicparis"]},{"@type":"Person","@id":"https:\/\/www.imep.pro\/#\/schema\/person\/47604aeec7b3f95425adb978491a0bcb","name":"Monart Agency","image":{"@type":"ImageObject","inLanguage":"en-US","@id":"https:\/\/secure.gravatar.com\/avatar\/e140a68304568537b5ef59a50a21e9d951951179ecfb5a88c0fdfbb9131182cd?s=96&d=mm&r=g","url":"https:\/\/secure.gravatar.com\/avatar\/e140a68304568537b5ef59a50a21e9d951951179ecfb5a88c0fdfbb9131182cd?s=96&d=mm&r=g","contentUrl":"https:\/\/secure.gravatar.com\/avatar\/e140a68304568537b5ef59a50a21e9d951951179ecfb5a88c0fdfbb9131182cd?s=96&d=mm&r=g","caption":"Monart Agency"},"description":"Monart est une agence sp\u00e9cialis\u00e9e en communication musicale, pour des professionnels de la musique, \u00e0 la recherche de ce qui se fait de mieux dans le milieu artistique et musical du jazz, de la musique contemporaine et de la musique du monde et ce, dans le monde entier.","sameAs":["https:\/\/www.monartagency.com\/agence-communication-musicale","https:\/\/www.facebook.com\/monartagency\/","https:\/\/www.instagram.com\/monartagency\/","https:\/\/www.linkedin.com\/company\/monart-agency","https:\/\/x.com\/monartagency","https:\/\/www.youtube.com\/channel\/UC9H-2xb6TtKzqVT3XY-lcXw","https:\/\/soundcloud.com\/user-617326834"],"url":"https:\/\/www.imep.pro\/en\/author\/gustavo\/"}]}},"_links":{"self":[{"href":"https:\/\/www.imep.pro\/en\/wp-json\/wp\/v2\/posts\/6323","targetHints":{"allow":["GET"]}}],"collection":[{"href":"https:\/\/www.imep.pro\/en\/wp-json\/wp\/v2\/posts"}],"about":[{"href":"https:\/\/www.imep.pro\/en\/wp-json\/wp\/v2\/types\/post"}],"author":[{"embeddable":true,"href":"https:\/\/www.imep.pro\/en\/wp-json\/wp\/v2\/users\/5"}],"replies":[{"embeddable":true,"href":"https:\/\/www.imep.pro\/en\/wp-json\/wp\/v2\/comments?post=6323"}],"version-history":[{"count":0,"href":"https:\/\/www.imep.pro\/en\/wp-json\/wp\/v2\/posts\/6323\/revisions"}],"wp:featuredmedia":[{"embeddable":true,"href":"https:\/\/www.imep.pro\/en\/wp-json\/wp\/v2\/media\/6313"}],"wp:attachment":[{"href":"https:\/\/www.imep.pro\/en\/wp-json\/wp\/v2\/media?parent=6323"}],"wp:term":[{"taxonomy":"category","embeddable":true,"href":"https:\/\/www.imep.pro\/en\/wp-json\/wp\/v2\/categories?post=6323"},{"taxonomy":"post_tag","embeddable":true,"href":"https:\/\/www.imep.pro\/en\/wp-json\/wp\/v2\/tags?post=6323"},{"taxonomy":"dipi_cpt_category","embeddable":true,"href":"https:\/\/www.imep.pro\/en\/wp-json\/wp\/v2\/dipi_cpt_category?post=6323"}],"curies":[{"name":"wp","href":"https:\/\/api.w.org\/{rel}","templated":true}]}}