{"id":5930,"date":"2018-05-29T20:42:20","date_gmt":"2018-05-29T19:42:20","guid":{"rendered":"http:\/\/www.imep.pro\/concert-big-band-et-ensembles\/"},"modified":"2018-05-31T08:10:01","modified_gmt":"2018-05-31T07:10:01","slug":"concert-big-band-et-ensembles","status":"publish","type":"post","link":"https:\/\/www.imep.pro\/en\/concert-big-band-et-ensembles\/","title":{"rendered":"Concert Big Band et ensembles"},"content":{"rendered":"<p>[et_pb_section bb_built=&#8221;1&#8243;][et_pb_row][et_pb_column type=&#8221;4_4&#8243;][et_pb_text _builder_version=&#8221;3.3.1&#8243;]<\/p>\n<h2 class=\"sous-section\">Year-end concert special arrangers \u00a0with the IMEP big band, Sunday, June 3, 2018, at the Studio de l&#8217;Ermitage, 8pm<\/h2>\n<h4><a href=\"https:\/\/www.weezevent.com\/big-band-imep-et-ensembles\" target=\"_blank\" rel=\"noopener\"><strong>Book your place here<\/strong><\/a><\/h4>\n<h4><strong>Special rate IMEP student :<\/strong>\u00a0<span style=\"text-decoration: underline;\">Enter the\u00a0code IMEP2018<\/span>\u00a0(your valid \u00a0IMEP student card will be required at the entrance)<\/h4>\n<h4>\u00a0<\/h4>\n<h4 class=\"sous-section\" style=\"text-align: center;\">En premi\u00e8re partie<\/h4>\n<p>Arthur Alfocea \u2013 Guitare<br \/>Matthias Lauriot Pr\u00e9vost \u2013 Guitare<br \/>Bruno Rougevin-Baville \u2013 Piano<br \/>Maxime Isoard \u2013 Basse<br \/>Ana\u00ebl Noury \u2013 Batterie<\/p>\n<p><strong>Programme\u00a0:<\/strong><\/p>\n<p>&#8211; After the gig (Darryl Reeves)<br \/>&#8211; Song for my brother (Avishai Cohen)<br \/>&#8211; Checkmates (Bruno Rougevin-Baville)<br \/>&#8211; Elegant People (Jaco Pastorius &#8211; Arr. Arthur Alfocea)<\/p>\n<p style=\"text-align: center;\">__________________________________<\/p>\n<p>Alexis Colin \u2013 Piano<br \/>Vincent Lanvier \u2013 Guitare<br \/>Damien Fior\u2013 Basse<br \/>Maxime Charray \u2013 Batterie \/ Saxophone<\/p>\n<p><strong>Programme\u00a0:<\/strong><\/p>\n<p>&#8211; Cuando uno Crece (Roberto Fonseca)<br \/>&#8211; Intrepid Fox (Freddie Hubbard)<br \/>&#8211; Some Skunk Funk (Brecker Brothers)<\/p>\n<h4 class=\"sous-section\" style=\"text-align: center;\">En deuxi\u00e8me partie\u00a0: le Big Band de l&#8217; IMEP<\/h4>\n<p>La classe d&#8217;arrangement du cycle sup\u00e9rieur pr\u00e9sente ses arrangements de fin d&#8217;\u00e9tude.<\/p>\n<p><strong>\u00a0Saxophones<\/strong>\u00a0: Phil Hilfiker, Ingrid Kruusm\u00e4gi, Antoine Lebouc, Edouard Jacquot, Guillaume Grosso <strong>Trompettes<\/strong>\u00a0: Philippe Larrere, Denis Jusseaume, Dorian Vidal, Olivier Faure. <strong>Trombones<\/strong>\u00a0: Ramon Fossati, Martin Gilloire, Guy Von Gaudecker, Fran\u00e7ois Fichu. <strong>Section<\/strong> <strong>rythmique<\/strong>\u00a0: Alexis Colin (piano), Valentin Delbrel (guitare), Virgile Dailcroix (basse), Jodan Caron (batterie).<\/p>\n<p><strong>MUSICIENS INVIT\u00c9S<\/strong>\u00a0: <strong>Sur Vieille Canaille et C&#8217;est si bon<\/strong> \u00a0: Emilie Forbin, chant. <strong>Sur River people :<\/strong> Gr\u00e9goire Moussard\u00a0: Drum machine, F\u00e9lix Bussienne Basse. <strong>Sur Crazy Gnarls\u00a0:<\/strong> V\u00e9ronique Mouni\u00e9, chant, \u2026\u2026. <strong>Sur Anikulapo&#8217;s theme\u00a0:<\/strong> Julien Mezzance, chant et saxophone, Arthur Alfoc\u00e9a et Charles Lamouroux, claves, Vincent Lanvier, guitare. <strong>Sur Don&#8217;t stop till you get enough\u00a0:<\/strong> F\u00e9lix Bussienne, basse. <strong>Sur Let&#8217;s go to work \u2013 Rise up\u00a0:<\/strong> Ingrid Kruusm\u00e4gi, chant et saxophone, Maxime Charray, batterie.<\/p>\n<p style=\"text-align: center;\"><strong>1er set<\/strong><\/p>\n<p><strong>La Paloma\u00a0:<\/strong> Musique de S\u00e9bastien Iradier (1863), Arrang\u00e9 et dirig\u00e9 par Fran\u00e7ois Fichu.<\/p>\n<p>\u00ab\u00a0 Avec ce morceau tr\u00e8s c\u00e9l\u00e8bre, le big band d\u00e9bute son programme par un clin d&#8217;oeil \u00e0 une personne qui a beaucoup aid\u00e9 l&#8217; IMEP dans le cadre de son changement de locaux. Dans cet arrangement, des phrases vives, anguleuses et viriles \u00e9voquent la musique d&#8217;Astor Piazzola et dialoguent avec les rondeurs du th\u00e8me de La Paloma (en fran\u00e7ais, la Colombe).\u00a0\u00bb Fran\u00e7ois Fichu<\/p>\n<p><strong>Mary&#8217;s Idea\u00a0:<\/strong> Musique de Mary Lou Williams (1938), transcription par la classe d&#8217;arrangement \u00e0 partir d&#8217;une version audio interpr\u00e9t\u00e9e par l&#8217; Andy Kirk Orchestra \u00ab\u00a0Twelve Clouds of Joy\u00a0\u00bb. Adaptation pour big band par Fran\u00e7ois Fichu. Dirig\u00e9 par Vincent Lanvier.<\/p>\n<p><strong>C&#8217;est si Bon\u00a0:<\/strong> Musique d&#8217;Henri Betti et Andr\u00e9 Hornez (1947), \u00e0 partir d&#8217;une version transcrite par la classe d&#8217;arrangement, tir\u00e9e de l&#8217;album \u00ab\u00a0The Best of Louis Armstrong\u00a0(remastered)\u00bb . Adaptation au big band par Fran\u00e7ois Fichu. Dirig\u00e9 par Arthur Alfoc\u00e9a<\/p>\n<p><strong>My Favorite Things\u00a0:<\/strong> Musique de\u00a0Richard Rodgers, Arrang\u00e9 et dirig\u00e9 par Charles Lamouroux<\/p>\n<p>\u00ab\u00a0My favorite things&#8221; est un th\u00e8me \u00e9crit par Oscar Hammerstein et Richard Rodgers pour la com\u00e9die musicale \u00ab\u00a0La m\u00e9lodie du bonheur\u00a0\u00bb (1959). En plus de rendre hommage \u00e0 ces deux compositeurs qui sont \u00e0 l\u2019origine de bon nombre de m\u00e9lodies connues partout dans le monde, j\u2019ai trouv\u00e9 que c\u2019\u00e9tait une belle fa\u00e7on pour moi de conclure mes ann\u00e9es \u00e0 l\u2019IMEP en arrangeant le premier morceau \u00ab\u00a0jazz\u00a0\u00bb que j\u2019ai appris \u00e0 la guitare.\u00a0\u00bb Charles<\/p>\n<p><strong>Crazy \u2013 Gnarls Barkley<\/strong>\u00a0: Composition\u00a0: Danger Mouse, Auteurs :\u00a0Brian Burton,\u00a0Thomas Callaway, Gian Franco Reverberi, arrangement et direction\u00a0Matthias Lauriot-Pr\u00e9vost<\/p>\n<p>&#8220;Crazy, un gros tube radio pour conclure cinq ann\u00e9es de Jazz \u00e0 haute dose, logique non ? Au-del\u00e0 de mon d\u00e9sir de conclure ce cursus en essayant de faire rejoindre les deux facettes qui m&#8217;int\u00e9ressent dans la musique : la recherche d&#8217;une richesse musicale plus exigeante et le plaisir spontan\u00e9 qu&#8217;on peut ressentir en l&#8217;entendant, c&#8217;\u00e9tait aussi un petit clin d&#8217;oeil \u00e0 la vie sur laquelle on s&#8217;engage. Il faut \u00eatre un peu fou pour d\u00e9cider d&#8217;\u00eatre musicien, \u00e0 moins que ce choix s&#8217;impose de lui-m\u00eame&#8230;&#8221; Matthias<\/p>\n<p><strong>Don&#8217;t stop till you get enough\u00a0:<\/strong> Musique de Michael Jackson, Arrang\u00e9 et dirig\u00e9 par Virgile Dailcroix<\/p>\n<p>\u00ab\u00a0Quand \u201cDon\u2019t Stop \u2019Til You Get Enough\u201d de l\u2019album \u201cOff the Wall\u201d est realis\u00e9 en 1979, Michael Jackson avait d\u00e9j\u00e0 sorti 4 albums studio mais celui-ci \u00e9tait diff\u00e9rent. Effectivement c&#8217;est la premi\u00e8re fois que Michael Jackson est compl\u00e8tement libre d&#8217;\u00e9crire et de faire ce qu&#8217;il veut. En plus de cela, Jackson remporte son premier Grammy Award avec cette chanson. C\u2019est un plaisir pour moi de terminer l\u2019IMEP avec le morceau qui fut le premier grand hit de sa carri\u00e8re musicale. Toute cette libert\u00e9 que j&#8217;avais entre les mains pour r\u00e9aliser cet arrangement, comme Michael l\u2019avait sur ce morceau, m\u2019a apport\u00e9 un r\u00e9el boost pour commencer mon propre chapitre hors de l\u2019\u00e9cole. Je ne vais pas arr\u00eater jusqu&#8217;\u00e0 ce que j\u2019en ai assez et je crois que personne ne devrait.\u00a0\u00bb Virgile<\/p>\n<p><strong>River People\u00a0:<\/strong> Composition Jaco Pastorius, Arrang\u00e9 et dirig\u00e9 par\u00a0Arthur Alfoc\u00e9a<\/p>\n<p>\u00ab\u00a0J&#8217;ai souhait\u00e9 c\u00e9l\u00e9brer la fin de ces cinq ann\u00e9es d&#8217;\u00e9tudes en vous proposant et m&#8217;imposant un arrangement qui puisse f\u00e9d\u00e9rer mes exp\u00e9riences acad\u00e9miques avec mes fantasmes esth\u00e9tiques. Un point d&#8217;ancrage entre ce que je voulais savoir et ce que je veux faire.\u00a0C&#8217;est \u00e0 ma grande stup\u00e9faction que j&#8217;ai donc choisi un morceau d&#8217;un groupe que je ne supporte pas (mais peut-\u00eatre sont-ce les sir\u00e8nes de Zawinul qui n&#8217;ont pas d&#8217;effet sur mon \u00e2me odyss\u00e9enne ?) comme base pour fa\u00e7onner cette musique que j&#8217;aimerais entendre, et que j&#8217;esp\u00e8re vous aimerez \u00e9couter. Peut-\u00eatre aurez vous peur, peut-\u00eatre serez vous surpris, ou \u00e9pris d&#8217;un amour inconditionnel pour vos voisin(e)s audi-teurs\/-trices, mais ne vous en faites pas, je suis l\u00e0. Et quel meilleur choix que Bulletin M\u00e9t\u00e9o pour f\u00eater l&#8217;\u00e9t\u00e9 naissant ?\u00a0\u00bb Arthur<\/p>\n<p style=\"text-align: center;\"><strong>2\u00e8me set<\/strong><\/p>\n<p><strong>Vieille Canaille\u00a0:<\/strong> Paroles de Serge Gainsbourg sur une musique de Clarence Williams, arrang\u00e9 par Pascal Thouvenin et dirig\u00e9 par Matthias Lauriot-Pr\u00e9vost. Un titre tonique qui ne manque pas de piquant et d&#8217;humour, chant\u00e9 par Emilie Forbin.<\/p>\n<p><strong>39 Sol Str\u00a0:<\/strong> Composition, arrangement et direction\u00a0Dmitriy Budayev<\/p>\n<p>\u00abJ&#8217;\u00e9tais tr\u00e8s excit\u00e9 quand j&#8217;ai appris qu&#8217;\u00e0 la fin de notre parcours \u00e0 l&#8217;IMEP, nous aurions l&#8217;occasion de pr\u00e9senter publiquement un vrai projet, jou\u00e9 par des musiciens exceptionnels. J\u2019ai souhait\u00e9 utiliser cette chance aussi pleinement que possible. J&#8217;ai donc d\u00e9cid\u00e9 de composer et d&#8217;arranger un morceau de musique qui serait plus important pour moi que n&#8217;importe quel standard de jazz. En pensant \u00e0 un endroit o\u00f9 j\u2019ai grandi, et en appliquant les connaissances que j&#8217;ai acquises pendant mes \u00e9tudes \u00e0 l&#8217;IMEP, j&#8217;ai essay\u00e9 d&#8217;exprimer mon ressenti en tournant la derni\u00e8re page de ce chapitre tr\u00e8s important de ma vie \u00bb. Dmitriy<\/p>\n<p><strong>La La Land\u00a0:<\/strong> Musique de\u00a0Justin Hurwitz, Arrang\u00e9 et dirig\u00e9 par Ugo Marcuzzi<\/p>\n<p>&#8220;Passionn\u00e9 non seulement par la musique mais \u00e9galement par le cin\u00e9ma, j\u2019ai choisi d\u2019arranger quelques morceaux embl\u00e9matiques extraits de la bande originale du film La La Land &#8211; oscaris\u00e9 en 2017 &#8211; pour en faire un medley plut\u00f4t \u00e9clectique, au sein duquel se trouvent m\u00eal\u00e9s chanson, valse et jazz instrumental.&#8221; Ugo<\/p>\n<p><strong>I&#8217;m too busy for a kiss darling\u00a0:<\/strong> Composition, arrangement et direction\u00a0; Emilie Forbin<\/p>\n<p>\u00ab\u00a0Cette composition m\u2019a \u00e9t\u00e9 inspir\u00e9e directement par une phrase prononc\u00e9e par un de mes chers professeurs! Et j\u2019ai trouv\u00e9 que cela sonnait comme le titre d\u2019un standard, et les standards de jazz je les adore et je les chante avec toujours beaucoup de plaisir! Ce projet est un hommage qui me tient \u00e0 c\u0153ur et vient couronner 7 ann\u00e9es g\u00e9niales pass\u00e9es \u00e0 L\u2019IMEP!\u00a0\u00bb Emilie<\/p>\n<p><strong>Anikulapo&#8217;s theme\u00a0:<\/strong> Musique de Fela Kuti, arrang\u00e9 et dirig\u00e9 par Valentin Delbrel<\/p>\n<p>&#8220;Fela Anikulapo Kuti est un saxophoniste, chanteur, chef d&#8217;orchestre et homme politique Nig\u00e9rian, consid\u00e9r\u00e9 aujourd&#8217;hui comme l&#8217;un des p\u00e8res fondateurs de l&#8217;Afrobeat, fusions des \u00e9l\u00e9ments Afro-Am\u00e9ricains du Funk et du Jazz, de la musique d&#8217;Afrique occidentale et de rythmes traditionnels du Niger.\u00a0Ce soir, je vous propose un \u00e9chantillon de sa musique, toujours sous le signe de la danse. Une bonne mani\u00e8re de conclure ces ann\u00e9es \u00e0 l&#8217;IMEP de fa\u00e7on festive ! Tout type de manifestation corporelle sera tol\u00e9r\u00e9 et m\u00eame encourag\u00e9\u00a0! &#8221; Valentin<\/p>\n<p><strong>Let&#8217;s go to work\u2013 Rise up\u00a0:<\/strong> Musique\u00a0: Electro Deluxe Arrang\u00e9 et dirig\u00e9 par Jordan Caron<\/p>\n<p>\u00ab\u00a0Comment mieux terminer une ann\u00e9e? En achever cinq par exemple! Tout \u00e7a en musique, et avec les potes sur sc\u00e8ne; j\u2019adore. Et pour immortaliser cet instant, je ne serai pas derri\u00e8re ma batterie. Je vais diriger pour vous un medley d\u2019Electro Deluxe. Une touche de sensualit\u00e9, et une couche de groove; \u00e7a donne envie.. Mesdames, Messieurs coupez les sonotones, et \u00ab Let\u2019s go to work &#8211; Rise up! \u00bb Jordan<\/p>\n<p><strong>Let Love Rule\u00a0:<\/strong> Musique de Lenny Kravitz, Arrang\u00e9 et dirig\u00e9 par Vincent Lanvier<\/p>\n<p>\u00ab\u00a0Lenny kravitz est un artiste que j&#8217;ai toujours beaucoup appr\u00e9ci\u00e9 et qui m&#8217;a suivi tout au long de mon parcours musical . Le morceau que j&#8217;ai choisi &#8221; Let Love Rule &#8221; avait des dynamiques tr\u00e8s compatibles avec l&#8217;\u00e9nergie que produit un big band et le m\u00e9tissage entre deux styles ( jazz et rock ) est une entreprise tr\u00e8s excitante du point de vue de l&#8217;\u00e9criture et du jeu.\u00a0\u00bb Vincent<\/p>\n<p><strong>Direction artistique et musicale\u00a0:<\/strong> <em>Manuel Rocheman, Sylvain Bellegarde, Fran\u00e7ois Fichu, Phil Hilfiker<\/em><\/p>\n<p style=\"text-align: center;\">__________________________________<\/p>\n<p><strong>Studio de l&#8217;Ermitage, 8 rue de l&#8217;Ermitage 75020 Paris<\/strong><\/p>\n<p><strong>Doors open at 7:30pm<\/strong>, <strong>Concert at 8pm.<\/strong><br \/><strong>Tarif<\/strong>\u00a0: 15\u20ac, <strong>Tarif r\u00e9duit<\/strong>\u00a0: 11\u20ac, \u00a0<strong>Special rate IMEP student :<\/strong>\u00a0<span style=\"text-decoration: underline;\">Enter the\u00a0code IMEP2018<\/span>\u00a0(your valid \u00a0IMEP student card will be required at the entrance).<\/p>\n<p><strong>Booking : <a href=\"https:\/\/www.weezevent.com\/big-band-imep-et-ensembles\" target=\"_blank\" rel=\"noopener\">https:\/\/www.weezevent.com\/big-band-imep-et-ensembles<\/a><\/strong><\/p>\n<p><em>(Proof corresponding to the reductions obtained will be requested at the entrance, failing which the difference of tariff will be exigible. thank you for your understanding)<\/em><\/p>\n<p>[\/et_pb_text][\/et_pb_column][\/et_pb_row][\/et_pb_section]<\/p>\n","protected":false},"excerpt":{"rendered":"<p>[et_pb_section bb_built=&#8221;1&#8243;][et_pb_row][et_pb_column type=&#8221;4_4&#8243;][et_pb_text _builder_version=&#8221;3.3.1&#8243;] Year-end concert special arrangers \u00a0with the IMEP big band, Sunday, June 3, 2018, at the Studio de l&#8217;Ermitage, 8pm Book your place here Special rate IMEP [&hellip;]<\/p>\n","protected":false},"author":5,"featured_media":5926,"comment_status":"open","ping_status":"open","sticky":false,"template":"","format":"standard","meta":{"_et_pb_use_builder":"","_et_pb_old_content":"","_et_gb_content_width":"","footnotes":""},"categories":[18,13,17],"tags":[],"dipi_cpt_category":[],"class_list":["post-5930","post","type-post","status-publish","format-standard","has-post-thumbnail","hentry","category-agenda-en","category-concerts","category-actus-en"],"yoast_head":"<!-- This site is optimized with the Yoast SEO plugin v27.4 - https:\/\/yoast.com\/product\/yoast-seo-wordpress\/ -->\n<title>Concert Big Band et ensembles - IMEP<\/title>\n<meta name=\"description\" content=\"Year end concert &quot;sp\u00e9cial arrangers&quot; with the IMEP big band, Studio de l&#039;Ermitage at 8pm. Graduate students present their arrangements. 1st part : two ensembles of our professionnal program.\" \/>\n<meta name=\"robots\" content=\"index, follow, max-snippet:-1, max-image-preview:large, max-video-preview:-1\" \/>\n<link rel=\"canonical\" href=\"https:\/\/www.imep.pro\/en\/concert-big-band-et-ensembles\/\" \/>\n<meta property=\"og:locale\" content=\"en_US\" \/>\n<meta property=\"og:type\" content=\"article\" \/>\n<meta property=\"og:title\" content=\"Concert Big Band et ensembles - IMEP\" \/>\n<meta property=\"og:description\" content=\"Year end concert &quot;sp\u00e9cial arrangers&quot; with the IMEP big band, Studio de l&#039;Ermitage at 8pm. Graduate students present their arrangements. 1st part : two ensembles of our professionnal program.\" \/>\n<meta property=\"og:url\" content=\"https:\/\/www.imep.pro\/en\/concert-big-band-et-ensembles\/\" \/>\n<meta property=\"og:site_name\" content=\"IMEP\" \/>\n<meta property=\"article:publisher\" content=\"http:\/\/www.facebook.com\/imep.pro\" \/>\n<meta property=\"article:author\" content=\"https:\/\/www.facebook.com\/monartagency\/\" \/>\n<meta property=\"article:published_time\" content=\"2018-05-29T19:42:20+00:00\" \/>\n<meta property=\"article:modified_time\" content=\"2018-05-31T07:10:01+00:00\" \/>\n<meta property=\"og:image\" content=\"https:\/\/www.imep.pro\/wordpress\/wp-content\/uploads\/2018\/05\/Affiche-concert-BB-ensembles-du-3-juin-2018.jpg\" \/>\n\t<meta property=\"og:image:width\" content=\"4000\" \/>\n\t<meta property=\"og:image:height\" content=\"2667\" \/>\n\t<meta property=\"og:image:type\" content=\"image\/jpeg\" \/>\n<meta name=\"author\" content=\"Monart Agency\" \/>\n<meta name=\"twitter:card\" content=\"summary_large_image\" \/>\n<meta name=\"twitter:creator\" content=\"@monartagency\" \/>\n<meta name=\"twitter:site\" content=\"@imep_pro\" \/>\n<meta name=\"twitter:label1\" content=\"Written by\" \/>\n\t<meta name=\"twitter:data1\" content=\"Monart Agency\" \/>\n\t<meta name=\"twitter:label2\" content=\"Est. reading time\" \/>\n\t<meta name=\"twitter:data2\" content=\"8 minutes\" \/>\n<script type=\"application\/ld+json\" class=\"yoast-schema-graph\">{\"@context\":\"https:\\\/\\\/schema.org\",\"@graph\":[{\"@type\":\"Article\",\"@id\":\"https:\\\/\\\/www.imep.pro\\\/en\\\/concert-big-band-et-ensembles\\\/#article\",\"isPartOf\":{\"@id\":\"https:\\\/\\\/www.imep.pro\\\/en\\\/concert-big-band-et-ensembles\\\/\"},\"author\":{\"name\":\"Monart Agency\",\"@id\":\"https:\\\/\\\/www.imep.pro\\\/#\\\/schema\\\/person\\\/47604aeec7b3f95425adb978491a0bcb\"},\"headline\":\"Concert Big Band et ensembles\",\"datePublished\":\"2018-05-29T19:42:20+00:00\",\"dateModified\":\"2018-05-31T07:10:01+00:00\",\"mainEntityOfPage\":{\"@id\":\"https:\\\/\\\/www.imep.pro\\\/en\\\/concert-big-band-et-ensembles\\\/\"},\"wordCount\":1711,\"commentCount\":0,\"publisher\":{\"@id\":\"https:\\\/\\\/www.imep.pro\\\/#organization\"},\"image\":{\"@id\":\"https:\\\/\\\/www.imep.pro\\\/en\\\/concert-big-band-et-ensembles\\\/#primaryimage\"},\"thumbnailUrl\":\"https:\\\/\\\/www.imep.pro\\\/wordpress\\\/wp-content\\\/uploads\\\/2018\\\/05\\\/Affiche-concert-BB-ensembles-du-3-juin-2018.jpg\",\"articleSection\":[\"Agenda\",\"Concerts\",\"News\"],\"inLanguage\":\"en-US\",\"potentialAction\":[{\"@type\":\"CommentAction\",\"name\":\"Comment\",\"target\":[\"https:\\\/\\\/www.imep.pro\\\/en\\\/concert-big-band-et-ensembles\\\/#respond\"]}]},{\"@type\":\"WebPage\",\"@id\":\"https:\\\/\\\/www.imep.pro\\\/en\\\/concert-big-band-et-ensembles\\\/\",\"url\":\"https:\\\/\\\/www.imep.pro\\\/en\\\/concert-big-band-et-ensembles\\\/\",\"name\":\"Concert Big Band et ensembles - IMEP\",\"isPartOf\":{\"@id\":\"https:\\\/\\\/www.imep.pro\\\/#website\"},\"primaryImageOfPage\":{\"@id\":\"https:\\\/\\\/www.imep.pro\\\/en\\\/concert-big-band-et-ensembles\\\/#primaryimage\"},\"image\":{\"@id\":\"https:\\\/\\\/www.imep.pro\\\/en\\\/concert-big-band-et-ensembles\\\/#primaryimage\"},\"thumbnailUrl\":\"https:\\\/\\\/www.imep.pro\\\/wordpress\\\/wp-content\\\/uploads\\\/2018\\\/05\\\/Affiche-concert-BB-ensembles-du-3-juin-2018.jpg\",\"datePublished\":\"2018-05-29T19:42:20+00:00\",\"dateModified\":\"2018-05-31T07:10:01+00:00\",\"description\":\"Year end concert \\\"sp\u00e9cial arrangers\\\" with the IMEP big band, Studio de l'Ermitage at 8pm. Graduate students present their arrangements. 1st part : two ensembles of our professionnal program.\",\"breadcrumb\":{\"@id\":\"https:\\\/\\\/www.imep.pro\\\/en\\\/concert-big-band-et-ensembles\\\/#breadcrumb\"},\"inLanguage\":\"en-US\",\"potentialAction\":[{\"@type\":\"ReadAction\",\"target\":[\"https:\\\/\\\/www.imep.pro\\\/en\\\/concert-big-band-et-ensembles\\\/\"]}]},{\"@type\":\"ImageObject\",\"inLanguage\":\"en-US\",\"@id\":\"https:\\\/\\\/www.imep.pro\\\/en\\\/concert-big-band-et-ensembles\\\/#primaryimage\",\"url\":\"https:\\\/\\\/www.imep.pro\\\/wordpress\\\/wp-content\\\/uploads\\\/2018\\\/05\\\/Affiche-concert-BB-ensembles-du-3-juin-2018.jpg\",\"contentUrl\":\"https:\\\/\\\/www.imep.pro\\\/wordpress\\\/wp-content\\\/uploads\\\/2018\\\/05\\\/Affiche-concert-BB-ensembles-du-3-juin-2018.jpg\",\"width\":4000,\"height\":2667,\"caption\":\"Affiche concert BB ensembles du 3 juin 2018\"},{\"@type\":\"BreadcrumbList\",\"@id\":\"https:\\\/\\\/www.imep.pro\\\/en\\\/concert-big-band-et-ensembles\\\/#breadcrumb\",\"itemListElement\":[{\"@type\":\"ListItem\",\"position\":1,\"name\":\"Accueil\",\"item\":\"https:\\\/\\\/www.imep.pro\\\/en\\\/music-school-paris\\\/\"},{\"@type\":\"ListItem\",\"position\":2,\"name\":\"Agenda\",\"item\":\"https:\\\/\\\/www.imep.pro\\\/en\\\/category\\\/agenda-en\\\/\"},{\"@type\":\"ListItem\",\"position\":3,\"name\":\"Concert Big Band et ensembles\"}]},{\"@type\":\"WebSite\",\"@id\":\"https:\\\/\\\/www.imep.pro\\\/#website\",\"url\":\"https:\\\/\\\/www.imep.pro\\\/\",\"name\":\"IMEP\",\"description\":\"\u266a Paris College of music \u266a\",\"publisher\":{\"@id\":\"https:\\\/\\\/www.imep.pro\\\/#organization\"},\"potentialAction\":[{\"@type\":\"SearchAction\",\"target\":{\"@type\":\"EntryPoint\",\"urlTemplate\":\"https:\\\/\\\/www.imep.pro\\\/?s={search_term_string}\"},\"query-input\":{\"@type\":\"PropertyValueSpecification\",\"valueRequired\":true,\"valueName\":\"search_term_string\"}}],\"inLanguage\":\"en-US\"},{\"@type\":\"Organization\",\"@id\":\"https:\\\/\\\/www.imep.pro\\\/#organization\",\"name\":\"IMEP Paris College of Music\",\"url\":\"https:\\\/\\\/www.imep.pro\\\/\",\"logo\":{\"@type\":\"ImageObject\",\"inLanguage\":\"en-US\",\"@id\":\"https:\\\/\\\/www.imep.pro\\\/#\\\/schema\\\/logo\\\/image\\\/\",\"url\":\"https:\\\/\\\/www.imep.pro\\\/wordpress\\\/wp-content\\\/uploads\\\/2016\\\/02\\\/cropped-imep_logo_original-favicon.png\",\"contentUrl\":\"https:\\\/\\\/www.imep.pro\\\/wordpress\\\/wp-content\\\/uploads\\\/2016\\\/02\\\/cropped-imep_logo_original-favicon.png\",\"width\":512,\"height\":512,\"caption\":\"IMEP Paris College of Music\"},\"image\":{\"@id\":\"https:\\\/\\\/www.imep.pro\\\/#\\\/schema\\\/logo\\\/image\\\/\"},\"sameAs\":[\"http:\\\/\\\/www.facebook.com\\\/imep.pro\",\"https:\\\/\\\/x.com\\\/imep_pro\",\"https:\\\/\\\/www.instagram.com\\\/imepparis\\\/\",\"https:\\\/\\\/www.linkedin.com\\\/company\\\/imep-paris-college-of-music\\\/\",\"https:\\\/\\\/www.youtube.com\\\/user\\\/imusicparis\"]},{\"@type\":\"Person\",\"@id\":\"https:\\\/\\\/www.imep.pro\\\/#\\\/schema\\\/person\\\/47604aeec7b3f95425adb978491a0bcb\",\"name\":\"Monart Agency\",\"image\":{\"@type\":\"ImageObject\",\"inLanguage\":\"en-US\",\"@id\":\"https:\\\/\\\/secure.gravatar.com\\\/avatar\\\/e140a68304568537b5ef59a50a21e9d951951179ecfb5a88c0fdfbb9131182cd?s=96&d=mm&r=g\",\"url\":\"https:\\\/\\\/secure.gravatar.com\\\/avatar\\\/e140a68304568537b5ef59a50a21e9d951951179ecfb5a88c0fdfbb9131182cd?s=96&d=mm&r=g\",\"contentUrl\":\"https:\\\/\\\/secure.gravatar.com\\\/avatar\\\/e140a68304568537b5ef59a50a21e9d951951179ecfb5a88c0fdfbb9131182cd?s=96&d=mm&r=g\",\"caption\":\"Monart Agency\"},\"description\":\"Monart est une agence sp\u00e9cialis\u00e9e en communication musicale, pour des professionnels de la musique, \u00e0 la recherche de ce qui se fait de mieux dans le milieu artistique et musical du jazz, de la musique contemporaine et de la musique du monde et ce, dans le monde entier.\",\"sameAs\":[\"https:\\\/\\\/www.monartagency.com\\\/agence-communication-musicale\",\"https:\\\/\\\/www.facebook.com\\\/monartagency\\\/\",\"https:\\\/\\\/www.instagram.com\\\/monartagency\\\/\",\"https:\\\/\\\/www.linkedin.com\\\/company\\\/monart-agency\",\"https:\\\/\\\/x.com\\\/monartagency\",\"https:\\\/\\\/www.youtube.com\\\/channel\\\/UC9H-2xb6TtKzqVT3XY-lcXw\",\"https:\\\/\\\/soundcloud.com\\\/user-617326834\"],\"url\":\"https:\\\/\\\/www.imep.pro\\\/en\\\/author\\\/gustavo\\\/\"}]}<\/script>\n<!-- \/ Yoast SEO plugin. -->","yoast_head_json":{"title":"Concert Big Band et ensembles - IMEP","description":"Year end concert \"sp\u00e9cial arrangers\" with the IMEP big band, Studio de l'Ermitage at 8pm. Graduate students present their arrangements. 1st part : two ensembles of our professionnal program.","robots":{"index":"index","follow":"follow","max-snippet":"max-snippet:-1","max-image-preview":"max-image-preview:large","max-video-preview":"max-video-preview:-1"},"canonical":"https:\/\/www.imep.pro\/en\/concert-big-band-et-ensembles\/","og_locale":"en_US","og_type":"article","og_title":"Concert Big Band et ensembles - IMEP","og_description":"Year end concert \"sp\u00e9cial arrangers\" with the IMEP big band, Studio de l'Ermitage at 8pm. Graduate students present their arrangements. 1st part : two ensembles of our professionnal program.","og_url":"https:\/\/www.imep.pro\/en\/concert-big-band-et-ensembles\/","og_site_name":"IMEP","article_publisher":"http:\/\/www.facebook.com\/imep.pro","article_author":"https:\/\/www.facebook.com\/monartagency\/","article_published_time":"2018-05-29T19:42:20+00:00","article_modified_time":"2018-05-31T07:10:01+00:00","og_image":[{"width":4000,"height":2667,"url":"https:\/\/www.imep.pro\/wordpress\/wp-content\/uploads\/2018\/05\/Affiche-concert-BB-ensembles-du-3-juin-2018.jpg","type":"image\/jpeg"}],"author":"Monart Agency","twitter_card":"summary_large_image","twitter_creator":"@monartagency","twitter_site":"@imep_pro","twitter_misc":{"Written by":"Monart Agency","Est. reading time":"8 minutes"},"schema":{"@context":"https:\/\/schema.org","@graph":[{"@type":"Article","@id":"https:\/\/www.imep.pro\/en\/concert-big-band-et-ensembles\/#article","isPartOf":{"@id":"https:\/\/www.imep.pro\/en\/concert-big-band-et-ensembles\/"},"author":{"name":"Monart Agency","@id":"https:\/\/www.imep.pro\/#\/schema\/person\/47604aeec7b3f95425adb978491a0bcb"},"headline":"Concert Big Band et ensembles","datePublished":"2018-05-29T19:42:20+00:00","dateModified":"2018-05-31T07:10:01+00:00","mainEntityOfPage":{"@id":"https:\/\/www.imep.pro\/en\/concert-big-band-et-ensembles\/"},"wordCount":1711,"commentCount":0,"publisher":{"@id":"https:\/\/www.imep.pro\/#organization"},"image":{"@id":"https:\/\/www.imep.pro\/en\/concert-big-band-et-ensembles\/#primaryimage"},"thumbnailUrl":"https:\/\/www.imep.pro\/wordpress\/wp-content\/uploads\/2018\/05\/Affiche-concert-BB-ensembles-du-3-juin-2018.jpg","articleSection":["Agenda","Concerts","News"],"inLanguage":"en-US","potentialAction":[{"@type":"CommentAction","name":"Comment","target":["https:\/\/www.imep.pro\/en\/concert-big-band-et-ensembles\/#respond"]}]},{"@type":"WebPage","@id":"https:\/\/www.imep.pro\/en\/concert-big-band-et-ensembles\/","url":"https:\/\/www.imep.pro\/en\/concert-big-band-et-ensembles\/","name":"Concert Big Band et ensembles - IMEP","isPartOf":{"@id":"https:\/\/www.imep.pro\/#website"},"primaryImageOfPage":{"@id":"https:\/\/www.imep.pro\/en\/concert-big-band-et-ensembles\/#primaryimage"},"image":{"@id":"https:\/\/www.imep.pro\/en\/concert-big-band-et-ensembles\/#primaryimage"},"thumbnailUrl":"https:\/\/www.imep.pro\/wordpress\/wp-content\/uploads\/2018\/05\/Affiche-concert-BB-ensembles-du-3-juin-2018.jpg","datePublished":"2018-05-29T19:42:20+00:00","dateModified":"2018-05-31T07:10:01+00:00","description":"Year end concert \"sp\u00e9cial arrangers\" with the IMEP big band, Studio de l'Ermitage at 8pm. Graduate students present their arrangements. 1st part : two ensembles of our professionnal program.","breadcrumb":{"@id":"https:\/\/www.imep.pro\/en\/concert-big-band-et-ensembles\/#breadcrumb"},"inLanguage":"en-US","potentialAction":[{"@type":"ReadAction","target":["https:\/\/www.imep.pro\/en\/concert-big-band-et-ensembles\/"]}]},{"@type":"ImageObject","inLanguage":"en-US","@id":"https:\/\/www.imep.pro\/en\/concert-big-band-et-ensembles\/#primaryimage","url":"https:\/\/www.imep.pro\/wordpress\/wp-content\/uploads\/2018\/05\/Affiche-concert-BB-ensembles-du-3-juin-2018.jpg","contentUrl":"https:\/\/www.imep.pro\/wordpress\/wp-content\/uploads\/2018\/05\/Affiche-concert-BB-ensembles-du-3-juin-2018.jpg","width":4000,"height":2667,"caption":"Affiche concert BB ensembles du 3 juin 2018"},{"@type":"BreadcrumbList","@id":"https:\/\/www.imep.pro\/en\/concert-big-band-et-ensembles\/#breadcrumb","itemListElement":[{"@type":"ListItem","position":1,"name":"Accueil","item":"https:\/\/www.imep.pro\/en\/music-school-paris\/"},{"@type":"ListItem","position":2,"name":"Agenda","item":"https:\/\/www.imep.pro\/en\/category\/agenda-en\/"},{"@type":"ListItem","position":3,"name":"Concert Big Band et ensembles"}]},{"@type":"WebSite","@id":"https:\/\/www.imep.pro\/#website","url":"https:\/\/www.imep.pro\/","name":"IMEP","description":"\u266a Paris College of music \u266a","publisher":{"@id":"https:\/\/www.imep.pro\/#organization"},"potentialAction":[{"@type":"SearchAction","target":{"@type":"EntryPoint","urlTemplate":"https:\/\/www.imep.pro\/?s={search_term_string}"},"query-input":{"@type":"PropertyValueSpecification","valueRequired":true,"valueName":"search_term_string"}}],"inLanguage":"en-US"},{"@type":"Organization","@id":"https:\/\/www.imep.pro\/#organization","name":"IMEP Paris College of Music","url":"https:\/\/www.imep.pro\/","logo":{"@type":"ImageObject","inLanguage":"en-US","@id":"https:\/\/www.imep.pro\/#\/schema\/logo\/image\/","url":"https:\/\/www.imep.pro\/wordpress\/wp-content\/uploads\/2016\/02\/cropped-imep_logo_original-favicon.png","contentUrl":"https:\/\/www.imep.pro\/wordpress\/wp-content\/uploads\/2016\/02\/cropped-imep_logo_original-favicon.png","width":512,"height":512,"caption":"IMEP Paris College of Music"},"image":{"@id":"https:\/\/www.imep.pro\/#\/schema\/logo\/image\/"},"sameAs":["http:\/\/www.facebook.com\/imep.pro","https:\/\/x.com\/imep_pro","https:\/\/www.instagram.com\/imepparis\/","https:\/\/www.linkedin.com\/company\/imep-paris-college-of-music\/","https:\/\/www.youtube.com\/user\/imusicparis"]},{"@type":"Person","@id":"https:\/\/www.imep.pro\/#\/schema\/person\/47604aeec7b3f95425adb978491a0bcb","name":"Monart Agency","image":{"@type":"ImageObject","inLanguage":"en-US","@id":"https:\/\/secure.gravatar.com\/avatar\/e140a68304568537b5ef59a50a21e9d951951179ecfb5a88c0fdfbb9131182cd?s=96&d=mm&r=g","url":"https:\/\/secure.gravatar.com\/avatar\/e140a68304568537b5ef59a50a21e9d951951179ecfb5a88c0fdfbb9131182cd?s=96&d=mm&r=g","contentUrl":"https:\/\/secure.gravatar.com\/avatar\/e140a68304568537b5ef59a50a21e9d951951179ecfb5a88c0fdfbb9131182cd?s=96&d=mm&r=g","caption":"Monart Agency"},"description":"Monart est une agence sp\u00e9cialis\u00e9e en communication musicale, pour des professionnels de la musique, \u00e0 la recherche de ce qui se fait de mieux dans le milieu artistique et musical du jazz, de la musique contemporaine et de la musique du monde et ce, dans le monde entier.","sameAs":["https:\/\/www.monartagency.com\/agence-communication-musicale","https:\/\/www.facebook.com\/monartagency\/","https:\/\/www.instagram.com\/monartagency\/","https:\/\/www.linkedin.com\/company\/monart-agency","https:\/\/x.com\/monartagency","https:\/\/www.youtube.com\/channel\/UC9H-2xb6TtKzqVT3XY-lcXw","https:\/\/soundcloud.com\/user-617326834"],"url":"https:\/\/www.imep.pro\/en\/author\/gustavo\/"}]}},"_links":{"self":[{"href":"https:\/\/www.imep.pro\/en\/wp-json\/wp\/v2\/posts\/5930","targetHints":{"allow":["GET"]}}],"collection":[{"href":"https:\/\/www.imep.pro\/en\/wp-json\/wp\/v2\/posts"}],"about":[{"href":"https:\/\/www.imep.pro\/en\/wp-json\/wp\/v2\/types\/post"}],"author":[{"embeddable":true,"href":"https:\/\/www.imep.pro\/en\/wp-json\/wp\/v2\/users\/5"}],"replies":[{"embeddable":true,"href":"https:\/\/www.imep.pro\/en\/wp-json\/wp\/v2\/comments?post=5930"}],"version-history":[{"count":0,"href":"https:\/\/www.imep.pro\/en\/wp-json\/wp\/v2\/posts\/5930\/revisions"}],"wp:featuredmedia":[{"embeddable":true,"href":"https:\/\/www.imep.pro\/en\/wp-json\/wp\/v2\/media\/5926"}],"wp:attachment":[{"href":"https:\/\/www.imep.pro\/en\/wp-json\/wp\/v2\/media?parent=5930"}],"wp:term":[{"taxonomy":"category","embeddable":true,"href":"https:\/\/www.imep.pro\/en\/wp-json\/wp\/v2\/categories?post=5930"},{"taxonomy":"post_tag","embeddable":true,"href":"https:\/\/www.imep.pro\/en\/wp-json\/wp\/v2\/tags?post=5930"},{"taxonomy":"dipi_cpt_category","embeddable":true,"href":"https:\/\/www.imep.pro\/en\/wp-json\/wp\/v2\/dipi_cpt_category?post=5930"}],"curies":[{"name":"wp","href":"https:\/\/api.w.org\/{rel}","templated":true}]}}