{"id":4284,"date":"2017-05-01T08:24:07","date_gmt":"2017-05-01T07:24:07","guid":{"rendered":"http:\/\/www.imep.pro\/bourse-detudes-integrale-pour-jemina-brechoire\/"},"modified":"2017-07-06T06:41:42","modified_gmt":"2017-07-06T05:41:42","slug":"bourse-detudes-integrale-pour-jemina-brechoire","status":"publish","type":"post","link":"https:\/\/www.imep.pro\/en\/bourse-detudes-integrale-pour-jemina-brechoire\/","title":{"rendered":"J\u00e9mina Br\u00e9choire is awarded \u00ab\u00a0Presidential Scholarship\u00a0\u00bb from Berklee College of Music"},"content":{"rendered":"<p>[et_pb_section bb_built=&#8221;1&#8243; admin_label=&#8221;section&#8221;][et_pb_row admin_label=&#8221;row&#8221; background_position=&#8221;top_left&#8221; background_repeat=&#8221;repeat&#8221; background_size=&#8221;initial&#8221;][et_pb_column type=&#8221;4_4&#8243;][et_pb_text background_position=&#8221;top_left&#8221; background_repeat=&#8221;repeat&#8221; background_size=&#8221;initial&#8221;]<\/p>\n<h2 class=\"sous-section\">IMEP \u2022 Paris College of Music student J\u00e9mina Br\u00e9choire is awarded highly prestigious \u00ab\u00a0Presidential Scholarship\u00a0\u00bb from Berklee College of Music in Boston\/USA.<\/h2>\n<p>It is with great pleasure and pride that we are able to announce that yet another one of our students has been chosen as a recipient of a full scholarship to continue her studies at Berklee College of Music in Boston.<br \/>\nAfter participating in the Berklee auditions &amp; interviews that were held at Paris College of Music this past january, pianists and vocalist J\u00e9mina Br\u00e9choire, from Marciac\/France, has been awarded the exclusive Presidential Scholarship, allowing her to pursue her studies in music at the world-renowned Berklee College of Music in Boston\/USA starting this upcoming fall.<\/p>\n<p>[\/et_pb_text][\/et_pb_column][\/et_pb_row][et_pb_row background_position=&#8221;top_left&#8221; background_repeat=&#8221;repeat&#8221; background_size=&#8221;initial&#8221;][et_pb_column type=&#8221;1_2&#8243;][et_pb_image admin_label=&#8221;J\u00e9mina (portrait)&#8221; src=&#8221;http:\/\/www.imep.pro\/wordpress\/wp-content\/uploads\/2017\/05\/Jemina-Brechoire-IMEP-PCom.jpg&#8221; show_in_lightbox=&#8221;off&#8221; url_new_window=&#8221;off&#8221; use_overlay=&#8221;off&#8221; animation=&#8221;left&#8221; sticky=&#8221;off&#8221; align=&#8221;left&#8221; force_fullwidth=&#8221;off&#8221; always_center_on_mobile=&#8221;on&#8221; use_border_color=&#8221;off&#8221; border_color=&#8221;#ffffff&#8221; border_style=&#8221;solid&#8221; \/][\/et_pb_column][et_pb_column type=&#8221;1_2&#8243;][et_pb_text background_position=&#8221;top_left&#8221; background_repeat=&#8221;repeat&#8221; background_size=&#8221;initial&#8221;]<\/p>\n<p><em><strong>Berklee&#8217;s Presidential Scholarship is awarded to only a handful of students showing exceptional promise worldwide each year, and allows recipients to study for four years at Berklee College of Music without any cost to their families, all tuition, housing, and fees being provided for.\u00a0<\/strong><\/em><\/p>\n<p class=\"\"><em><strong>Only seven candidates worldwide were awarded the prestigious scholarships this year.<\/strong><\/em><\/p>\n<p>&nbsp;<\/p>\n<p>[\/et_pb_text][\/et_pb_column][\/et_pb_row][et_pb_row background_position=&#8221;top_left&#8221; background_repeat=&#8221;repeat&#8221; background_size=&#8221;initial&#8221;][et_pb_column type=&#8221;4_4&#8243;][et_pb_text background_position=&#8221;top_left&#8221; background_repeat=&#8221;repeat&#8221; background_size=&#8221;initial&#8221;]<\/p>\n<p>J\u00e9mina will be joining the ever-growing number of music students who have gone from studying with IMEP \u2022 Paris College of Music faculty to continuing their studies abroad at some of the most-respected music schools in the world, such as <strong>Berklee College of Music, The New School, the Royal Conservatory of The Hague, Los Angeles College of Music<\/strong> (LACM),\u2026 and consequently building international careers for themselves in today&#8217;s music industry.<br \/>\nAmong these former students are guitarist<strong> Lionel Loueke<\/strong>, composer\/guitarist <strong>Edouard Brenneisen<\/strong>, violinists <strong>Antoine Beux <\/strong>and<strong> Gabriel Majou<\/strong>, guitarists <strong>Jonathan Joubert <\/strong>and<strong> Guillaume Estace<\/strong>, composer\/multi-instrumentalist<strong> Charles Humenry, <\/strong>vocalist<strong> Laure Zaehringer, <\/strong>guitarists<strong> Andy Rafiringa <\/strong>and<strong> Fabio Isella, <\/strong>saxophonist<strong> Mathieu Bellon,<\/strong> pianist\/composer <strong>Nicolas de Ferran, <\/strong>flutist<strong> Margot Mayette<\/strong>,\u2026<\/p>\n<p>[\/et_pb_text][\/et_pb_column][\/et_pb_row][et_pb_row admin_label=&#8221;Loueke 2birds&#8221; make_fullwidth=&#8221;off&#8221; use_custom_width=&#8221;off&#8221; width_unit=&#8221;on&#8221; use_custom_gutter=&#8221;off&#8221; allow_player_pause=&#8221;off&#8221; parallax=&#8221;off&#8221; parallax_method=&#8221;on&#8221; make_equal=&#8221;off&#8221; parallax_1=&#8221;off&#8221; parallax_method_1=&#8221;off&#8221; parallax_2=&#8221;off&#8221; parallax_method_2=&#8221;off&#8221; global_module=&#8221;4334&#8243;][et_pb_column type=&#8221;1_2&#8243;][et_pb_image admin_label=&#8221;L Louek\u00e9 4tet Ermitage&#8221; global_parent=&#8221;4334&#8243; src=&#8221;http:\/\/www.imep.pro\/wordpress\/wp-content\/uploads\/2017\/05\/104_DSCF3005.jpg&#8221; \/][\/et_pb_column][et_pb_column type=&#8221;1_2&#8243;][et_pb_image admin_label=&#8221;2birds&#8221; global_parent=&#8221;4334&#8243; src=&#8221;http:\/\/www.imep.pro\/wordpress\/wp-content\/uploads\/2017\/05\/2birds-band.jpg&#8221; \/][\/et_pb_column][\/et_pb_row][et_pb_row background_position=&#8221;top_left&#8221; background_repeat=&#8221;repeat&#8221; background_size=&#8221;initial&#8221;][et_pb_column type=&#8221;1_2&#8243;][et_pb_text background_position=&#8221;top_left&#8221; background_repeat=&#8221;repeat&#8221; background_size=&#8221;initial&#8221;]<\/p>\n<p><span style=\"font-size: medium;\">Guitarist Lionel Loueke performing with IMEP faculty members Rick Margitza, Peter Giron and Tony Saba during this year&#8217;s diploma concert.<\/span><\/p>\n<p>[\/et_pb_text][\/et_pb_column][et_pb_column type=&#8221;1_2&#8243;][et_pb_text background_position=&#8221;top_left&#8221; background_repeat=&#8221;repeat&#8221; background_size=&#8221;initial&#8221;]<\/p>\n<p><span style=\"font-size: medium;\">IMEP Alumni Antoine Beux, Gabriel Majou and Martin Beux during a recent performance for our\u00a0&#8220;Visiting Artists Series&#8221; with their group &#8220;2Birds Band&#8221;.<\/span><\/p>\n<p>[\/et_pb_text][\/et_pb_column][\/et_pb_row][et_pb_row background_position=&#8221;top_left&#8221; background_repeat=&#8221;repeat&#8221; background_size=&#8221;initial&#8221;][et_pb_column type=&#8221;4_4&#8243;][et_pb_text background_position=&#8221;top_left&#8221; background_repeat=&#8221;repeat&#8221; background_size=&#8221;initial&#8221; _builder_version=&#8221;3.0.60&#8243; background_layout=&#8221;light&#8221; text_orientation=&#8221;left&#8221; border_style=&#8221;solid&#8221;]<\/p>\n<p>Growing up in a household where the arts in general have always played an important part in the overall well-being of her family , Jemina chose the piano as her primary means of expression.<br \/>\nAt the age of 11 she is able to immerse herself into music more and more, as she attends middle and high schools in Marciac, home to the international Jazz Festival \u00ab\u00a0Jazz in Marciac\u00a0\u00bb that has been held there for close to 40 years, and has welcomed international artistst ranging from Dizzy Gillespie and Sonny Rollins to Brad Mehldau, Dianne Reeves, and Marcus Miller.<br \/>\nEnrolled at one of the rare high schools in France that provides a jazz option in their program, J\u00e9mina soon discovers the tradition of jazz and scat singing and from that point on makes here voice her second insrument.<br \/>\nHer passion for music and the jazz tradition grows as she attends master-classes and workshops with Wynton Marsalis, Kyle Eastwood, Thelonious Monk Jr., and Shai Maestro, Philip Catherine, among others.<br \/>\nBeing certain of wanting to study music further and pursuing her dream of a career in music, she moves to Paris after graduating from high school and is simultaneously admitted at the Conservatory of Boulogne-Billancourt and at IMEP \u2022 Paris College of Music to pursue her studies in jazz piano and voice in 2015.<br \/>\nWhile studying harmony, arranging, and instrumental performance at IMEP, she begins perfoming with various groups in the greater Paris region. Her studies at Paris College of Music provide her with opportunities to perform in various well-known clubs and concert halls of the French Capital, such as the Studio de l&#8217;Ermitage, the Sunset\/Sunside Jazz Club, and the historical \u00ab\u00a0Bal Blomet\u00a0\u00bb alongside fellow students, and even together with IMEP faculty members such as Rick Margitza, Peter Giron, and Phil Hilfiker.<br \/>\nAs she multiplies her public concerts, J\u00e9mina is currently looking forward to her first series of concerts in Japan, announced for the winter of 2017, alongside saxophonist Taishi Ogura.<\/p>\n<p><b>Some questions for J\u00e9mina\u00a0:<\/b><\/p>\n<p><i>How did you become interested in music\u00a0?<\/i><\/p>\n<p>Very naturally\u00a0! My home has always been a place of well-being where the arts have held great importance\u00a0: lots of books, music in all its forms, classical music of course, but also jazz, and French music such as Nougaro, [Jacques] Brel, Barbara&#8230; And then of course the high school in Marciac with its jazz program, everything happened rather quickly that way.<\/p>\n<p><i>Why did you choose IMEP \u2022 Paris College of Music for your studies\u00a0?<\/i><\/p>\n<p>Once I graduated from high school, I could have gone in the direction of literary studies, but music has always been that guiding thread in my life. In order to realize my dream, I felt that I needed to find a structure that was in line with what I was trying to achieve. IMEP proposes a complete program of musical studies of high quality and taught by a team of professors who are involved and available. All of this corresponded perfectly with my objective to learn and to grow in the kind of conditions I was hoping for.<\/p>\n<p><i>Is there anything in particular you would like to say about your time spent in our school\u00a0?<\/i><\/p>\n<p>IMEP is a part of my life now and a lot of very good memories. The teaching is rather demanding and at times even quite strict. But in the end, you really see the progress and the benefit of all the the work that is demanded. And on the other hand, we get to live in a great overall atmosphere, with a great sense of community. There&#8217;s a kind of warmth to it. One particularly has to mention the professors, who are strongly implicated in their art and their role as teachers\u00a0: excellent musicians and pedagogues, and true professionals\u00a0!<\/p>\n<p><i>Do you have any particular projects for your future\u00a0?<\/i><\/p>\n<p>I&#8217;ve got lots and lots of them in my head\u00a0! There&#8217;s so much and it&#8217;s all so exciting that I dont really dare to yet speak of it all while I&#8217;m only scratching the surface. It&#8217;s a dream that&#8217;s being constructed piece by piece. One has to be aware and work a lot. Maybe within a couple of months, or a year or two, I&#8217;ll be able to put all that onto paper&#8230;. &#8211; music paper of course\u00a0!<\/p>\n<p>We at <i>IMEP \u2022 Paris College of Music<\/i> wish J\u00e9mina an excellent continuation to her journey that is already a very successful one!<\/p>\n<p>Head photo credit :\u00a0<span style=\"font-family: Helvetica;\">\u00a0<\/span>Martial Peres Auteur Photograph<\/p>\n<p>[\/et_pb_text][\/et_pb_column][\/et_pb_row][\/et_pb_section]<\/p>\n","protected":false},"excerpt":{"rendered":"<p>[et_pb_section bb_built=&#8221;1&#8243; admin_label=&#8221;section&#8221;][et_pb_row admin_label=&#8221;row&#8221; background_position=&#8221;top_left&#8221; background_repeat=&#8221;repeat&#8221; background_size=&#8221;initial&#8221;][et_pb_column type=&#8221;4_4&#8243;][et_pb_text background_position=&#8221;top_left&#8221; background_repeat=&#8221;repeat&#8221; background_size=&#8221;initial&#8221;] IMEP \u2022 Paris College of Music student J\u00e9mina Br\u00e9choire is awarded highly prestigious \u00ab\u00a0Presidential Scholarship\u00a0\u00bb from Berklee College of [&hellip;]<\/p>\n","protected":false},"author":5,"featured_media":0,"comment_status":"open","ping_status":"open","sticky":false,"template":"","format":"standard","meta":{"_et_pb_use_builder":"","_et_pb_old_content":"","_et_gb_content_width":"","footnotes":""},"categories":[44,17],"tags":[],"dipi_cpt_category":[],"class_list":["post-4284","post","type-post","status-publish","format-standard","hentry","category-eleves-anciens-eleves-en","category-actus-en"],"yoast_head":"<!-- This site is optimized with the Yoast SEO plugin v27.4 - https:\/\/yoast.com\/product\/yoast-seo-wordpress\/ -->\n<title>J\u00e9mina Br\u00e9choire is awarded \u00ab\u00a0Presidential Scholarship\u00a0\u00bb from Berklee College of Music - IMEP<\/title>\n<meta name=\"description\" content=\"IMEP \u2022 Paris College of Music student J\u00e9mina Br\u00e9choire is awarded prestigious \u00ab\u00a0Presidential Scholarship\u00a0\u00bb from Berklee College of Music in Boston\/USA.\" \/>\n<meta name=\"robots\" content=\"index, follow, max-snippet:-1, max-image-preview:large, max-video-preview:-1\" \/>\n<link rel=\"canonical\" href=\"https:\/\/www.imep.pro\/en\/bourse-detudes-integrale-pour-jemina-brechoire\/\" \/>\n<meta property=\"og:locale\" content=\"en_US\" \/>\n<meta property=\"og:type\" content=\"article\" \/>\n<meta property=\"og:title\" content=\"J\u00e9mina Br\u00e9choire is awarded \u00ab\u00a0Presidential Scholarship\u00a0\u00bb from Berklee College of Music - IMEP\" \/>\n<meta property=\"og:description\" content=\"IMEP \u2022 Paris College of Music student J\u00e9mina Br\u00e9choire is awarded prestigious \u00ab\u00a0Presidential Scholarship\u00a0\u00bb from Berklee College of Music in Boston\/USA.\" \/>\n<meta property=\"og:url\" content=\"https:\/\/www.imep.pro\/en\/bourse-detudes-integrale-pour-jemina-brechoire\/\" \/>\n<meta property=\"og:site_name\" content=\"IMEP\" \/>\n<meta property=\"article:publisher\" content=\"http:\/\/www.facebook.com\/imep.pro\" \/>\n<meta property=\"article:author\" content=\"https:\/\/www.facebook.com\/monartagency\/\" \/>\n<meta property=\"article:published_time\" content=\"2017-05-01T07:24:07+00:00\" \/>\n<meta property=\"article:modified_time\" content=\"2017-07-06T05:41:42+00:00\" \/>\n<meta property=\"og:image\" content=\"https:\/\/www.imep.pro\/wordpress\/wp-content\/uploads\/2019\/02\/05_DSCF3289.jpeg\" \/>\n\t<meta property=\"og:image:width\" content=\"960\" \/>\n\t<meta property=\"og:image:height\" content=\"641\" \/>\n\t<meta property=\"og:image:type\" content=\"image\/jpeg\" \/>\n<meta name=\"author\" content=\"Monart Agency\" \/>\n<meta name=\"twitter:card\" content=\"summary_large_image\" \/>\n<meta name=\"twitter:creator\" content=\"@monartagency\" \/>\n<meta name=\"twitter:site\" content=\"@imep_pro\" \/>\n<meta name=\"twitter:label1\" content=\"Written by\" \/>\n\t<meta name=\"twitter:data1\" content=\"Monart Agency\" \/>\n\t<meta name=\"twitter:label2\" content=\"Est. reading time\" \/>\n\t<meta name=\"twitter:data2\" content=\"7 minutes\" \/>\n<script type=\"application\/ld+json\" class=\"yoast-schema-graph\">{\"@context\":\"https:\\\/\\\/schema.org\",\"@graph\":[{\"@type\":\"Article\",\"@id\":\"https:\\\/\\\/www.imep.pro\\\/en\\\/bourse-detudes-integrale-pour-jemina-brechoire\\\/#article\",\"isPartOf\":{\"@id\":\"https:\\\/\\\/www.imep.pro\\\/en\\\/bourse-detudes-integrale-pour-jemina-brechoire\\\/\"},\"author\":{\"name\":\"Monart Agency\",\"@id\":\"https:\\\/\\\/www.imep.pro\\\/#\\\/schema\\\/person\\\/47604aeec7b3f95425adb978491a0bcb\"},\"headline\":\"J\u00e9mina Br\u00e9choire is awarded \u00ab\u00a0Presidential Scholarship\u00a0\u00bb from Berklee College of Music\",\"datePublished\":\"2017-05-01T07:24:07+00:00\",\"dateModified\":\"2017-07-06T05:41:42+00:00\",\"mainEntityOfPage\":{\"@id\":\"https:\\\/\\\/www.imep.pro\\\/en\\\/bourse-detudes-integrale-pour-jemina-brechoire\\\/\"},\"wordCount\":1510,\"commentCount\":0,\"publisher\":{\"@id\":\"https:\\\/\\\/www.imep.pro\\\/#organization\"},\"articleSection\":[\"El\u00e8ves \\\/ anciens \u00e9l\u00e8ves\",\"News\"],\"inLanguage\":\"en-US\",\"potentialAction\":[{\"@type\":\"CommentAction\",\"name\":\"Comment\",\"target\":[\"https:\\\/\\\/www.imep.pro\\\/en\\\/bourse-detudes-integrale-pour-jemina-brechoire\\\/#respond\"]}]},{\"@type\":\"WebPage\",\"@id\":\"https:\\\/\\\/www.imep.pro\\\/en\\\/bourse-detudes-integrale-pour-jemina-brechoire\\\/\",\"url\":\"https:\\\/\\\/www.imep.pro\\\/en\\\/bourse-detudes-integrale-pour-jemina-brechoire\\\/\",\"name\":\"J\u00e9mina Br\u00e9choire is awarded \u00ab\u00a0Presidential Scholarship\u00a0\u00bb from Berklee College of Music - IMEP\",\"isPartOf\":{\"@id\":\"https:\\\/\\\/www.imep.pro\\\/#website\"},\"datePublished\":\"2017-05-01T07:24:07+00:00\",\"dateModified\":\"2017-07-06T05:41:42+00:00\",\"description\":\"IMEP \u2022 Paris College of Music student J\u00e9mina Br\u00e9choire is awarded prestigious \u00ab\u00a0Presidential Scholarship\u00a0\u00bb from Berklee College of Music in Boston\\\/USA.\",\"breadcrumb\":{\"@id\":\"https:\\\/\\\/www.imep.pro\\\/en\\\/bourse-detudes-integrale-pour-jemina-brechoire\\\/#breadcrumb\"},\"inLanguage\":\"en-US\",\"potentialAction\":[{\"@type\":\"ReadAction\",\"target\":[\"https:\\\/\\\/www.imep.pro\\\/en\\\/bourse-detudes-integrale-pour-jemina-brechoire\\\/\"]}]},{\"@type\":\"BreadcrumbList\",\"@id\":\"https:\\\/\\\/www.imep.pro\\\/en\\\/bourse-detudes-integrale-pour-jemina-brechoire\\\/#breadcrumb\",\"itemListElement\":[{\"@type\":\"ListItem\",\"position\":1,\"name\":\"Accueil\",\"item\":\"https:\\\/\\\/www.imep.pro\\\/en\\\/music-school-paris\\\/\"},{\"@type\":\"ListItem\",\"position\":2,\"name\":\"El\u00e8ves \\\/ anciens \u00e9l\u00e8ves\",\"item\":\"https:\\\/\\\/www.imep.pro\\\/en\\\/category\\\/eleves-anciens-eleves-en\\\/\"},{\"@type\":\"ListItem\",\"position\":3,\"name\":\"J\u00e9mina Br\u00e9choire is awarded \u00ab\u00a0Presidential Scholarship\u00a0\u00bb from Berklee College of Music\"}]},{\"@type\":\"WebSite\",\"@id\":\"https:\\\/\\\/www.imep.pro\\\/#website\",\"url\":\"https:\\\/\\\/www.imep.pro\\\/\",\"name\":\"IMEP\",\"description\":\"\u266a Paris College of music \u266a\",\"publisher\":{\"@id\":\"https:\\\/\\\/www.imep.pro\\\/#organization\"},\"potentialAction\":[{\"@type\":\"SearchAction\",\"target\":{\"@type\":\"EntryPoint\",\"urlTemplate\":\"https:\\\/\\\/www.imep.pro\\\/?s={search_term_string}\"},\"query-input\":{\"@type\":\"PropertyValueSpecification\",\"valueRequired\":true,\"valueName\":\"search_term_string\"}}],\"inLanguage\":\"en-US\"},{\"@type\":\"Organization\",\"@id\":\"https:\\\/\\\/www.imep.pro\\\/#organization\",\"name\":\"IMEP Paris College of Music\",\"url\":\"https:\\\/\\\/www.imep.pro\\\/\",\"logo\":{\"@type\":\"ImageObject\",\"inLanguage\":\"en-US\",\"@id\":\"https:\\\/\\\/www.imep.pro\\\/#\\\/schema\\\/logo\\\/image\\\/\",\"url\":\"https:\\\/\\\/www.imep.pro\\\/wordpress\\\/wp-content\\\/uploads\\\/2016\\\/02\\\/cropped-imep_logo_original-favicon.png\",\"contentUrl\":\"https:\\\/\\\/www.imep.pro\\\/wordpress\\\/wp-content\\\/uploads\\\/2016\\\/02\\\/cropped-imep_logo_original-favicon.png\",\"width\":512,\"height\":512,\"caption\":\"IMEP Paris College of Music\"},\"image\":{\"@id\":\"https:\\\/\\\/www.imep.pro\\\/#\\\/schema\\\/logo\\\/image\\\/\"},\"sameAs\":[\"http:\\\/\\\/www.facebook.com\\\/imep.pro\",\"https:\\\/\\\/x.com\\\/imep_pro\",\"https:\\\/\\\/www.instagram.com\\\/imepparis\\\/\",\"https:\\\/\\\/www.linkedin.com\\\/company\\\/imep-paris-college-of-music\\\/\",\"https:\\\/\\\/www.youtube.com\\\/user\\\/imusicparis\"]},{\"@type\":\"Person\",\"@id\":\"https:\\\/\\\/www.imep.pro\\\/#\\\/schema\\\/person\\\/47604aeec7b3f95425adb978491a0bcb\",\"name\":\"Monart Agency\",\"image\":{\"@type\":\"ImageObject\",\"inLanguage\":\"en-US\",\"@id\":\"https:\\\/\\\/secure.gravatar.com\\\/avatar\\\/e140a68304568537b5ef59a50a21e9d951951179ecfb5a88c0fdfbb9131182cd?s=96&d=mm&r=g\",\"url\":\"https:\\\/\\\/secure.gravatar.com\\\/avatar\\\/e140a68304568537b5ef59a50a21e9d951951179ecfb5a88c0fdfbb9131182cd?s=96&d=mm&r=g\",\"contentUrl\":\"https:\\\/\\\/secure.gravatar.com\\\/avatar\\\/e140a68304568537b5ef59a50a21e9d951951179ecfb5a88c0fdfbb9131182cd?s=96&d=mm&r=g\",\"caption\":\"Monart Agency\"},\"description\":\"Monart est une agence sp\u00e9cialis\u00e9e en communication musicale, pour des professionnels de la musique, \u00e0 la recherche de ce qui se fait de mieux dans le milieu artistique et musical du jazz, de la musique contemporaine et de la musique du monde et ce, dans le monde entier.\",\"sameAs\":[\"https:\\\/\\\/www.monartagency.com\\\/agence-communication-musicale\",\"https:\\\/\\\/www.facebook.com\\\/monartagency\\\/\",\"https:\\\/\\\/www.instagram.com\\\/monartagency\\\/\",\"https:\\\/\\\/www.linkedin.com\\\/company\\\/monart-agency\",\"https:\\\/\\\/x.com\\\/monartagency\",\"https:\\\/\\\/www.youtube.com\\\/channel\\\/UC9H-2xb6TtKzqVT3XY-lcXw\",\"https:\\\/\\\/soundcloud.com\\\/user-617326834\"],\"url\":\"https:\\\/\\\/www.imep.pro\\\/en\\\/author\\\/gustavo\\\/\"}]}<\/script>\n<!-- \/ Yoast SEO plugin. -->","yoast_head_json":{"title":"J\u00e9mina Br\u00e9choire is awarded \u00ab\u00a0Presidential Scholarship\u00a0\u00bb from Berklee College of Music - IMEP","description":"IMEP \u2022 Paris College of Music student J\u00e9mina Br\u00e9choire is awarded prestigious \u00ab\u00a0Presidential Scholarship\u00a0\u00bb from Berklee College of Music in Boston\/USA.","robots":{"index":"index","follow":"follow","max-snippet":"max-snippet:-1","max-image-preview":"max-image-preview:large","max-video-preview":"max-video-preview:-1"},"canonical":"https:\/\/www.imep.pro\/en\/bourse-detudes-integrale-pour-jemina-brechoire\/","og_locale":"en_US","og_type":"article","og_title":"J\u00e9mina Br\u00e9choire is awarded \u00ab\u00a0Presidential Scholarship\u00a0\u00bb from Berklee College of Music - IMEP","og_description":"IMEP \u2022 Paris College of Music student J\u00e9mina Br\u00e9choire is awarded prestigious \u00ab\u00a0Presidential Scholarship\u00a0\u00bb from Berklee College of Music in Boston\/USA.","og_url":"https:\/\/www.imep.pro\/en\/bourse-detudes-integrale-pour-jemina-brechoire\/","og_site_name":"IMEP","article_publisher":"http:\/\/www.facebook.com\/imep.pro","article_author":"https:\/\/www.facebook.com\/monartagency\/","article_published_time":"2017-05-01T07:24:07+00:00","article_modified_time":"2017-07-06T05:41:42+00:00","og_image":[{"width":960,"height":641,"url":"https:\/\/www.imep.pro\/wordpress\/wp-content\/uploads\/2019\/02\/05_DSCF3289.jpeg","type":"image\/jpeg"}],"author":"Monart Agency","twitter_card":"summary_large_image","twitter_creator":"@monartagency","twitter_site":"@imep_pro","twitter_misc":{"Written by":"Monart Agency","Est. reading time":"7 minutes"},"schema":{"@context":"https:\/\/schema.org","@graph":[{"@type":"Article","@id":"https:\/\/www.imep.pro\/en\/bourse-detudes-integrale-pour-jemina-brechoire\/#article","isPartOf":{"@id":"https:\/\/www.imep.pro\/en\/bourse-detudes-integrale-pour-jemina-brechoire\/"},"author":{"name":"Monart Agency","@id":"https:\/\/www.imep.pro\/#\/schema\/person\/47604aeec7b3f95425adb978491a0bcb"},"headline":"J\u00e9mina Br\u00e9choire is awarded \u00ab\u00a0Presidential Scholarship\u00a0\u00bb from Berklee College of Music","datePublished":"2017-05-01T07:24:07+00:00","dateModified":"2017-07-06T05:41:42+00:00","mainEntityOfPage":{"@id":"https:\/\/www.imep.pro\/en\/bourse-detudes-integrale-pour-jemina-brechoire\/"},"wordCount":1510,"commentCount":0,"publisher":{"@id":"https:\/\/www.imep.pro\/#organization"},"articleSection":["El\u00e8ves \/ anciens \u00e9l\u00e8ves","News"],"inLanguage":"en-US","potentialAction":[{"@type":"CommentAction","name":"Comment","target":["https:\/\/www.imep.pro\/en\/bourse-detudes-integrale-pour-jemina-brechoire\/#respond"]}]},{"@type":"WebPage","@id":"https:\/\/www.imep.pro\/en\/bourse-detudes-integrale-pour-jemina-brechoire\/","url":"https:\/\/www.imep.pro\/en\/bourse-detudes-integrale-pour-jemina-brechoire\/","name":"J\u00e9mina Br\u00e9choire is awarded \u00ab\u00a0Presidential Scholarship\u00a0\u00bb from Berklee College of Music - IMEP","isPartOf":{"@id":"https:\/\/www.imep.pro\/#website"},"datePublished":"2017-05-01T07:24:07+00:00","dateModified":"2017-07-06T05:41:42+00:00","description":"IMEP \u2022 Paris College of Music student J\u00e9mina Br\u00e9choire is awarded prestigious \u00ab\u00a0Presidential Scholarship\u00a0\u00bb from Berklee College of Music in Boston\/USA.","breadcrumb":{"@id":"https:\/\/www.imep.pro\/en\/bourse-detudes-integrale-pour-jemina-brechoire\/#breadcrumb"},"inLanguage":"en-US","potentialAction":[{"@type":"ReadAction","target":["https:\/\/www.imep.pro\/en\/bourse-detudes-integrale-pour-jemina-brechoire\/"]}]},{"@type":"BreadcrumbList","@id":"https:\/\/www.imep.pro\/en\/bourse-detudes-integrale-pour-jemina-brechoire\/#breadcrumb","itemListElement":[{"@type":"ListItem","position":1,"name":"Accueil","item":"https:\/\/www.imep.pro\/en\/music-school-paris\/"},{"@type":"ListItem","position":2,"name":"El\u00e8ves \/ anciens \u00e9l\u00e8ves","item":"https:\/\/www.imep.pro\/en\/category\/eleves-anciens-eleves-en\/"},{"@type":"ListItem","position":3,"name":"J\u00e9mina Br\u00e9choire is awarded \u00ab\u00a0Presidential Scholarship\u00a0\u00bb from Berklee College of Music"}]},{"@type":"WebSite","@id":"https:\/\/www.imep.pro\/#website","url":"https:\/\/www.imep.pro\/","name":"IMEP","description":"\u266a Paris College of music \u266a","publisher":{"@id":"https:\/\/www.imep.pro\/#organization"},"potentialAction":[{"@type":"SearchAction","target":{"@type":"EntryPoint","urlTemplate":"https:\/\/www.imep.pro\/?s={search_term_string}"},"query-input":{"@type":"PropertyValueSpecification","valueRequired":true,"valueName":"search_term_string"}}],"inLanguage":"en-US"},{"@type":"Organization","@id":"https:\/\/www.imep.pro\/#organization","name":"IMEP Paris College of Music","url":"https:\/\/www.imep.pro\/","logo":{"@type":"ImageObject","inLanguage":"en-US","@id":"https:\/\/www.imep.pro\/#\/schema\/logo\/image\/","url":"https:\/\/www.imep.pro\/wordpress\/wp-content\/uploads\/2016\/02\/cropped-imep_logo_original-favicon.png","contentUrl":"https:\/\/www.imep.pro\/wordpress\/wp-content\/uploads\/2016\/02\/cropped-imep_logo_original-favicon.png","width":512,"height":512,"caption":"IMEP Paris College of Music"},"image":{"@id":"https:\/\/www.imep.pro\/#\/schema\/logo\/image\/"},"sameAs":["http:\/\/www.facebook.com\/imep.pro","https:\/\/x.com\/imep_pro","https:\/\/www.instagram.com\/imepparis\/","https:\/\/www.linkedin.com\/company\/imep-paris-college-of-music\/","https:\/\/www.youtube.com\/user\/imusicparis"]},{"@type":"Person","@id":"https:\/\/www.imep.pro\/#\/schema\/person\/47604aeec7b3f95425adb978491a0bcb","name":"Monart Agency","image":{"@type":"ImageObject","inLanguage":"en-US","@id":"https:\/\/secure.gravatar.com\/avatar\/e140a68304568537b5ef59a50a21e9d951951179ecfb5a88c0fdfbb9131182cd?s=96&d=mm&r=g","url":"https:\/\/secure.gravatar.com\/avatar\/e140a68304568537b5ef59a50a21e9d951951179ecfb5a88c0fdfbb9131182cd?s=96&d=mm&r=g","contentUrl":"https:\/\/secure.gravatar.com\/avatar\/e140a68304568537b5ef59a50a21e9d951951179ecfb5a88c0fdfbb9131182cd?s=96&d=mm&r=g","caption":"Monart Agency"},"description":"Monart est une agence sp\u00e9cialis\u00e9e en communication musicale, pour des professionnels de la musique, \u00e0 la recherche de ce qui se fait de mieux dans le milieu artistique et musical du jazz, de la musique contemporaine et de la musique du monde et ce, dans le monde entier.","sameAs":["https:\/\/www.monartagency.com\/agence-communication-musicale","https:\/\/www.facebook.com\/monartagency\/","https:\/\/www.instagram.com\/monartagency\/","https:\/\/www.linkedin.com\/company\/monart-agency","https:\/\/x.com\/monartagency","https:\/\/www.youtube.com\/channel\/UC9H-2xb6TtKzqVT3XY-lcXw","https:\/\/soundcloud.com\/user-617326834"],"url":"https:\/\/www.imep.pro\/en\/author\/gustavo\/"}]}},"_links":{"self":[{"href":"https:\/\/www.imep.pro\/en\/wp-json\/wp\/v2\/posts\/4284","targetHints":{"allow":["GET"]}}],"collection":[{"href":"https:\/\/www.imep.pro\/en\/wp-json\/wp\/v2\/posts"}],"about":[{"href":"https:\/\/www.imep.pro\/en\/wp-json\/wp\/v2\/types\/post"}],"author":[{"embeddable":true,"href":"https:\/\/www.imep.pro\/en\/wp-json\/wp\/v2\/users\/5"}],"replies":[{"embeddable":true,"href":"https:\/\/www.imep.pro\/en\/wp-json\/wp\/v2\/comments?post=4284"}],"version-history":[{"count":0,"href":"https:\/\/www.imep.pro\/en\/wp-json\/wp\/v2\/posts\/4284\/revisions"}],"wp:attachment":[{"href":"https:\/\/www.imep.pro\/en\/wp-json\/wp\/v2\/media?parent=4284"}],"wp:term":[{"taxonomy":"category","embeddable":true,"href":"https:\/\/www.imep.pro\/en\/wp-json\/wp\/v2\/categories?post=4284"},{"taxonomy":"post_tag","embeddable":true,"href":"https:\/\/www.imep.pro\/en\/wp-json\/wp\/v2\/tags?post=4284"},{"taxonomy":"dipi_cpt_category","embeddable":true,"href":"https:\/\/www.imep.pro\/en\/wp-json\/wp\/v2\/dipi_cpt_category?post=4284"}],"curies":[{"name":"wp","href":"https:\/\/api.w.org\/{rel}","templated":true}]}}