{"id":4196,"date":"2017-04-26T11:25:47","date_gmt":"2017-04-26T10:25:47","guid":{"rendered":"http:\/\/www.imep.pro\/journee-portes-ouvertes-du-6-mai-2017\/"},"modified":"2017-04-26T18:39:04","modified_gmt":"2017-04-26T17:39:04","slug":"open-doors-day-may-6-2017","status":"publish","type":"post","link":"https:\/\/www.imep.pro\/en\/open-doors-day-may-6-2017\/","title":{"rendered":"Open doors day may 6, 2017"},"content":{"rendered":"<p>[et_pb_section fb_built=&#8221;1&#8243; admin_label=&#8221;section&#8221;][et_pb_row admin_label=&#8221;row&#8221;][et_pb_column type=&#8221;4_4&#8243; parallax=&#8221;off&#8221; parallax_method=&#8221;on&#8221;][et_pb_text admin_label=&#8221;Texte&#8221;]<\/p>\n<h2 class=\"sous-section\">Discover the Paris College of Music during our Open doors Day<\/h2>\n<p>Come to meet us on Saturday May 6, 2017, during our open day from 10 am to 5 pm at 7 rue Emile Dubois in Paris in the 14th arrondissement (France).<\/p>\n<p>It will be an opportunity to visit our new premises and equipment dedicated to the teaching and practice of music. You will discuss with teachers and students and find answers to your questions, discovering how the school runs, knowing more about our programs of study, sharing with us your musical projects and all that you care about in practice and musical training .<\/p>\n<p>[\/et_pb_text][\/et_pb_column][\/et_pb_row][et_pb_row admin_label=&#8221;Ligne&#8221;][et_pb_column type=&#8221;1_2&#8243; parallax=&#8221;off&#8221; parallax_method=&#8221;on&#8221;][et_pb_text admin_label=&#8221;Texte&#8221;]<\/p>\n<p>On the same day, it will also be possible to pass the entrance audition. To do so, just make an appointment now by filling out our <a href=\"http:\/\/www.imep.pro\/en\/formulaire-dinscription\/\" target=\"_blank\" rel=\"noopener noreferrer\">online registration form<\/a>.<\/p>\n<p>At the IMEP you will benefit from a working environment among the most beautiful in Paris, having a rich and stimulating student life, reinforced by the initiatives of the student office, a dynamic network that creates links between all students of the school, alumni and the professional world, in order to federate projects and valuable contacts for a future life as a musician.<\/p>\n<p>You will also benefit from numerous events, conferences, masterclasses, Jam sessions, artist visits and concerts throughout the year, most of which are free for our students.<\/p>\n<p>[\/et_pb_text][\/et_pb_column][et_pb_column type=&#8221;1_2&#8243; parallax=&#8221;off&#8221; parallax_method=&#8221;on&#8221;][et_pb_image src=&#8221;http:\/\/www.imep.pro\/wordpress\/wp-content\/uploads\/2017\/04\/IMEP-Pcom-chant.jpg&#8221; admin_label=&#8221;Image&#8221;][\/et_pb_image][\/et_pb_column][\/et_pb_row][et_pb_row admin_label=&#8221;Ligne&#8221;][et_pb_column type=&#8221;4_4&#8243; parallax=&#8221;off&#8221; parallax_method=&#8221;on&#8221;][et_pb_text admin_label=&#8221;Texte&#8221;]<\/p>\n<h2 class=\"sous-section\">Studying at Paris College of Music is a unique experience :<\/h2>\n<p>Our experienced faculty provides a musical training with proven and innovative teaching methods and materials witch are updated in an innovative and permanent way. We follow-up in a closely and friendly way, the progression of each of our student throughout the year.<\/p>\n<p>Beyond the rigorous training that we propose, the school offers thanks to its premises, a real place of life, conviviality, exchanges, and individual or group practice with rooms and boxes available in an extended schedules included in the amount of schooling.<\/p>\n<p>[\/et_pb_text][\/et_pb_column][\/et_pb_row][et_pb_row admin_label=&#8221;Ligne&#8221;][et_pb_column type=&#8221;1_2&#8243; parallax=&#8221;off&#8221; parallax_method=&#8221;on&#8221;][et_pb_image src=&#8221;http:\/\/www.imep.pro\/wordpress\/wp-content\/uploads\/2017\/04\/IMEPPcom-detente.jpg&#8221; admin_label=&#8221;Image&#8221;][\/et_pb_image][et_pb_image src=&#8221;http:\/\/www.imep.pro\/wordpress\/wp-content\/uploads\/2017\/04\/IMEP-Pcom-salle-steinway.jpg&#8221; admin_label=&#8221;Image&#8221;][\/et_pb_image][et_pb_image src=&#8221;http:\/\/www.imep.pro\/wordpress\/wp-content\/uploads\/2017\/04\/IMEP-Pcom-salle-MAO.jpg&#8221; admin_label=&#8221;Image&#8221;][\/et_pb_image][\/et_pb_column][et_pb_column type=&#8221;1_2&#8243; parallax=&#8221;off&#8221; parallax_method=&#8221;on&#8221;][et_pb_image src=&#8221;http:\/\/www.imep.pro\/wordpress\/wp-content\/uploads\/2017\/04\/IMEP-Pcom-ensemble.jpg&#8221; admin_label=&#8221;Image&#8221;][\/et_pb_image][et_pb_image src=&#8221;http:\/\/www.imep.pro\/wordpress\/wp-content\/uploads\/2017\/04\/IMEP-Pcom-ecriture.jpg&#8221; admin_label=&#8221;Image&#8221;][\/et_pb_image][et_pb_image src=&#8221;http:\/\/www.imep.pro\/wordpress\/wp-content\/uploads\/2017\/04\/IMEP-Pcom-atelier.jpg&#8221; admin_label=&#8221;Image&#8221;][\/et_pb_image][\/et_pb_column][\/et_pb_row][et_pb_row admin_label=&#8221;Ligne&#8221;][et_pb_column type=&#8221;4_4&#8243; parallax=&#8221;off&#8221; parallax_method=&#8221;on&#8221;][et_pb_text admin_label=&#8221;Texte&#8221;]<\/p>\n<p>Our philosophy as committed and passionate musicians and pedagogues has been to create a structure that concentrates as much material and human resources as possible towards the objectives of efficiency and excellence in the field of musical learning and development that make Paris College of Music an exceptional and sought-after place.<\/p>\n<p>[\/et_pb_text][\/et_pb_column][\/et_pb_row][\/et_pb_section]<\/p>\n","protected":false},"excerpt":{"rendered":"<p>[et_pb_section fb_built=&#8221;1&#8243; admin_label=&#8221;section&#8221;][et_pb_row admin_label=&#8221;row&#8221;][et_pb_column type=&#8221;4_4&#8243; parallax=&#8221;off&#8221; parallax_method=&#8221;on&#8221;][et_pb_text admin_label=&#8221;Texte&#8221;] Discover the Paris College of Music during our Open doors Day Come to meet us on Saturday May 6, 2017, during our [&hellip;]<\/p>\n","protected":false},"author":5,"featured_media":4167,"comment_status":"open","ping_status":"open","sticky":false,"template":"","format":"standard","meta":{"_et_pb_use_builder":"","_et_pb_old_content":"","_et_gb_content_width":"","footnotes":""},"categories":[18,17],"tags":[],"dipi_cpt_category":[],"class_list":["post-4196","post","type-post","status-publish","format-standard","has-post-thumbnail","hentry","category-agenda-en","category-actus-en"],"yoast_head":"<!-- This site is optimized with the Yoast SEO plugin v27.4 - https:\/\/yoast.com\/product\/yoast-seo-wordpress\/ -->\n<title>Open doors day may 6, 2017 - IMEP<\/title>\n<meta name=\"description\" content=\"IMEP Paris College of Music Organizes an open day Saturday May 6 from 10 am to 5 pm at 7 rue Emile Dubois Paris XIV, FRANCE\" \/>\n<meta name=\"robots\" content=\"index, follow, max-snippet:-1, max-image-preview:large, max-video-preview:-1\" \/>\n<link rel=\"canonical\" href=\"https:\/\/www.imep.pro\/en\/open-doors-day-may-6-2017\/\" \/>\n<meta property=\"og:locale\" content=\"en_US\" \/>\n<meta property=\"og:type\" content=\"article\" \/>\n<meta property=\"og:title\" content=\"Open doors day may 6, 2017 - IMEP\" \/>\n<meta property=\"og:description\" content=\"IMEP Paris College of Music Organizes an open day Saturday May 6 from 10 am to 5 pm at 7 rue Emile Dubois Paris XIV, FRANCE\" \/>\n<meta property=\"og:url\" content=\"https:\/\/www.imep.pro\/en\/open-doors-day-may-6-2017\/\" \/>\n<meta property=\"og:site_name\" content=\"IMEP\" \/>\n<meta property=\"article:publisher\" content=\"http:\/\/www.facebook.com\/imep.pro\" \/>\n<meta property=\"article:author\" content=\"https:\/\/www.facebook.com\/monartagency\/\" \/>\n<meta property=\"article:published_time\" content=\"2017-04-26T10:25:47+00:00\" \/>\n<meta property=\"article:modified_time\" content=\"2017-04-26T17:39:04+00:00\" \/>\n<meta property=\"og:image\" content=\"https:\/\/www.imep.pro\/wordpress\/wp-content\/uploads\/2017\/04\/portes-ouvertes-2.jpg\" \/>\n\t<meta property=\"og:image:width\" content=\"820\" \/>\n\t<meta property=\"og:image:height\" content=\"312\" \/>\n\t<meta property=\"og:image:type\" content=\"image\/jpeg\" \/>\n<meta name=\"author\" content=\"Monart Agency\" \/>\n<meta name=\"twitter:card\" content=\"summary_large_image\" \/>\n<meta name=\"twitter:creator\" content=\"@monartagency\" \/>\n<meta name=\"twitter:site\" content=\"@imep_pro\" \/>\n<meta name=\"twitter:label1\" content=\"Written by\" \/>\n\t<meta name=\"twitter:data1\" content=\"Monart Agency\" \/>\n\t<meta name=\"twitter:label2\" content=\"Est. reading time\" \/>\n\t<meta name=\"twitter:data2\" content=\"3 minutes\" \/>\n<script type=\"application\/ld+json\" class=\"yoast-schema-graph\">{\"@context\":\"https:\\\/\\\/schema.org\",\"@graph\":[{\"@type\":\"Article\",\"@id\":\"https:\\\/\\\/www.imep.pro\\\/en\\\/open-doors-day-may-6-2017\\\/#article\",\"isPartOf\":{\"@id\":\"https:\\\/\\\/www.imep.pro\\\/en\\\/open-doors-day-may-6-2017\\\/\"},\"author\":{\"name\":\"Monart Agency\",\"@id\":\"https:\\\/\\\/www.imep.pro\\\/#\\\/schema\\\/person\\\/47604aeec7b3f95425adb978491a0bcb\"},\"headline\":\"Open doors day may 6, 2017\",\"datePublished\":\"2017-04-26T10:25:47+00:00\",\"dateModified\":\"2017-04-26T17:39:04+00:00\",\"mainEntityOfPage\":{\"@id\":\"https:\\\/\\\/www.imep.pro\\\/en\\\/open-doors-day-may-6-2017\\\/\"},\"wordCount\":674,\"commentCount\":0,\"publisher\":{\"@id\":\"https:\\\/\\\/www.imep.pro\\\/#organization\"},\"image\":{\"@id\":\"https:\\\/\\\/www.imep.pro\\\/en\\\/open-doors-day-may-6-2017\\\/#primaryimage\"},\"thumbnailUrl\":\"https:\\\/\\\/www.imep.pro\\\/wordpress\\\/wp-content\\\/uploads\\\/2017\\\/04\\\/portes-ouvertes-2.jpg\",\"articleSection\":[\"Agenda\",\"News\"],\"inLanguage\":\"en-US\",\"potentialAction\":[{\"@type\":\"CommentAction\",\"name\":\"Comment\",\"target\":[\"https:\\\/\\\/www.imep.pro\\\/en\\\/open-doors-day-may-6-2017\\\/#respond\"]}]},{\"@type\":\"WebPage\",\"@id\":\"https:\\\/\\\/www.imep.pro\\\/en\\\/open-doors-day-may-6-2017\\\/\",\"url\":\"https:\\\/\\\/www.imep.pro\\\/en\\\/open-doors-day-may-6-2017\\\/\",\"name\":\"Open doors day may 6, 2017 - IMEP\",\"isPartOf\":{\"@id\":\"https:\\\/\\\/www.imep.pro\\\/#website\"},\"primaryImageOfPage\":{\"@id\":\"https:\\\/\\\/www.imep.pro\\\/en\\\/open-doors-day-may-6-2017\\\/#primaryimage\"},\"image\":{\"@id\":\"https:\\\/\\\/www.imep.pro\\\/en\\\/open-doors-day-may-6-2017\\\/#primaryimage\"},\"thumbnailUrl\":\"https:\\\/\\\/www.imep.pro\\\/wordpress\\\/wp-content\\\/uploads\\\/2017\\\/04\\\/portes-ouvertes-2.jpg\",\"datePublished\":\"2017-04-26T10:25:47+00:00\",\"dateModified\":\"2017-04-26T17:39:04+00:00\",\"description\":\"IMEP Paris College of Music Organizes an open day Saturday May 6 from 10 am to 5 pm at 7 rue Emile Dubois Paris XIV, FRANCE\",\"breadcrumb\":{\"@id\":\"https:\\\/\\\/www.imep.pro\\\/en\\\/open-doors-day-may-6-2017\\\/#breadcrumb\"},\"inLanguage\":\"en-US\",\"potentialAction\":[{\"@type\":\"ReadAction\",\"target\":[\"https:\\\/\\\/www.imep.pro\\\/en\\\/open-doors-day-may-6-2017\\\/\"]}]},{\"@type\":\"ImageObject\",\"inLanguage\":\"en-US\",\"@id\":\"https:\\\/\\\/www.imep.pro\\\/en\\\/open-doors-day-may-6-2017\\\/#primaryimage\",\"url\":\"https:\\\/\\\/www.imep.pro\\\/wordpress\\\/wp-content\\\/uploads\\\/2017\\\/04\\\/portes-ouvertes-2.jpg\",\"contentUrl\":\"https:\\\/\\\/www.imep.pro\\\/wordpress\\\/wp-content\\\/uploads\\\/2017\\\/04\\\/portes-ouvertes-2.jpg\",\"width\":820,\"height\":312},{\"@type\":\"BreadcrumbList\",\"@id\":\"https:\\\/\\\/www.imep.pro\\\/en\\\/open-doors-day-may-6-2017\\\/#breadcrumb\",\"itemListElement\":[{\"@type\":\"ListItem\",\"position\":1,\"name\":\"Accueil\",\"item\":\"https:\\\/\\\/www.imep.pro\\\/en\\\/music-school-paris\\\/\"},{\"@type\":\"ListItem\",\"position\":2,\"name\":\"Agenda\",\"item\":\"https:\\\/\\\/www.imep.pro\\\/en\\\/category\\\/agenda-en\\\/\"},{\"@type\":\"ListItem\",\"position\":3,\"name\":\"Open doors day may 6, 2017\"}]},{\"@type\":\"WebSite\",\"@id\":\"https:\\\/\\\/www.imep.pro\\\/#website\",\"url\":\"https:\\\/\\\/www.imep.pro\\\/\",\"name\":\"IMEP\",\"description\":\"\u266a Paris College of music \u266a\",\"publisher\":{\"@id\":\"https:\\\/\\\/www.imep.pro\\\/#organization\"},\"potentialAction\":[{\"@type\":\"SearchAction\",\"target\":{\"@type\":\"EntryPoint\",\"urlTemplate\":\"https:\\\/\\\/www.imep.pro\\\/?s={search_term_string}\"},\"query-input\":{\"@type\":\"PropertyValueSpecification\",\"valueRequired\":true,\"valueName\":\"search_term_string\"}}],\"inLanguage\":\"en-US\"},{\"@type\":\"Organization\",\"@id\":\"https:\\\/\\\/www.imep.pro\\\/#organization\",\"name\":\"IMEP Paris College of Music\",\"url\":\"https:\\\/\\\/www.imep.pro\\\/\",\"logo\":{\"@type\":\"ImageObject\",\"inLanguage\":\"en-US\",\"@id\":\"https:\\\/\\\/www.imep.pro\\\/#\\\/schema\\\/logo\\\/image\\\/\",\"url\":\"https:\\\/\\\/www.imep.pro\\\/wordpress\\\/wp-content\\\/uploads\\\/2016\\\/02\\\/cropped-imep_logo_original-favicon.png\",\"contentUrl\":\"https:\\\/\\\/www.imep.pro\\\/wordpress\\\/wp-content\\\/uploads\\\/2016\\\/02\\\/cropped-imep_logo_original-favicon.png\",\"width\":512,\"height\":512,\"caption\":\"IMEP Paris College of Music\"},\"image\":{\"@id\":\"https:\\\/\\\/www.imep.pro\\\/#\\\/schema\\\/logo\\\/image\\\/\"},\"sameAs\":[\"http:\\\/\\\/www.facebook.com\\\/imep.pro\",\"https:\\\/\\\/x.com\\\/imep_pro\",\"https:\\\/\\\/www.instagram.com\\\/imepparis\\\/\",\"https:\\\/\\\/www.linkedin.com\\\/company\\\/imep-paris-college-of-music\\\/\",\"https:\\\/\\\/www.youtube.com\\\/user\\\/imusicparis\"]},{\"@type\":\"Person\",\"@id\":\"https:\\\/\\\/www.imep.pro\\\/#\\\/schema\\\/person\\\/47604aeec7b3f95425adb978491a0bcb\",\"name\":\"Monart Agency\",\"image\":{\"@type\":\"ImageObject\",\"inLanguage\":\"en-US\",\"@id\":\"https:\\\/\\\/secure.gravatar.com\\\/avatar\\\/e140a68304568537b5ef59a50a21e9d951951179ecfb5a88c0fdfbb9131182cd?s=96&d=mm&r=g\",\"url\":\"https:\\\/\\\/secure.gravatar.com\\\/avatar\\\/e140a68304568537b5ef59a50a21e9d951951179ecfb5a88c0fdfbb9131182cd?s=96&d=mm&r=g\",\"contentUrl\":\"https:\\\/\\\/secure.gravatar.com\\\/avatar\\\/e140a68304568537b5ef59a50a21e9d951951179ecfb5a88c0fdfbb9131182cd?s=96&d=mm&r=g\",\"caption\":\"Monart Agency\"},\"description\":\"Monart est une agence sp\u00e9cialis\u00e9e en communication musicale, pour des professionnels de la musique, \u00e0 la recherche de ce qui se fait de mieux dans le milieu artistique et musical du jazz, de la musique contemporaine et de la musique du monde et ce, dans le monde entier.\",\"sameAs\":[\"https:\\\/\\\/www.monartagency.com\\\/agence-communication-musicale\",\"https:\\\/\\\/www.facebook.com\\\/monartagency\\\/\",\"https:\\\/\\\/www.instagram.com\\\/monartagency\\\/\",\"https:\\\/\\\/www.linkedin.com\\\/company\\\/monart-agency\",\"https:\\\/\\\/x.com\\\/monartagency\",\"https:\\\/\\\/www.youtube.com\\\/channel\\\/UC9H-2xb6TtKzqVT3XY-lcXw\",\"https:\\\/\\\/soundcloud.com\\\/user-617326834\"],\"url\":\"https:\\\/\\\/www.imep.pro\\\/en\\\/author\\\/gustavo\\\/\"}]}<\/script>\n<!-- \/ Yoast SEO plugin. -->","yoast_head_json":{"title":"Open doors day may 6, 2017 - IMEP","description":"IMEP Paris College of Music Organizes an open day Saturday May 6 from 10 am to 5 pm at 7 rue Emile Dubois Paris XIV, FRANCE","robots":{"index":"index","follow":"follow","max-snippet":"max-snippet:-1","max-image-preview":"max-image-preview:large","max-video-preview":"max-video-preview:-1"},"canonical":"https:\/\/www.imep.pro\/en\/open-doors-day-may-6-2017\/","og_locale":"en_US","og_type":"article","og_title":"Open doors day may 6, 2017 - IMEP","og_description":"IMEP Paris College of Music Organizes an open day Saturday May 6 from 10 am to 5 pm at 7 rue Emile Dubois Paris XIV, FRANCE","og_url":"https:\/\/www.imep.pro\/en\/open-doors-day-may-6-2017\/","og_site_name":"IMEP","article_publisher":"http:\/\/www.facebook.com\/imep.pro","article_author":"https:\/\/www.facebook.com\/monartagency\/","article_published_time":"2017-04-26T10:25:47+00:00","article_modified_time":"2017-04-26T17:39:04+00:00","og_image":[{"width":820,"height":312,"url":"https:\/\/www.imep.pro\/wordpress\/wp-content\/uploads\/2017\/04\/portes-ouvertes-2.jpg","type":"image\/jpeg"}],"author":"Monart Agency","twitter_card":"summary_large_image","twitter_creator":"@monartagency","twitter_site":"@imep_pro","twitter_misc":{"Written by":"Monart Agency","Est. reading time":"3 minutes"},"schema":{"@context":"https:\/\/schema.org","@graph":[{"@type":"Article","@id":"https:\/\/www.imep.pro\/en\/open-doors-day-may-6-2017\/#article","isPartOf":{"@id":"https:\/\/www.imep.pro\/en\/open-doors-day-may-6-2017\/"},"author":{"name":"Monart Agency","@id":"https:\/\/www.imep.pro\/#\/schema\/person\/47604aeec7b3f95425adb978491a0bcb"},"headline":"Open doors day may 6, 2017","datePublished":"2017-04-26T10:25:47+00:00","dateModified":"2017-04-26T17:39:04+00:00","mainEntityOfPage":{"@id":"https:\/\/www.imep.pro\/en\/open-doors-day-may-6-2017\/"},"wordCount":674,"commentCount":0,"publisher":{"@id":"https:\/\/www.imep.pro\/#organization"},"image":{"@id":"https:\/\/www.imep.pro\/en\/open-doors-day-may-6-2017\/#primaryimage"},"thumbnailUrl":"https:\/\/www.imep.pro\/wordpress\/wp-content\/uploads\/2017\/04\/portes-ouvertes-2.jpg","articleSection":["Agenda","News"],"inLanguage":"en-US","potentialAction":[{"@type":"CommentAction","name":"Comment","target":["https:\/\/www.imep.pro\/en\/open-doors-day-may-6-2017\/#respond"]}]},{"@type":"WebPage","@id":"https:\/\/www.imep.pro\/en\/open-doors-day-may-6-2017\/","url":"https:\/\/www.imep.pro\/en\/open-doors-day-may-6-2017\/","name":"Open doors day may 6, 2017 - IMEP","isPartOf":{"@id":"https:\/\/www.imep.pro\/#website"},"primaryImageOfPage":{"@id":"https:\/\/www.imep.pro\/en\/open-doors-day-may-6-2017\/#primaryimage"},"image":{"@id":"https:\/\/www.imep.pro\/en\/open-doors-day-may-6-2017\/#primaryimage"},"thumbnailUrl":"https:\/\/www.imep.pro\/wordpress\/wp-content\/uploads\/2017\/04\/portes-ouvertes-2.jpg","datePublished":"2017-04-26T10:25:47+00:00","dateModified":"2017-04-26T17:39:04+00:00","description":"IMEP Paris College of Music Organizes an open day Saturday May 6 from 10 am to 5 pm at 7 rue Emile Dubois Paris XIV, FRANCE","breadcrumb":{"@id":"https:\/\/www.imep.pro\/en\/open-doors-day-may-6-2017\/#breadcrumb"},"inLanguage":"en-US","potentialAction":[{"@type":"ReadAction","target":["https:\/\/www.imep.pro\/en\/open-doors-day-may-6-2017\/"]}]},{"@type":"ImageObject","inLanguage":"en-US","@id":"https:\/\/www.imep.pro\/en\/open-doors-day-may-6-2017\/#primaryimage","url":"https:\/\/www.imep.pro\/wordpress\/wp-content\/uploads\/2017\/04\/portes-ouvertes-2.jpg","contentUrl":"https:\/\/www.imep.pro\/wordpress\/wp-content\/uploads\/2017\/04\/portes-ouvertes-2.jpg","width":820,"height":312},{"@type":"BreadcrumbList","@id":"https:\/\/www.imep.pro\/en\/open-doors-day-may-6-2017\/#breadcrumb","itemListElement":[{"@type":"ListItem","position":1,"name":"Accueil","item":"https:\/\/www.imep.pro\/en\/music-school-paris\/"},{"@type":"ListItem","position":2,"name":"Agenda","item":"https:\/\/www.imep.pro\/en\/category\/agenda-en\/"},{"@type":"ListItem","position":3,"name":"Open doors day may 6, 2017"}]},{"@type":"WebSite","@id":"https:\/\/www.imep.pro\/#website","url":"https:\/\/www.imep.pro\/","name":"IMEP","description":"\u266a Paris College of music \u266a","publisher":{"@id":"https:\/\/www.imep.pro\/#organization"},"potentialAction":[{"@type":"SearchAction","target":{"@type":"EntryPoint","urlTemplate":"https:\/\/www.imep.pro\/?s={search_term_string}"},"query-input":{"@type":"PropertyValueSpecification","valueRequired":true,"valueName":"search_term_string"}}],"inLanguage":"en-US"},{"@type":"Organization","@id":"https:\/\/www.imep.pro\/#organization","name":"IMEP Paris College of Music","url":"https:\/\/www.imep.pro\/","logo":{"@type":"ImageObject","inLanguage":"en-US","@id":"https:\/\/www.imep.pro\/#\/schema\/logo\/image\/","url":"https:\/\/www.imep.pro\/wordpress\/wp-content\/uploads\/2016\/02\/cropped-imep_logo_original-favicon.png","contentUrl":"https:\/\/www.imep.pro\/wordpress\/wp-content\/uploads\/2016\/02\/cropped-imep_logo_original-favicon.png","width":512,"height":512,"caption":"IMEP Paris College of Music"},"image":{"@id":"https:\/\/www.imep.pro\/#\/schema\/logo\/image\/"},"sameAs":["http:\/\/www.facebook.com\/imep.pro","https:\/\/x.com\/imep_pro","https:\/\/www.instagram.com\/imepparis\/","https:\/\/www.linkedin.com\/company\/imep-paris-college-of-music\/","https:\/\/www.youtube.com\/user\/imusicparis"]},{"@type":"Person","@id":"https:\/\/www.imep.pro\/#\/schema\/person\/47604aeec7b3f95425adb978491a0bcb","name":"Monart Agency","image":{"@type":"ImageObject","inLanguage":"en-US","@id":"https:\/\/secure.gravatar.com\/avatar\/e140a68304568537b5ef59a50a21e9d951951179ecfb5a88c0fdfbb9131182cd?s=96&d=mm&r=g","url":"https:\/\/secure.gravatar.com\/avatar\/e140a68304568537b5ef59a50a21e9d951951179ecfb5a88c0fdfbb9131182cd?s=96&d=mm&r=g","contentUrl":"https:\/\/secure.gravatar.com\/avatar\/e140a68304568537b5ef59a50a21e9d951951179ecfb5a88c0fdfbb9131182cd?s=96&d=mm&r=g","caption":"Monart Agency"},"description":"Monart est une agence sp\u00e9cialis\u00e9e en communication musicale, pour des professionnels de la musique, \u00e0 la recherche de ce qui se fait de mieux dans le milieu artistique et musical du jazz, de la musique contemporaine et de la musique du monde et ce, dans le monde entier.","sameAs":["https:\/\/www.monartagency.com\/agence-communication-musicale","https:\/\/www.facebook.com\/monartagency\/","https:\/\/www.instagram.com\/monartagency\/","https:\/\/www.linkedin.com\/company\/monart-agency","https:\/\/x.com\/monartagency","https:\/\/www.youtube.com\/channel\/UC9H-2xb6TtKzqVT3XY-lcXw","https:\/\/soundcloud.com\/user-617326834"],"url":"https:\/\/www.imep.pro\/en\/author\/gustavo\/"}]}},"_links":{"self":[{"href":"https:\/\/www.imep.pro\/en\/wp-json\/wp\/v2\/posts\/4196","targetHints":{"allow":["GET"]}}],"collection":[{"href":"https:\/\/www.imep.pro\/en\/wp-json\/wp\/v2\/posts"}],"about":[{"href":"https:\/\/www.imep.pro\/en\/wp-json\/wp\/v2\/types\/post"}],"author":[{"embeddable":true,"href":"https:\/\/www.imep.pro\/en\/wp-json\/wp\/v2\/users\/5"}],"replies":[{"embeddable":true,"href":"https:\/\/www.imep.pro\/en\/wp-json\/wp\/v2\/comments?post=4196"}],"version-history":[{"count":0,"href":"https:\/\/www.imep.pro\/en\/wp-json\/wp\/v2\/posts\/4196\/revisions"}],"wp:featuredmedia":[{"embeddable":true,"href":"https:\/\/www.imep.pro\/en\/wp-json\/wp\/v2\/media\/4167"}],"wp:attachment":[{"href":"https:\/\/www.imep.pro\/en\/wp-json\/wp\/v2\/media?parent=4196"}],"wp:term":[{"taxonomy":"category","embeddable":true,"href":"https:\/\/www.imep.pro\/en\/wp-json\/wp\/v2\/categories?post=4196"},{"taxonomy":"post_tag","embeddable":true,"href":"https:\/\/www.imep.pro\/en\/wp-json\/wp\/v2\/tags?post=4196"},{"taxonomy":"dipi_cpt_category","embeddable":true,"href":"https:\/\/www.imep.pro\/en\/wp-json\/wp\/v2\/dipi_cpt_category?post=4196"}],"curies":[{"name":"wp","href":"https:\/\/api.w.org\/{rel}","templated":true}]}}