{"id":3652,"date":"2016-12-11T17:56:30","date_gmt":"2016-12-11T16:56:30","guid":{"rendered":"http:\/\/www.imep.pro\/semaine-berklee-a-limep-%e2%80%a2-paris-college-of-music\/"},"modified":"2017-01-12T18:09:12","modified_gmt":"2017-01-12T17:09:12","slug":"berklee-week-at-imep-%e2%80%a2-paris-college-of-music","status":"publish","type":"post","link":"https:\/\/www.imep.pro\/en\/berklee-week-at-imep-%e2%80%a2-paris-college-of-music\/","title":{"rendered":"Berklee\u00a0week at IMEP \u2022 Paris College of Music"},"content":{"rendered":"<p>[et_pb_section admin_label=&#8221;section&#8221;][et_pb_row admin_label=&#8221;row&#8221;][et_pb_column type=&#8221;4_4&#8243;][et_pb_text admin_label=&#8221;Texte&#8221; background_layout=&#8221;light&#8221; text_orientation=&#8221;left&#8221; use_border_color=&#8221;off&#8221; border_color=&#8221;#ffffff&#8221; border_style=&#8221;solid&#8221;]<\/p>\n<h2 class=\"sous-section\" style=\"text-align: center;\">Berklee week at IMEP\u00a0\u2022 Paris College of Music<\/h2>\n<p>#IMEP\u00a0\u2219Paris College of Music has the great pleasure of hosting internationally renowned #Berklee College of Music.\u00a0\u23ae\u00a0#IMEP \u2022 Paris College of Music a le grand plaisir d&#8217;accueillir l\u2019\u00e9cole de musique am\u00e9ricaine de renomm\u00e9e internationale #Berklee College of Music.<\/p>\n<p>Berklee faculty members and staff will be present at IMEP\u00a0\u2219Paris College of Music to\u00a0to hold their annual Berklee Audition &amp; Interview sessions in Paris, and\u00a0present several events (masterclass, information session) during the week of January 30 &#8211; February 4, 2017.<\/p>\n<p>For musicians and music students wishing to participate in the upcoming Berklee A &amp; I sessions at IMEP\u00a0\u2219Paris College of Music as part of their application process at Berklee: please use the links below to obtain more detailed information about applying for Berklee\u2019s undergraduate or graduate programs.<\/p>\n<p><u><a href=\"https:\/\/www.berklee.edu\/admissions\/undergraduate\" target=\"_blank\">https:\/\/www.berklee.edu\/admissions\/undergraduate<\/a><\/u><\/p>\n<p><u><a href=\"https:\/\/www.berklee.edu\/admissions\/graduate\" target=\"_blank\">https:\/\/www.berklee.edu\/admissions\/graduate<\/a><\/u><\/p>\n<p>All applicants wishing to apply to Berklee and participate in the upcoming Audition &amp; Interview sessions at IMEP will be required to complete their application process at the following address:<\/p>\n<p><u><a href=\"http:\/\/apply.berklee.edu\/\" target=\"_blank\">apply.berklee.edu<\/a><\/u><\/p>\n<p>Please note that IMEP \u2022 Paris College of Music staff will be happy to help local musicians with their application process for Berklee. However all decisions concerning admissibility as well as times and dates for your auditions will be determined exclusively by Berklee College of Music staff.<\/p>\n<h3 class=\"sous-section\" style=\"text-align: center;\">Semaine Berklee\u00a0\u00e0 l\u2019IMEP \u2022 Paris College of Music<\/h3>\n<p>Professeurs et\u00a0membres de l\u2019administration\u00a0de Berklee College of Music seront pr\u00e9sents \u00e0 l&#8217;IMEP \u2022 Paris College of Music pendant la semaine du\u00a030 janvier au 4 f\u00e9vrier 2017\u00a0pour\u00a0conduire leurs sessions annuelles d\u2019auditions &amp; interviews \u00e0 Paris, et pr\u00e9senteront \u00e9galement\u00a0plusieurs \u00e9v\u00e8nements (masterclass, session d&#8217;information).<\/p>\n<p>Les\u00a0musiciens et \u00e9tudiants en musique qui souhaiteraient participer \u00e0 ces sessions A&amp;I en tant que candidats \u00e0 l&#8217;admissibilit\u00e9 \u00e0 Berklee sont invit\u00e9s\u00a0\u00e0 consulter les liens suivants pour prendre connaissance de la proc\u00e9dure d\u2019acc\u00e8s aux programmes Bachelor (undergraduate) et Master (graduate):<\/p>\n<p><a href=\"https:\/\/www.berklee.edu\/admissions\/undergraduate\" target=\"_blank\">https:\/\/www.berklee.edu\/admissions\/undergraduate<\/a><br \/>\n<a href=\"https:\/\/www.berklee.edu\/admissions\/graduate\" target=\"_blank\">https:\/\/www.berklee.edu\/admissions\/graduate<\/a><\/p>\n<p>Tous les candidats doivent imp\u00e9rativement compl\u00e9ter leur proc\u00e9dure d&#8217;inscription\u00a0\u00e0\u00a0l\u2019adresse suivante:<\/p>\n<p><a href=\"http:\/\/apply.berklee.edu\" target=\"_blank\">apply.berklee.edu<\/a><\/p>\n<p>Note importante :\u00a0le personnel de l\u2019IMEP se tient \u00e0 votre disposition pour\u00a0vous assister, si n\u00e9cessaire,\u00a0dans votre proc\u00e9dure de candidature. Toutefois, nous vous rappelons que toute d\u00e9cision concernant\u00a0l\u2019admissibilit\u00e9 et\u00a0l\u2019attribution de cr\u00e9neaux horaires pour\u00a0les\u00a0auditions est\u00a0exclusivement\u00a0g\u00e9r\u00e9e par Berklee College of Music.<\/p>\n<p>#musiceducation #Berklee #imep #pariscollegeofmusic #auditions #international #musicindustry #musicschool #ecoledemusique<\/p>\n<p>[\/et_pb_text][\/et_pb_column][\/et_pb_row][\/et_pb_section]<\/p>\n","protected":false},"excerpt":{"rendered":"<p>[et_pb_section admin_label=&#8221;section&#8221;][et_pb_row admin_label=&#8221;row&#8221;][et_pb_column type=&#8221;4_4&#8243;][et_pb_text admin_label=&#8221;Texte&#8221; background_layout=&#8221;light&#8221; text_orientation=&#8221;left&#8221; use_border_color=&#8221;off&#8221; border_color=&#8221;#ffffff&#8221; border_style=&#8221;solid&#8221;] Berklee week at IMEP\u00a0\u2022 Paris College of Music #IMEP\u00a0\u2219Paris College of Music has the great pleasure of hosting internationally renowned [&hellip;]<\/p>\n","protected":false},"author":5,"featured_media":3771,"comment_status":"open","ping_status":"open","sticky":false,"template":"","format":"standard","meta":{"_et_pb_use_builder":"","_et_pb_old_content":"","_et_gb_content_width":"","footnotes":""},"categories":[18,17],"tags":[],"dipi_cpt_category":[],"class_list":["post-3652","post","type-post","status-publish","format-standard","has-post-thumbnail","hentry","category-agenda-en","category-actus-en"],"yoast_head":"<!-- This site is optimized with the Yoast SEO plugin v27.4 - https:\/\/yoast.com\/product\/yoast-seo-wordpress\/ -->\n<title>Berklee\u00a0week at IMEP \u2022 Paris College of Music - IMEP<\/title>\n<meta name=\"description\" content=\"Berklee College of Music sera pr\u00e9sent \u00e0 l&#039;IMEP \u2022 Paris College of Music du 30 janvier au 4 f\u00e9vrier 2017 pour les sessions annuelles d\u2019auditions nationales.\" \/>\n<meta name=\"robots\" content=\"index, follow, max-snippet:-1, max-image-preview:large, max-video-preview:-1\" \/>\n<link rel=\"canonical\" href=\"https:\/\/www.imep.pro\/en\/berklee-week-at-imep-\u2022-paris-college-of-music\/\" \/>\n<meta property=\"og:locale\" content=\"en_US\" \/>\n<meta property=\"og:type\" content=\"article\" \/>\n<meta property=\"og:title\" content=\"Berklee\u00a0week at IMEP \u2022 Paris College of Music - IMEP\" \/>\n<meta property=\"og:description\" content=\"Berklee College of Music sera pr\u00e9sent \u00e0 l&#039;IMEP \u2022 Paris College of Music du 30 janvier au 4 f\u00e9vrier 2017 pour les sessions annuelles d\u2019auditions nationales.\" \/>\n<meta property=\"og:url\" content=\"https:\/\/www.imep.pro\/en\/berklee-week-at-imep-\u2022-paris-college-of-music\/\" \/>\n<meta property=\"og:site_name\" content=\"IMEP\" \/>\n<meta property=\"article:publisher\" content=\"http:\/\/www.facebook.com\/imep.pro\" \/>\n<meta property=\"article:author\" content=\"https:\/\/www.facebook.com\/monartagency\/\" \/>\n<meta property=\"article:published_time\" content=\"2016-12-11T16:56:30+00:00\" \/>\n<meta property=\"article:modified_time\" content=\"2017-01-12T17:09:12+00:00\" \/>\n<meta property=\"og:image\" content=\"https:\/\/www.imep.pro\/wordpress\/wp-content\/uploads\/2016\/12\/Image-Berklee.jpg\" \/>\n\t<meta property=\"og:image:width\" content=\"1024\" \/>\n\t<meta property=\"og:image:height\" content=\"600\" \/>\n\t<meta property=\"og:image:type\" content=\"image\/jpeg\" \/>\n<meta name=\"author\" content=\"Monart Agency\" \/>\n<meta name=\"twitter:card\" content=\"summary_large_image\" \/>\n<meta name=\"twitter:creator\" content=\"@monartagency\" \/>\n<meta name=\"twitter:site\" content=\"@imep_pro\" \/>\n<meta name=\"twitter:label1\" content=\"Written by\" \/>\n\t<meta name=\"twitter:data1\" content=\"Monart Agency\" \/>\n\t<meta name=\"twitter:label2\" content=\"Est. reading time\" \/>\n\t<meta name=\"twitter:data2\" content=\"2 minutes\" \/>\n<script type=\"application\/ld+json\" class=\"yoast-schema-graph\">{\"@context\":\"https:\\\/\\\/schema.org\",\"@graph\":[{\"@type\":\"Article\",\"@id\":\"https:\\\/\\\/www.imep.pro\\\/en\\\/berklee-week-at-imep-%e2%80%a2-paris-college-of-music\\\/#article\",\"isPartOf\":{\"@id\":\"https:\\\/\\\/www.imep.pro\\\/en\\\/berklee-week-at-imep-%e2%80%a2-paris-college-of-music\\\/\"},\"author\":{\"name\":\"Monart Agency\",\"@id\":\"https:\\\/\\\/www.imep.pro\\\/#\\\/schema\\\/person\\\/47604aeec7b3f95425adb978491a0bcb\"},\"headline\":\"Berklee\u00a0week at IMEP \u2022 Paris College of Music\",\"datePublished\":\"2016-12-11T16:56:30+00:00\",\"dateModified\":\"2017-01-12T17:09:12+00:00\",\"mainEntityOfPage\":{\"@id\":\"https:\\\/\\\/www.imep.pro\\\/en\\\/berklee-week-at-imep-%e2%80%a2-paris-college-of-music\\\/\"},\"wordCount\":484,\"commentCount\":0,\"publisher\":{\"@id\":\"https:\\\/\\\/www.imep.pro\\\/#organization\"},\"image\":{\"@id\":\"https:\\\/\\\/www.imep.pro\\\/en\\\/berklee-week-at-imep-%e2%80%a2-paris-college-of-music\\\/#primaryimage\"},\"thumbnailUrl\":\"https:\\\/\\\/www.imep.pro\\\/wordpress\\\/wp-content\\\/uploads\\\/2016\\\/12\\\/Image-Berklee.jpg\",\"articleSection\":[\"Agenda\",\"News\"],\"inLanguage\":\"en-US\",\"potentialAction\":[{\"@type\":\"CommentAction\",\"name\":\"Comment\",\"target\":[\"https:\\\/\\\/www.imep.pro\\\/en\\\/berklee-week-at-imep-%e2%80%a2-paris-college-of-music\\\/#respond\"]}]},{\"@type\":\"WebPage\",\"@id\":\"https:\\\/\\\/www.imep.pro\\\/en\\\/berklee-week-at-imep-%e2%80%a2-paris-college-of-music\\\/\",\"url\":\"https:\\\/\\\/www.imep.pro\\\/en\\\/berklee-week-at-imep-%e2%80%a2-paris-college-of-music\\\/\",\"name\":\"Berklee\u00a0week at IMEP \u2022 Paris College of Music - IMEP\",\"isPartOf\":{\"@id\":\"https:\\\/\\\/www.imep.pro\\\/#website\"},\"primaryImageOfPage\":{\"@id\":\"https:\\\/\\\/www.imep.pro\\\/en\\\/berklee-week-at-imep-%e2%80%a2-paris-college-of-music\\\/#primaryimage\"},\"image\":{\"@id\":\"https:\\\/\\\/www.imep.pro\\\/en\\\/berklee-week-at-imep-%e2%80%a2-paris-college-of-music\\\/#primaryimage\"},\"thumbnailUrl\":\"https:\\\/\\\/www.imep.pro\\\/wordpress\\\/wp-content\\\/uploads\\\/2016\\\/12\\\/Image-Berklee.jpg\",\"datePublished\":\"2016-12-11T16:56:30+00:00\",\"dateModified\":\"2017-01-12T17:09:12+00:00\",\"description\":\"Berklee College of Music sera pr\u00e9sent \u00e0 l'IMEP \u2022 Paris College of Music du 30 janvier au 4 f\u00e9vrier 2017 pour les sessions annuelles d\u2019auditions nationales.\",\"breadcrumb\":{\"@id\":\"https:\\\/\\\/www.imep.pro\\\/en\\\/berklee-week-at-imep-%e2%80%a2-paris-college-of-music\\\/#breadcrumb\"},\"inLanguage\":\"en-US\",\"potentialAction\":[{\"@type\":\"ReadAction\",\"target\":[\"https:\\\/\\\/www.imep.pro\\\/en\\\/berklee-week-at-imep-%e2%80%a2-paris-college-of-music\\\/\"]}]},{\"@type\":\"ImageObject\",\"inLanguage\":\"en-US\",\"@id\":\"https:\\\/\\\/www.imep.pro\\\/en\\\/berklee-week-at-imep-%e2%80%a2-paris-college-of-music\\\/#primaryimage\",\"url\":\"https:\\\/\\\/www.imep.pro\\\/wordpress\\\/wp-content\\\/uploads\\\/2016\\\/12\\\/Image-Berklee.jpg\",\"contentUrl\":\"https:\\\/\\\/www.imep.pro\\\/wordpress\\\/wp-content\\\/uploads\\\/2016\\\/12\\\/Image-Berklee.jpg\",\"width\":1024,\"height\":600},{\"@type\":\"BreadcrumbList\",\"@id\":\"https:\\\/\\\/www.imep.pro\\\/en\\\/berklee-week-at-imep-%e2%80%a2-paris-college-of-music\\\/#breadcrumb\",\"itemListElement\":[{\"@type\":\"ListItem\",\"position\":1,\"name\":\"Accueil\",\"item\":\"https:\\\/\\\/www.imep.pro\\\/en\\\/music-school-paris\\\/\"},{\"@type\":\"ListItem\",\"position\":2,\"name\":\"Agenda\",\"item\":\"https:\\\/\\\/www.imep.pro\\\/en\\\/category\\\/agenda-en\\\/\"},{\"@type\":\"ListItem\",\"position\":3,\"name\":\"Berklee\u00a0week at IMEP \u2022 Paris College of Music\"}]},{\"@type\":\"WebSite\",\"@id\":\"https:\\\/\\\/www.imep.pro\\\/#website\",\"url\":\"https:\\\/\\\/www.imep.pro\\\/\",\"name\":\"IMEP\",\"description\":\"\u266a Paris College of music \u266a\",\"publisher\":{\"@id\":\"https:\\\/\\\/www.imep.pro\\\/#organization\"},\"potentialAction\":[{\"@type\":\"SearchAction\",\"target\":{\"@type\":\"EntryPoint\",\"urlTemplate\":\"https:\\\/\\\/www.imep.pro\\\/?s={search_term_string}\"},\"query-input\":{\"@type\":\"PropertyValueSpecification\",\"valueRequired\":true,\"valueName\":\"search_term_string\"}}],\"inLanguage\":\"en-US\"},{\"@type\":\"Organization\",\"@id\":\"https:\\\/\\\/www.imep.pro\\\/#organization\",\"name\":\"IMEP Paris College of Music\",\"url\":\"https:\\\/\\\/www.imep.pro\\\/\",\"logo\":{\"@type\":\"ImageObject\",\"inLanguage\":\"en-US\",\"@id\":\"https:\\\/\\\/www.imep.pro\\\/#\\\/schema\\\/logo\\\/image\\\/\",\"url\":\"https:\\\/\\\/www.imep.pro\\\/wordpress\\\/wp-content\\\/uploads\\\/2016\\\/02\\\/cropped-imep_logo_original-favicon.png\",\"contentUrl\":\"https:\\\/\\\/www.imep.pro\\\/wordpress\\\/wp-content\\\/uploads\\\/2016\\\/02\\\/cropped-imep_logo_original-favicon.png\",\"width\":512,\"height\":512,\"caption\":\"IMEP Paris College of Music\"},\"image\":{\"@id\":\"https:\\\/\\\/www.imep.pro\\\/#\\\/schema\\\/logo\\\/image\\\/\"},\"sameAs\":[\"http:\\\/\\\/www.facebook.com\\\/imep.pro\",\"https:\\\/\\\/x.com\\\/imep_pro\",\"https:\\\/\\\/www.instagram.com\\\/imepparis\\\/\",\"https:\\\/\\\/www.linkedin.com\\\/company\\\/imep-paris-college-of-music\\\/\",\"https:\\\/\\\/www.youtube.com\\\/user\\\/imusicparis\"]},{\"@type\":\"Person\",\"@id\":\"https:\\\/\\\/www.imep.pro\\\/#\\\/schema\\\/person\\\/47604aeec7b3f95425adb978491a0bcb\",\"name\":\"Monart Agency\",\"image\":{\"@type\":\"ImageObject\",\"inLanguage\":\"en-US\",\"@id\":\"https:\\\/\\\/secure.gravatar.com\\\/avatar\\\/e140a68304568537b5ef59a50a21e9d951951179ecfb5a88c0fdfbb9131182cd?s=96&d=mm&r=g\",\"url\":\"https:\\\/\\\/secure.gravatar.com\\\/avatar\\\/e140a68304568537b5ef59a50a21e9d951951179ecfb5a88c0fdfbb9131182cd?s=96&d=mm&r=g\",\"contentUrl\":\"https:\\\/\\\/secure.gravatar.com\\\/avatar\\\/e140a68304568537b5ef59a50a21e9d951951179ecfb5a88c0fdfbb9131182cd?s=96&d=mm&r=g\",\"caption\":\"Monart Agency\"},\"description\":\"Monart est une agence sp\u00e9cialis\u00e9e en communication musicale, pour des professionnels de la musique, \u00e0 la recherche de ce qui se fait de mieux dans le milieu artistique et musical du jazz, de la musique contemporaine et de la musique du monde et ce, dans le monde entier.\",\"sameAs\":[\"https:\\\/\\\/www.monartagency.com\\\/agence-communication-musicale\",\"https:\\\/\\\/www.facebook.com\\\/monartagency\\\/\",\"https:\\\/\\\/www.instagram.com\\\/monartagency\\\/\",\"https:\\\/\\\/www.linkedin.com\\\/company\\\/monart-agency\",\"https:\\\/\\\/x.com\\\/monartagency\",\"https:\\\/\\\/www.youtube.com\\\/channel\\\/UC9H-2xb6TtKzqVT3XY-lcXw\",\"https:\\\/\\\/soundcloud.com\\\/user-617326834\"],\"url\":\"https:\\\/\\\/www.imep.pro\\\/en\\\/author\\\/gustavo\\\/\"}]}<\/script>\n<!-- \/ Yoast SEO plugin. -->","yoast_head_json":{"title":"Berklee\u00a0week at IMEP \u2022 Paris College of Music - IMEP","description":"Berklee College of Music sera pr\u00e9sent \u00e0 l'IMEP \u2022 Paris College of Music du 30 janvier au 4 f\u00e9vrier 2017 pour les sessions annuelles d\u2019auditions nationales.","robots":{"index":"index","follow":"follow","max-snippet":"max-snippet:-1","max-image-preview":"max-image-preview:large","max-video-preview":"max-video-preview:-1"},"canonical":"https:\/\/www.imep.pro\/en\/berklee-week-at-imep-\u2022-paris-college-of-music\/","og_locale":"en_US","og_type":"article","og_title":"Berklee\u00a0week at IMEP \u2022 Paris College of Music - IMEP","og_description":"Berklee College of Music sera pr\u00e9sent \u00e0 l'IMEP \u2022 Paris College of Music du 30 janvier au 4 f\u00e9vrier 2017 pour les sessions annuelles d\u2019auditions nationales.","og_url":"https:\/\/www.imep.pro\/en\/berklee-week-at-imep-\u2022-paris-college-of-music\/","og_site_name":"IMEP","article_publisher":"http:\/\/www.facebook.com\/imep.pro","article_author":"https:\/\/www.facebook.com\/monartagency\/","article_published_time":"2016-12-11T16:56:30+00:00","article_modified_time":"2017-01-12T17:09:12+00:00","og_image":[{"width":1024,"height":600,"url":"https:\/\/www.imep.pro\/wordpress\/wp-content\/uploads\/2016\/12\/Image-Berklee.jpg","type":"image\/jpeg"}],"author":"Monart Agency","twitter_card":"summary_large_image","twitter_creator":"@monartagency","twitter_site":"@imep_pro","twitter_misc":{"Written by":"Monart Agency","Est. reading time":"2 minutes"},"schema":{"@context":"https:\/\/schema.org","@graph":[{"@type":"Article","@id":"https:\/\/www.imep.pro\/en\/berklee-week-at-imep-%e2%80%a2-paris-college-of-music\/#article","isPartOf":{"@id":"https:\/\/www.imep.pro\/en\/berklee-week-at-imep-%e2%80%a2-paris-college-of-music\/"},"author":{"name":"Monart Agency","@id":"https:\/\/www.imep.pro\/#\/schema\/person\/47604aeec7b3f95425adb978491a0bcb"},"headline":"Berklee\u00a0week at IMEP \u2022 Paris College of Music","datePublished":"2016-12-11T16:56:30+00:00","dateModified":"2017-01-12T17:09:12+00:00","mainEntityOfPage":{"@id":"https:\/\/www.imep.pro\/en\/berklee-week-at-imep-%e2%80%a2-paris-college-of-music\/"},"wordCount":484,"commentCount":0,"publisher":{"@id":"https:\/\/www.imep.pro\/#organization"},"image":{"@id":"https:\/\/www.imep.pro\/en\/berklee-week-at-imep-%e2%80%a2-paris-college-of-music\/#primaryimage"},"thumbnailUrl":"https:\/\/www.imep.pro\/wordpress\/wp-content\/uploads\/2016\/12\/Image-Berklee.jpg","articleSection":["Agenda","News"],"inLanguage":"en-US","potentialAction":[{"@type":"CommentAction","name":"Comment","target":["https:\/\/www.imep.pro\/en\/berklee-week-at-imep-%e2%80%a2-paris-college-of-music\/#respond"]}]},{"@type":"WebPage","@id":"https:\/\/www.imep.pro\/en\/berklee-week-at-imep-%e2%80%a2-paris-college-of-music\/","url":"https:\/\/www.imep.pro\/en\/berklee-week-at-imep-%e2%80%a2-paris-college-of-music\/","name":"Berklee\u00a0week at IMEP \u2022 Paris College of Music - IMEP","isPartOf":{"@id":"https:\/\/www.imep.pro\/#website"},"primaryImageOfPage":{"@id":"https:\/\/www.imep.pro\/en\/berklee-week-at-imep-%e2%80%a2-paris-college-of-music\/#primaryimage"},"image":{"@id":"https:\/\/www.imep.pro\/en\/berklee-week-at-imep-%e2%80%a2-paris-college-of-music\/#primaryimage"},"thumbnailUrl":"https:\/\/www.imep.pro\/wordpress\/wp-content\/uploads\/2016\/12\/Image-Berklee.jpg","datePublished":"2016-12-11T16:56:30+00:00","dateModified":"2017-01-12T17:09:12+00:00","description":"Berklee College of Music sera pr\u00e9sent \u00e0 l'IMEP \u2022 Paris College of Music du 30 janvier au 4 f\u00e9vrier 2017 pour les sessions annuelles d\u2019auditions nationales.","breadcrumb":{"@id":"https:\/\/www.imep.pro\/en\/berklee-week-at-imep-%e2%80%a2-paris-college-of-music\/#breadcrumb"},"inLanguage":"en-US","potentialAction":[{"@type":"ReadAction","target":["https:\/\/www.imep.pro\/en\/berklee-week-at-imep-%e2%80%a2-paris-college-of-music\/"]}]},{"@type":"ImageObject","inLanguage":"en-US","@id":"https:\/\/www.imep.pro\/en\/berklee-week-at-imep-%e2%80%a2-paris-college-of-music\/#primaryimage","url":"https:\/\/www.imep.pro\/wordpress\/wp-content\/uploads\/2016\/12\/Image-Berklee.jpg","contentUrl":"https:\/\/www.imep.pro\/wordpress\/wp-content\/uploads\/2016\/12\/Image-Berklee.jpg","width":1024,"height":600},{"@type":"BreadcrumbList","@id":"https:\/\/www.imep.pro\/en\/berklee-week-at-imep-%e2%80%a2-paris-college-of-music\/#breadcrumb","itemListElement":[{"@type":"ListItem","position":1,"name":"Accueil","item":"https:\/\/www.imep.pro\/en\/music-school-paris\/"},{"@type":"ListItem","position":2,"name":"Agenda","item":"https:\/\/www.imep.pro\/en\/category\/agenda-en\/"},{"@type":"ListItem","position":3,"name":"Berklee\u00a0week at IMEP \u2022 Paris College of Music"}]},{"@type":"WebSite","@id":"https:\/\/www.imep.pro\/#website","url":"https:\/\/www.imep.pro\/","name":"IMEP","description":"\u266a Paris College of music \u266a","publisher":{"@id":"https:\/\/www.imep.pro\/#organization"},"potentialAction":[{"@type":"SearchAction","target":{"@type":"EntryPoint","urlTemplate":"https:\/\/www.imep.pro\/?s={search_term_string}"},"query-input":{"@type":"PropertyValueSpecification","valueRequired":true,"valueName":"search_term_string"}}],"inLanguage":"en-US"},{"@type":"Organization","@id":"https:\/\/www.imep.pro\/#organization","name":"IMEP Paris College of Music","url":"https:\/\/www.imep.pro\/","logo":{"@type":"ImageObject","inLanguage":"en-US","@id":"https:\/\/www.imep.pro\/#\/schema\/logo\/image\/","url":"https:\/\/www.imep.pro\/wordpress\/wp-content\/uploads\/2016\/02\/cropped-imep_logo_original-favicon.png","contentUrl":"https:\/\/www.imep.pro\/wordpress\/wp-content\/uploads\/2016\/02\/cropped-imep_logo_original-favicon.png","width":512,"height":512,"caption":"IMEP Paris College of Music"},"image":{"@id":"https:\/\/www.imep.pro\/#\/schema\/logo\/image\/"},"sameAs":["http:\/\/www.facebook.com\/imep.pro","https:\/\/x.com\/imep_pro","https:\/\/www.instagram.com\/imepparis\/","https:\/\/www.linkedin.com\/company\/imep-paris-college-of-music\/","https:\/\/www.youtube.com\/user\/imusicparis"]},{"@type":"Person","@id":"https:\/\/www.imep.pro\/#\/schema\/person\/47604aeec7b3f95425adb978491a0bcb","name":"Monart Agency","image":{"@type":"ImageObject","inLanguage":"en-US","@id":"https:\/\/secure.gravatar.com\/avatar\/e140a68304568537b5ef59a50a21e9d951951179ecfb5a88c0fdfbb9131182cd?s=96&d=mm&r=g","url":"https:\/\/secure.gravatar.com\/avatar\/e140a68304568537b5ef59a50a21e9d951951179ecfb5a88c0fdfbb9131182cd?s=96&d=mm&r=g","contentUrl":"https:\/\/secure.gravatar.com\/avatar\/e140a68304568537b5ef59a50a21e9d951951179ecfb5a88c0fdfbb9131182cd?s=96&d=mm&r=g","caption":"Monart Agency"},"description":"Monart est une agence sp\u00e9cialis\u00e9e en communication musicale, pour des professionnels de la musique, \u00e0 la recherche de ce qui se fait de mieux dans le milieu artistique et musical du jazz, de la musique contemporaine et de la musique du monde et ce, dans le monde entier.","sameAs":["https:\/\/www.monartagency.com\/agence-communication-musicale","https:\/\/www.facebook.com\/monartagency\/","https:\/\/www.instagram.com\/monartagency\/","https:\/\/www.linkedin.com\/company\/monart-agency","https:\/\/x.com\/monartagency","https:\/\/www.youtube.com\/channel\/UC9H-2xb6TtKzqVT3XY-lcXw","https:\/\/soundcloud.com\/user-617326834"],"url":"https:\/\/www.imep.pro\/en\/author\/gustavo\/"}]}},"_links":{"self":[{"href":"https:\/\/www.imep.pro\/en\/wp-json\/wp\/v2\/posts\/3652","targetHints":{"allow":["GET"]}}],"collection":[{"href":"https:\/\/www.imep.pro\/en\/wp-json\/wp\/v2\/posts"}],"about":[{"href":"https:\/\/www.imep.pro\/en\/wp-json\/wp\/v2\/types\/post"}],"author":[{"embeddable":true,"href":"https:\/\/www.imep.pro\/en\/wp-json\/wp\/v2\/users\/5"}],"replies":[{"embeddable":true,"href":"https:\/\/www.imep.pro\/en\/wp-json\/wp\/v2\/comments?post=3652"}],"version-history":[{"count":0,"href":"https:\/\/www.imep.pro\/en\/wp-json\/wp\/v2\/posts\/3652\/revisions"}],"wp:featuredmedia":[{"embeddable":true,"href":"https:\/\/www.imep.pro\/en\/wp-json\/wp\/v2\/media\/3771"}],"wp:attachment":[{"href":"https:\/\/www.imep.pro\/en\/wp-json\/wp\/v2\/media?parent=3652"}],"wp:term":[{"taxonomy":"category","embeddable":true,"href":"https:\/\/www.imep.pro\/en\/wp-json\/wp\/v2\/categories?post=3652"},{"taxonomy":"post_tag","embeddable":true,"href":"https:\/\/www.imep.pro\/en\/wp-json\/wp\/v2\/tags?post=3652"},{"taxonomy":"dipi_cpt_category","embeddable":true,"href":"https:\/\/www.imep.pro\/en\/wp-json\/wp\/v2\/dipi_cpt_category?post=3652"}],"curies":[{"name":"wp","href":"https:\/\/api.w.org\/{rel}","templated":true}]}}