{"id":3467,"date":"2016-10-09T21:05:15","date_gmt":"2016-10-09T20:05:15","guid":{"rendered":"http:\/\/www.imep.pro\/en\/?p=3467"},"modified":"2016-10-09T21:05:15","modified_gmt":"2016-10-09T20:05:15","slug":"music-business-sebastien-vidal-imep-paris","status":"publish","type":"post","link":"https:\/\/www.imep.pro\/en\/music-business-sebastien-vidal-imep-paris\/","title":{"rendered":"S\u00e9bastien Vidal conference at the IMEP \u2022 Paris College of Music"},"content":{"rendered":"<p>[et_pb_section admin_label=&#8221;section&#8221;][et_pb_row admin_label=&#8221;row&#8221;][et_pb_column type=&#8221;1_2&#8243;][et_pb_text admin_label=&#8221;Texte&#8221; background_layout=&#8221;light&#8221; text_orientation=&#8221;left&#8221; use_border_color=&#8221;off&#8221; border_color=&#8221;#ffffff&#8221; border_style=&#8221;solid&#8221;]<\/p>\n<h2 class=\"sous-section\">S\u00e9bastien Vidal conference at the IMEP \u2022 PCOM<\/h2>\n<p>S\u00e9bastien Vidal will talk about &#8220;Everything you ever wanted to know about the music business but that you have never asked for&#8221;<\/p>\n<p>Monday, October 17 from 14h to 17h at the IMEP \u2022 Paris College of Music, 7 rue Emile Dubois 75014 Paris. France<\/p>\n<p>Free admission, reservations required. Spaces are available for external auditors, but IMEP students have priority.<\/p>\n<p>To register, please apply exclusively by e-mail to <strong>info@imep.pro<\/strong> with the subject <strong>&#8220;S\u00e9bastien Vidal Conference at the IMEP Paris.&#8221;<\/strong> Limited places.<\/p>\n<p>[\/et_pb_text][\/et_pb_column][et_pb_column type=&#8221;1_2&#8243;][et_pb_image admin_label=&#8221;Image&#8221; src=&#8221;http:\/\/www.imep.pro\/wordpress\/wp-content\/uploads\/2016\/10\/Affiche-Masterclass-Sebastien-Vidal-IMEPpcom.jpg&#8221; show_in_lightbox=&#8221;off&#8221; url_new_window=&#8221;off&#8221; use_overlay=&#8221;off&#8221; animation=&#8221;left&#8221; sticky=&#8221;off&#8221; align=&#8221;left&#8221; force_fullwidth=&#8221;off&#8221; always_center_on_mobile=&#8221;on&#8221; use_border_color=&#8221;off&#8221; border_color=&#8221;#ffffff&#8221; border_style=&#8221;solid&#8221;] [\/et_pb_image][\/et_pb_column][\/et_pb_row][et_pb_row admin_label=&#8221;row&#8221;][et_pb_column type=&#8221;4_4&#8243;][et_pb_text admin_label=&#8221;Texte&#8221; background_layout=&#8221;light&#8221; text_orientation=&#8221;left&#8221; use_border_color=&#8221;off&#8221; border_color=&#8221;#ffffff&#8221; border_style=&#8221;solid&#8221;]<\/p>\n<h2 class=\"sous-section\">Jazziographie<\/h2>\n<h3 class=\"sous-section\">Un parcours musical<\/h3>\n<p>En parall\u00e8le \u00e0 des \u00e9tudes de Sciences et de Lettres, S\u00e9bastien Vidal est musicien de formation. Il a suivi les cours de l\u2019American School of Modern Music. En 1996, il cr\u00e9e son quintet. Avec cette formation, il enregistre \u00ab From Swing To Bop \u00bb. Ce groupe se produira en club \u00e0 Paris (Huchette, Slow Club, Petit Opportun, Bilboquet, Duc des Lombards) et en France sur des sc\u00e8nes internationales (Festival de Nice, Bayonne, Festival Django Reinhardt de Samois-Sur-Seine).<br \/>\nParall\u00e8lement, il entre dans l\u2019orchestre du pianiste Fabrice Eulry et le big-band de Michel Pastre. Il a jou\u00e9 notamment avec Clark Terry, Al Casey, Buba Brooks ou encore Claude Tissendier.<\/p>\n<h3 class=\"sous-section\">Direction artistique et programmation<\/h3>\n<p>S\u00e9bastien Vidal coordonne, depuis dix ans, la direction artistique du Festival Django Reinhardt de Samois-sur-Seine. Il coordonne et dirige \u00e9galement la programmation du Duc des Lombards.<br \/>\nIl est depuis 2013, le directeur artistique du Nice Jazz Festival.<br \/>\nEn 2016 il a aussi \u00e9t\u00e9 nomm\u00e9 par l&#8217;Union Europ\u00e9enne directeur artistique du Festival marocain \u00ab Jazz Au Chellah \u00bb \u00e0 Rabat, au Maroc.<\/p>\n<h3 class=\"sous-section\">cr\u00e9ateur d&#8217;\u00e9v\u00e9nements en partenariat avec TSF<\/h3>\n<p>Il cr\u00e9e, avec la radio TSFJAZZ :<br \/>\n&#8211; la soir\u00e9e You and the Night And The Music,<br \/>\n&#8211; le festival \u00ab French Quarter \u00bb \u00e0 New York<\/p>\n<h3 class=\"sous-section\">Membre de l\u2019Acad\u00e9mie du Jazz<\/h3>\n<p>Auteur des textes du livre de photographies d\u2019Antony Voisin \u00ab Minor Swing \u00bb (\u00e9ditions du Layeur), S\u00e9bastien Vidal a collabor\u00e9 au magazine Jazzmag, \u00e0 l\u2019Humanit\u00e9 Dimanche. Il a longtemps sign\u00e9 un billet d\u2019humeur mensuel intitul\u00e9 \u00ab Straight No Chaser \u00bb pour le magazine Jazzman et aujourd\u2019hui pour le magazine Jazz News. Il est membre de l\u2019Acad\u00e9mie du Jazz.<\/p>\n<h3 class=\"sous-section\">Directeur d&#8217;antenne sur TSF<\/h3>\n<p>En 1999, il devient l\u2019une des voix de la radio TSFJAZZ. En 2005, il en devient responsable des programmes, puis directeur en 2007, et enfin, directeur d\u2019antenne en 2009.<\/p>\n<h3 class=\"sous-section\">Un parcours multimedia<\/h3>\n<p>En t\u00e9l\u00e9vision, il a collabor\u00e9 au journal de la culture d\u2019Olivier Benkemoun sur iT\u00e9l\u00e9. Il est le \u00ab Monsieur Jazz \u00bb d\u2019Orange Cin\u00e9ma Series et a co-pr\u00e9sent\u00e9 avec Isabelle Giordano la c\u00e9r\u00e9monie des \u00ab Victoires du Jazz \u00bb pour France 3, quatre ann\u00e9es de suite, de 2007 \u00e0 2010.<br \/>\nIl r\u00e9alise des documentaires : \u00ab Le Retour de la Pin Up \u00bb (52\u2019), \u00ab Autour de Miles \u00bb (26\u2019), pour Orange Cin\u00e9ma Series, ainsi que des soir\u00e9es sp\u00e9ciales pour Orange Cin\u00e9 Novo comme \u00ab Katrina, 5 ans apr\u00e8s \u00bb.<\/p>\n<h3 class=\"sous-section\">Autres activit\u00e9s et comp\u00e9tences<\/h3>\n<p>Autres activit\u00e9s<br \/>\nPar ailleurs , S\u00e9bastien Vidal est manager d\u2019artistes (Kellylee Evans, Samy Thiebault) et a cr\u00e9\u00e9 deux structures professionnelles, dont l\u2019une avec Jean-Louis Perrier (manager d\u2019Ibrahim Maalouf).<br \/>\nIl fait \u00e9galement du consulting et de l\u2019\u00e9dition musicale.<\/p>\n<p>Ses comp\u00e9tences<br \/>\n&#8211; direction et programmation de radio<br \/>\n&#8211; management d\u2019artistes<br \/>\n&#8211; r\u00e9alisation de disques<br \/>\n&#8211; programmation et direction artistique de festivals<br \/>\n&#8211; production de concert<br \/>\n&#8211; recherche en droit et marketing<\/p>\n<p>[\/et_pb_text][\/et_pb_column][\/et_pb_row][\/et_pb_section]<\/p>\n","protected":false},"excerpt":{"rendered":"<p>[et_pb_section admin_label=&#8221;section&#8221;][et_pb_row admin_label=&#8221;row&#8221;][et_pb_column type=&#8221;1_2&#8243;][et_pb_text admin_label=&#8221;Texte&#8221; background_layout=&#8221;light&#8221; text_orientation=&#8221;left&#8221; use_border_color=&#8221;off&#8221; border_color=&#8221;#ffffff&#8221; border_style=&#8221;solid&#8221;] S\u00e9bastien Vidal conference at the IMEP \u2022 PCOM S\u00e9bastien Vidal will talk about &#8220;Everything you ever wanted to know about [&hellip;]<\/p>\n","protected":false},"author":5,"featured_media":3500,"comment_status":"open","ping_status":"open","sticky":false,"template":"","format":"standard","meta":{"_et_pb_use_builder":"","_et_pb_old_content":"","_et_gb_content_width":"","footnotes":""},"categories":[17],"tags":[],"dipi_cpt_category":[],"class_list":["post-3467","post","type-post","status-publish","format-standard","has-post-thumbnail","hentry","category-actus-en"],"yoast_head":"<!-- This site is optimized with the Yoast SEO plugin v27.4 - https:\/\/yoast.com\/product\/yoast-seo-wordpress\/ -->\n<title>S\u00e9bastien Vidal conference at the IMEP \u2022 Paris College of Music - IMEP<\/title>\n<meta name=\"description\" content=\"Sebastien Vidal will talk about the music business monday, October 17 from 14h to 17h at the IMEP \u2022 Paris College of Music FRANCE\" \/>\n<meta name=\"robots\" content=\"index, follow, max-snippet:-1, max-image-preview:large, max-video-preview:-1\" \/>\n<link rel=\"canonical\" href=\"https:\/\/www.imep.pro\/en\/music-business-sebastien-vidal-imep-paris\/\" \/>\n<meta property=\"og:locale\" content=\"en_US\" \/>\n<meta property=\"og:type\" content=\"article\" \/>\n<meta property=\"og:title\" content=\"S\u00e9bastien Vidal conference at the IMEP \u2022 Paris College of Music - IMEP\" \/>\n<meta property=\"og:description\" content=\"Sebastien Vidal will talk about the music business monday, October 17 from 14h to 17h at the IMEP \u2022 Paris College of Music FRANCE\" \/>\n<meta property=\"og:url\" content=\"https:\/\/www.imep.pro\/en\/music-business-sebastien-vidal-imep-paris\/\" \/>\n<meta property=\"og:site_name\" content=\"IMEP\" \/>\n<meta property=\"article:publisher\" content=\"http:\/\/www.facebook.com\/imep.pro\" \/>\n<meta property=\"article:author\" content=\"https:\/\/www.facebook.com\/monartagency\/\" \/>\n<meta property=\"article:published_time\" content=\"2016-10-09T20:05:15+00:00\" \/>\n<meta property=\"og:image\" content=\"https:\/\/www.imep.pro\/wordpress\/wp-content\/uploads\/2016\/10\/capture_decran_2013-03-12_a_11.19.11.png.crop_display.png\" \/>\n\t<meta property=\"og:image:width\" content=\"620\" \/>\n\t<meta property=\"og:image:height\" content=\"349\" \/>\n\t<meta property=\"og:image:type\" content=\"image\/png\" \/>\n<meta name=\"author\" content=\"Monart Agency\" \/>\n<meta name=\"twitter:card\" content=\"summary_large_image\" \/>\n<meta name=\"twitter:creator\" content=\"@monartagency\" \/>\n<meta name=\"twitter:site\" content=\"@imep_pro\" \/>\n<meta name=\"twitter:label1\" content=\"Written by\" \/>\n\t<meta name=\"twitter:data1\" content=\"Monart Agency\" \/>\n\t<meta name=\"twitter:label2\" content=\"Est. reading time\" \/>\n\t<meta name=\"twitter:data2\" content=\"4 minutes\" \/>\n<script type=\"application\/ld+json\" class=\"yoast-schema-graph\">{\"@context\":\"https:\\\/\\\/schema.org\",\"@graph\":[{\"@type\":\"Article\",\"@id\":\"https:\\\/\\\/www.imep.pro\\\/en\\\/music-business-sebastien-vidal-imep-paris\\\/#article\",\"isPartOf\":{\"@id\":\"https:\\\/\\\/www.imep.pro\\\/en\\\/music-business-sebastien-vidal-imep-paris\\\/\"},\"author\":{\"name\":\"Monart Agency\",\"@id\":\"https:\\\/\\\/www.imep.pro\\\/#\\\/schema\\\/person\\\/47604aeec7b3f95425adb978491a0bcb\"},\"headline\":\"S\u00e9bastien Vidal conference at the IMEP \u2022 Paris College of Music\",\"datePublished\":\"2016-10-09T20:05:15+00:00\",\"mainEntityOfPage\":{\"@id\":\"https:\\\/\\\/www.imep.pro\\\/en\\\/music-business-sebastien-vidal-imep-paris\\\/\"},\"wordCount\":732,\"commentCount\":0,\"publisher\":{\"@id\":\"https:\\\/\\\/www.imep.pro\\\/#organization\"},\"image\":{\"@id\":\"https:\\\/\\\/www.imep.pro\\\/en\\\/music-business-sebastien-vidal-imep-paris\\\/#primaryimage\"},\"thumbnailUrl\":\"https:\\\/\\\/www.imep.pro\\\/wordpress\\\/wp-content\\\/uploads\\\/2016\\\/10\\\/capture_decran_2013-03-12_a_11.19.11.png.crop_display.png\",\"articleSection\":[\"News\"],\"inLanguage\":\"en-US\",\"potentialAction\":[{\"@type\":\"CommentAction\",\"name\":\"Comment\",\"target\":[\"https:\\\/\\\/www.imep.pro\\\/en\\\/music-business-sebastien-vidal-imep-paris\\\/#respond\"]}]},{\"@type\":\"WebPage\",\"@id\":\"https:\\\/\\\/www.imep.pro\\\/en\\\/music-business-sebastien-vidal-imep-paris\\\/\",\"url\":\"https:\\\/\\\/www.imep.pro\\\/en\\\/music-business-sebastien-vidal-imep-paris\\\/\",\"name\":\"S\u00e9bastien Vidal conference at the IMEP \u2022 Paris College of Music - IMEP\",\"isPartOf\":{\"@id\":\"https:\\\/\\\/www.imep.pro\\\/#website\"},\"primaryImageOfPage\":{\"@id\":\"https:\\\/\\\/www.imep.pro\\\/en\\\/music-business-sebastien-vidal-imep-paris\\\/#primaryimage\"},\"image\":{\"@id\":\"https:\\\/\\\/www.imep.pro\\\/en\\\/music-business-sebastien-vidal-imep-paris\\\/#primaryimage\"},\"thumbnailUrl\":\"https:\\\/\\\/www.imep.pro\\\/wordpress\\\/wp-content\\\/uploads\\\/2016\\\/10\\\/capture_decran_2013-03-12_a_11.19.11.png.crop_display.png\",\"datePublished\":\"2016-10-09T20:05:15+00:00\",\"description\":\"Sebastien Vidal will talk about the music business monday, October 17 from 14h to 17h at the IMEP \u2022 Paris College of Music FRANCE\",\"breadcrumb\":{\"@id\":\"https:\\\/\\\/www.imep.pro\\\/en\\\/music-business-sebastien-vidal-imep-paris\\\/#breadcrumb\"},\"inLanguage\":\"en-US\",\"potentialAction\":[{\"@type\":\"ReadAction\",\"target\":[\"https:\\\/\\\/www.imep.pro\\\/en\\\/music-business-sebastien-vidal-imep-paris\\\/\"]}]},{\"@type\":\"ImageObject\",\"inLanguage\":\"en-US\",\"@id\":\"https:\\\/\\\/www.imep.pro\\\/en\\\/music-business-sebastien-vidal-imep-paris\\\/#primaryimage\",\"url\":\"https:\\\/\\\/www.imep.pro\\\/wordpress\\\/wp-content\\\/uploads\\\/2016\\\/10\\\/capture_decran_2013-03-12_a_11.19.11.png.crop_display.png\",\"contentUrl\":\"https:\\\/\\\/www.imep.pro\\\/wordpress\\\/wp-content\\\/uploads\\\/2016\\\/10\\\/capture_decran_2013-03-12_a_11.19.11.png.crop_display.png\",\"width\":620,\"height\":349,\"caption\":\"Sebastien Vidal\"},{\"@type\":\"BreadcrumbList\",\"@id\":\"https:\\\/\\\/www.imep.pro\\\/en\\\/music-business-sebastien-vidal-imep-paris\\\/#breadcrumb\",\"itemListElement\":[{\"@type\":\"ListItem\",\"position\":1,\"name\":\"Accueil\",\"item\":\"https:\\\/\\\/www.imep.pro\\\/en\\\/music-school-paris\\\/\"},{\"@type\":\"ListItem\",\"position\":2,\"name\":\"News\",\"item\":\"https:\\\/\\\/www.imep.pro\\\/en\\\/category\\\/actus-en\\\/\"},{\"@type\":\"ListItem\",\"position\":3,\"name\":\"S\u00e9bastien Vidal conference at the IMEP \u2022 Paris College of Music\"}]},{\"@type\":\"WebSite\",\"@id\":\"https:\\\/\\\/www.imep.pro\\\/#website\",\"url\":\"https:\\\/\\\/www.imep.pro\\\/\",\"name\":\"IMEP\",\"description\":\"\u266a Paris College of music \u266a\",\"publisher\":{\"@id\":\"https:\\\/\\\/www.imep.pro\\\/#organization\"},\"potentialAction\":[{\"@type\":\"SearchAction\",\"target\":{\"@type\":\"EntryPoint\",\"urlTemplate\":\"https:\\\/\\\/www.imep.pro\\\/?s={search_term_string}\"},\"query-input\":{\"@type\":\"PropertyValueSpecification\",\"valueRequired\":true,\"valueName\":\"search_term_string\"}}],\"inLanguage\":\"en-US\"},{\"@type\":\"Organization\",\"@id\":\"https:\\\/\\\/www.imep.pro\\\/#organization\",\"name\":\"IMEP Paris College of Music\",\"url\":\"https:\\\/\\\/www.imep.pro\\\/\",\"logo\":{\"@type\":\"ImageObject\",\"inLanguage\":\"en-US\",\"@id\":\"https:\\\/\\\/www.imep.pro\\\/#\\\/schema\\\/logo\\\/image\\\/\",\"url\":\"https:\\\/\\\/www.imep.pro\\\/wordpress\\\/wp-content\\\/uploads\\\/2016\\\/02\\\/cropped-imep_logo_original-favicon.png\",\"contentUrl\":\"https:\\\/\\\/www.imep.pro\\\/wordpress\\\/wp-content\\\/uploads\\\/2016\\\/02\\\/cropped-imep_logo_original-favicon.png\",\"width\":512,\"height\":512,\"caption\":\"IMEP Paris College of Music\"},\"image\":{\"@id\":\"https:\\\/\\\/www.imep.pro\\\/#\\\/schema\\\/logo\\\/image\\\/\"},\"sameAs\":[\"http:\\\/\\\/www.facebook.com\\\/imep.pro\",\"https:\\\/\\\/x.com\\\/imep_pro\",\"https:\\\/\\\/www.instagram.com\\\/imepparis\\\/\",\"https:\\\/\\\/www.linkedin.com\\\/company\\\/imep-paris-college-of-music\\\/\",\"https:\\\/\\\/www.youtube.com\\\/user\\\/imusicparis\"]},{\"@type\":\"Person\",\"@id\":\"https:\\\/\\\/www.imep.pro\\\/#\\\/schema\\\/person\\\/47604aeec7b3f95425adb978491a0bcb\",\"name\":\"Monart Agency\",\"image\":{\"@type\":\"ImageObject\",\"inLanguage\":\"en-US\",\"@id\":\"https:\\\/\\\/secure.gravatar.com\\\/avatar\\\/e140a68304568537b5ef59a50a21e9d951951179ecfb5a88c0fdfbb9131182cd?s=96&d=mm&r=g\",\"url\":\"https:\\\/\\\/secure.gravatar.com\\\/avatar\\\/e140a68304568537b5ef59a50a21e9d951951179ecfb5a88c0fdfbb9131182cd?s=96&d=mm&r=g\",\"contentUrl\":\"https:\\\/\\\/secure.gravatar.com\\\/avatar\\\/e140a68304568537b5ef59a50a21e9d951951179ecfb5a88c0fdfbb9131182cd?s=96&d=mm&r=g\",\"caption\":\"Monart Agency\"},\"description\":\"Monart est une agence sp\u00e9cialis\u00e9e en communication musicale, pour des professionnels de la musique, \u00e0 la recherche de ce qui se fait de mieux dans le milieu artistique et musical du jazz, de la musique contemporaine et de la musique du monde et ce, dans le monde entier.\",\"sameAs\":[\"https:\\\/\\\/www.monartagency.com\\\/agence-communication-musicale\",\"https:\\\/\\\/www.facebook.com\\\/monartagency\\\/\",\"https:\\\/\\\/www.instagram.com\\\/monartagency\\\/\",\"https:\\\/\\\/www.linkedin.com\\\/company\\\/monart-agency\",\"https:\\\/\\\/x.com\\\/monartagency\",\"https:\\\/\\\/www.youtube.com\\\/channel\\\/UC9H-2xb6TtKzqVT3XY-lcXw\",\"https:\\\/\\\/soundcloud.com\\\/user-617326834\"],\"url\":\"https:\\\/\\\/www.imep.pro\\\/en\\\/author\\\/gustavo\\\/\"}]}<\/script>\n<!-- \/ Yoast SEO plugin. -->","yoast_head_json":{"title":"S\u00e9bastien Vidal conference at the IMEP \u2022 Paris College of Music - IMEP","description":"Sebastien Vidal will talk about the music business monday, October 17 from 14h to 17h at the IMEP \u2022 Paris College of Music FRANCE","robots":{"index":"index","follow":"follow","max-snippet":"max-snippet:-1","max-image-preview":"max-image-preview:large","max-video-preview":"max-video-preview:-1"},"canonical":"https:\/\/www.imep.pro\/en\/music-business-sebastien-vidal-imep-paris\/","og_locale":"en_US","og_type":"article","og_title":"S\u00e9bastien Vidal conference at the IMEP \u2022 Paris College of Music - IMEP","og_description":"Sebastien Vidal will talk about the music business monday, October 17 from 14h to 17h at the IMEP \u2022 Paris College of Music FRANCE","og_url":"https:\/\/www.imep.pro\/en\/music-business-sebastien-vidal-imep-paris\/","og_site_name":"IMEP","article_publisher":"http:\/\/www.facebook.com\/imep.pro","article_author":"https:\/\/www.facebook.com\/monartagency\/","article_published_time":"2016-10-09T20:05:15+00:00","og_image":[{"width":620,"height":349,"url":"https:\/\/www.imep.pro\/wordpress\/wp-content\/uploads\/2016\/10\/capture_decran_2013-03-12_a_11.19.11.png.crop_display.png","type":"image\/png"}],"author":"Monart Agency","twitter_card":"summary_large_image","twitter_creator":"@monartagency","twitter_site":"@imep_pro","twitter_misc":{"Written by":"Monart Agency","Est. reading time":"4 minutes"},"schema":{"@context":"https:\/\/schema.org","@graph":[{"@type":"Article","@id":"https:\/\/www.imep.pro\/en\/music-business-sebastien-vidal-imep-paris\/#article","isPartOf":{"@id":"https:\/\/www.imep.pro\/en\/music-business-sebastien-vidal-imep-paris\/"},"author":{"name":"Monart Agency","@id":"https:\/\/www.imep.pro\/#\/schema\/person\/47604aeec7b3f95425adb978491a0bcb"},"headline":"S\u00e9bastien Vidal conference at the IMEP \u2022 Paris College of Music","datePublished":"2016-10-09T20:05:15+00:00","mainEntityOfPage":{"@id":"https:\/\/www.imep.pro\/en\/music-business-sebastien-vidal-imep-paris\/"},"wordCount":732,"commentCount":0,"publisher":{"@id":"https:\/\/www.imep.pro\/#organization"},"image":{"@id":"https:\/\/www.imep.pro\/en\/music-business-sebastien-vidal-imep-paris\/#primaryimage"},"thumbnailUrl":"https:\/\/www.imep.pro\/wordpress\/wp-content\/uploads\/2016\/10\/capture_decran_2013-03-12_a_11.19.11.png.crop_display.png","articleSection":["News"],"inLanguage":"en-US","potentialAction":[{"@type":"CommentAction","name":"Comment","target":["https:\/\/www.imep.pro\/en\/music-business-sebastien-vidal-imep-paris\/#respond"]}]},{"@type":"WebPage","@id":"https:\/\/www.imep.pro\/en\/music-business-sebastien-vidal-imep-paris\/","url":"https:\/\/www.imep.pro\/en\/music-business-sebastien-vidal-imep-paris\/","name":"S\u00e9bastien Vidal conference at the IMEP \u2022 Paris College of Music - IMEP","isPartOf":{"@id":"https:\/\/www.imep.pro\/#website"},"primaryImageOfPage":{"@id":"https:\/\/www.imep.pro\/en\/music-business-sebastien-vidal-imep-paris\/#primaryimage"},"image":{"@id":"https:\/\/www.imep.pro\/en\/music-business-sebastien-vidal-imep-paris\/#primaryimage"},"thumbnailUrl":"https:\/\/www.imep.pro\/wordpress\/wp-content\/uploads\/2016\/10\/capture_decran_2013-03-12_a_11.19.11.png.crop_display.png","datePublished":"2016-10-09T20:05:15+00:00","description":"Sebastien Vidal will talk about the music business monday, October 17 from 14h to 17h at the IMEP \u2022 Paris College of Music FRANCE","breadcrumb":{"@id":"https:\/\/www.imep.pro\/en\/music-business-sebastien-vidal-imep-paris\/#breadcrumb"},"inLanguage":"en-US","potentialAction":[{"@type":"ReadAction","target":["https:\/\/www.imep.pro\/en\/music-business-sebastien-vidal-imep-paris\/"]}]},{"@type":"ImageObject","inLanguage":"en-US","@id":"https:\/\/www.imep.pro\/en\/music-business-sebastien-vidal-imep-paris\/#primaryimage","url":"https:\/\/www.imep.pro\/wordpress\/wp-content\/uploads\/2016\/10\/capture_decran_2013-03-12_a_11.19.11.png.crop_display.png","contentUrl":"https:\/\/www.imep.pro\/wordpress\/wp-content\/uploads\/2016\/10\/capture_decran_2013-03-12_a_11.19.11.png.crop_display.png","width":620,"height":349,"caption":"Sebastien Vidal"},{"@type":"BreadcrumbList","@id":"https:\/\/www.imep.pro\/en\/music-business-sebastien-vidal-imep-paris\/#breadcrumb","itemListElement":[{"@type":"ListItem","position":1,"name":"Accueil","item":"https:\/\/www.imep.pro\/en\/music-school-paris\/"},{"@type":"ListItem","position":2,"name":"News","item":"https:\/\/www.imep.pro\/en\/category\/actus-en\/"},{"@type":"ListItem","position":3,"name":"S\u00e9bastien Vidal conference at the IMEP \u2022 Paris College of Music"}]},{"@type":"WebSite","@id":"https:\/\/www.imep.pro\/#website","url":"https:\/\/www.imep.pro\/","name":"IMEP","description":"\u266a Paris College of music \u266a","publisher":{"@id":"https:\/\/www.imep.pro\/#organization"},"potentialAction":[{"@type":"SearchAction","target":{"@type":"EntryPoint","urlTemplate":"https:\/\/www.imep.pro\/?s={search_term_string}"},"query-input":{"@type":"PropertyValueSpecification","valueRequired":true,"valueName":"search_term_string"}}],"inLanguage":"en-US"},{"@type":"Organization","@id":"https:\/\/www.imep.pro\/#organization","name":"IMEP Paris College of Music","url":"https:\/\/www.imep.pro\/","logo":{"@type":"ImageObject","inLanguage":"en-US","@id":"https:\/\/www.imep.pro\/#\/schema\/logo\/image\/","url":"https:\/\/www.imep.pro\/wordpress\/wp-content\/uploads\/2016\/02\/cropped-imep_logo_original-favicon.png","contentUrl":"https:\/\/www.imep.pro\/wordpress\/wp-content\/uploads\/2016\/02\/cropped-imep_logo_original-favicon.png","width":512,"height":512,"caption":"IMEP Paris College of Music"},"image":{"@id":"https:\/\/www.imep.pro\/#\/schema\/logo\/image\/"},"sameAs":["http:\/\/www.facebook.com\/imep.pro","https:\/\/x.com\/imep_pro","https:\/\/www.instagram.com\/imepparis\/","https:\/\/www.linkedin.com\/company\/imep-paris-college-of-music\/","https:\/\/www.youtube.com\/user\/imusicparis"]},{"@type":"Person","@id":"https:\/\/www.imep.pro\/#\/schema\/person\/47604aeec7b3f95425adb978491a0bcb","name":"Monart Agency","image":{"@type":"ImageObject","inLanguage":"en-US","@id":"https:\/\/secure.gravatar.com\/avatar\/e140a68304568537b5ef59a50a21e9d951951179ecfb5a88c0fdfbb9131182cd?s=96&d=mm&r=g","url":"https:\/\/secure.gravatar.com\/avatar\/e140a68304568537b5ef59a50a21e9d951951179ecfb5a88c0fdfbb9131182cd?s=96&d=mm&r=g","contentUrl":"https:\/\/secure.gravatar.com\/avatar\/e140a68304568537b5ef59a50a21e9d951951179ecfb5a88c0fdfbb9131182cd?s=96&d=mm&r=g","caption":"Monart Agency"},"description":"Monart est une agence sp\u00e9cialis\u00e9e en communication musicale, pour des professionnels de la musique, \u00e0 la recherche de ce qui se fait de mieux dans le milieu artistique et musical du jazz, de la musique contemporaine et de la musique du monde et ce, dans le monde entier.","sameAs":["https:\/\/www.monartagency.com\/agence-communication-musicale","https:\/\/www.facebook.com\/monartagency\/","https:\/\/www.instagram.com\/monartagency\/","https:\/\/www.linkedin.com\/company\/monart-agency","https:\/\/x.com\/monartagency","https:\/\/www.youtube.com\/channel\/UC9H-2xb6TtKzqVT3XY-lcXw","https:\/\/soundcloud.com\/user-617326834"],"url":"https:\/\/www.imep.pro\/en\/author\/gustavo\/"}]}},"_links":{"self":[{"href":"https:\/\/www.imep.pro\/en\/wp-json\/wp\/v2\/posts\/3467","targetHints":{"allow":["GET"]}}],"collection":[{"href":"https:\/\/www.imep.pro\/en\/wp-json\/wp\/v2\/posts"}],"about":[{"href":"https:\/\/www.imep.pro\/en\/wp-json\/wp\/v2\/types\/post"}],"author":[{"embeddable":true,"href":"https:\/\/www.imep.pro\/en\/wp-json\/wp\/v2\/users\/5"}],"replies":[{"embeddable":true,"href":"https:\/\/www.imep.pro\/en\/wp-json\/wp\/v2\/comments?post=3467"}],"version-history":[{"count":0,"href":"https:\/\/www.imep.pro\/en\/wp-json\/wp\/v2\/posts\/3467\/revisions"}],"wp:featuredmedia":[{"embeddable":true,"href":"https:\/\/www.imep.pro\/en\/wp-json\/wp\/v2\/media\/3500"}],"wp:attachment":[{"href":"https:\/\/www.imep.pro\/en\/wp-json\/wp\/v2\/media?parent=3467"}],"wp:term":[{"taxonomy":"category","embeddable":true,"href":"https:\/\/www.imep.pro\/en\/wp-json\/wp\/v2\/categories?post=3467"},{"taxonomy":"post_tag","embeddable":true,"href":"https:\/\/www.imep.pro\/en\/wp-json\/wp\/v2\/tags?post=3467"},{"taxonomy":"dipi_cpt_category","embeddable":true,"href":"https:\/\/www.imep.pro\/en\/wp-json\/wp\/v2\/dipi_cpt_category?post=3467"}],"curies":[{"name":"wp","href":"https:\/\/api.w.org\/{rel}","templated":true}]}}