{"id":261382,"date":"2025-11-24T11:46:33","date_gmt":"2025-11-24T10:46:33","guid":{"rendered":"https:\/\/www.imep.pro\/berklee-week-2025-at-imep-paris-college-of-music\/"},"modified":"2025-12-16T12:05:22","modified_gmt":"2025-12-16T11:05:22","slug":"berklee-week-2025-at-imep-paris-college-of-music","status":"publish","type":"post","link":"https:\/\/www.imep.pro\/en\/berklee-week-2025-at-imep-paris-college-of-music\/","title":{"rendered":"Berklee Week 2025 at IMEP \u2022 Paris College of Music"},"content":{"rendered":"<p>[et_pb_section fb_built=&#8221;1&#8243; admin_label=&#8221;section&#8221; _builder_version=&#8221;4.16&#8243; global_colors_info=&#8221;{}&#8221;][et_pb_row admin_label=&#8221;row&#8221; _builder_version=&#8221;4.27.4&#8243; background_size=&#8221;initial&#8221; background_position=&#8221;top_left&#8221; background_repeat=&#8221;repeat&#8221; global_colors_info=&#8221;{}&#8221;][et_pb_column type=&#8221;4_4&#8243; _builder_version=&#8221;4.16&#8243; custom_padding=&#8221;|||&#8221; global_colors_info=&#8221;{}&#8221; custom_padding__hover=&#8221;|||&#8221;][et_pb_text _builder_version=&#8221;4.27.4&#8243; _module_preset=&#8221;default&#8221; global_colors_info=&#8221;{}&#8221;]<\/p>\n<h3 class=\"wp-block-heading\">The Berklee College of Music team will be back in France from 9 to 13 December 2025.<\/h3>\n<p>&nbsp;<\/p>\n<p>Several masterclasses will be held with professors from the American school, as well as personalised counselling sessions with members of the admissions team, and a public concert with professors from Berklee and IMEP! <\/p>\n<p>The week will conclude with two days of auditions on 12 and 13 December for admission to the prestigious Berklee College of Music.<\/p>\n<p>[\/et_pb_text][et_pb_text _builder_version=&#8221;4.27.4&#8243; _module_preset=&#8221;default&#8221; global_colors_info=&#8221;{}&#8221;]<\/p>\n<h5 class=\"wp-block-heading\">9 December 2025: Individual interview with the Berklee team<\/h5>\n<p class=\"wp-block-heading\">Come along on Tuesday, 9 December, from 3 p.m. at IMEP \u2022 Paris College of Music to meet Berklee professors. They will be available to welcome you throughout the afternoon and discuss your project.<\/p>\n<p class=\"wp-block-heading\">You can ask any questions you may have about the American school, the programs offered, the IMEP-Berklee transfer system, and scholarship opportunities. You can also practice with them for the Berklee audition to ensure you are fully prepared. <\/p>\n<p>[\/et_pb_text][et_pb_text _builder_version=&#8221;4.27.4&#8243; _module_preset=&#8221;default&#8221; global_colors_info=&#8221;{}&#8221;]<\/p>\n<h5 class=\"wp-block-heading\">10 December 2025: Berklee Masterclasses at IMEP<\/h5>\n<p>Berklee College of Music invites you to attend three free masterclasses at IMEP. These sessions are open to the public and led by renowned Berklee professors, offering professional advice and techniques for musicians of all levels.  <\/p>\n<p><strong>12.30 : Afro-Cuban Grooves: A Historical Perspective and Embodied Communication through Jazz. <br \/>Presenter: Associate Professor of Piano, Zahili Gonzalez Zamora<\/strong><\/p>\n<p>An engaging clinic that explores the rich tapestry of Afro-Cuban rhythms and their profound influence on jazz. We will delve into the historical roots of these grooves, tracing their evolution from African traditions to their integration into contemporary music. This exploration will highlight how Afro-Cuban rhythms not only shape musical compositions but also serve as a vital form of communication through movement.  <\/p>\n<p>Participants will actively engage in interactive exercises that allow them to embody these rhythms, fostering a deeper connection between their instruments and physical expression. This clinic offers a unique opportunity to enhance your rhythmic skills, deepen your appreciation for cultural narratives, and discover how to convey emotion through the dynamic interplay of music and dance. <\/p>\n<p><strong>1:30 p.m.: Road Maps for the Composer and Arranger, presented by Assistant Vice President for Berklee Global Programs and Partnerships, Jason Camelio<\/strong><\/p>\n<p> Do you have writer block, or a stack if musical ideas you have begun and not completed? Developing a plan to deliver a successful and complete original composition or arrangement could be as easy as creating a road map. This sessions will provide participants with one approach you might adopt to bring you the success you want to see&#8230;and hear!  <\/p>\n<p><strong>2.40 pm : Careers in Today&#8217;s Music Industry presented by Associate Dean of Admissions Tim Lee and Director and co-founder of IMEP, Peter Giron.<\/strong><\/p>\n<p>Tim Lee is an award-winning scholar, writer\/producer and leader who has spent the last two decades fostering contemporary music education around the world. He will lead a sessions exploring current and emerging careers in the music industry IMEP co-founder Peter Giron and special guests. <\/p>\n<p>[\/et_pb_text][et_pb_button button_url=&#8221;https:\/\/www.billetweb.fr\/berklee-clinics-at-imep&#8221; url_new_window=&#8221;on&#8221; button_text=&#8221;Register for the clinics&#8221; button_alignment=&#8221;center&#8221; _builder_version=&#8221;4.27.4&#8243; _module_preset=&#8221;default&#8221; global_colors_info=&#8221;{}&#8221;][\/et_pb_button][et_pb_text _builder_version=&#8221;4.27.4&#8243; _module_preset=&#8221;default&#8221; custom_padding=&#8221;|||0px||&#8221; global_colors_info=&#8221;{}&#8221;]<\/p>\n<h6>December 11, 2025: Berklee &amp; IMEP Concert at 2 Pianos <\/h6>\n<p>Teachers from Berklee and IMEP invite you to listen to them perform on the 2 Pianos stage on 11 December from 7.30 pm. Doors open at 7 pm. Admission is free!  <\/p>\n<p style=\"text-align: center;\">Les 2 Pianos<br \/>136 rue de Lourmel, 75015 Paris<br \/>Doors open at 7:00 p.m.<br \/>Concert starts at 7:30 p.m.<\/p>\n<p style=\"text-align: center;\"><strong>Line-up :<br \/><\/strong>Zahili Gonzalez Zamora \u2013 piano<br \/>Jason Camelio &#8211; trombone<br \/>Phil Hilfiker \u2013 saxophone<br \/>Peter Giron \u2013 bass<strong><\/strong><\/p>\n<p>[\/et_pb_text][et_pb_button button_url=&#8221;https:\/\/www.billetweb.fr\/concert-imep-berklee&#8221; url_new_window=&#8221;on&#8221; button_text=&#8221;Book your place&#8221; button_alignment=&#8221;center&#8221; _builder_version=&#8221;4.27.4&#8243; _module_preset=&#8221;default&#8221; global_colors_info=&#8221;{}&#8221;][\/et_pb_button][et_pb_text _builder_version=&#8221;4.27.4&#8243; _module_preset=&#8221;default&#8221; global_colors_info=&#8221;{}&#8221;]<\/p>\n<h5 class=\"wp-block-heading\">Auditions for admission to Berklee will take place on Friday 12th and Saturday 13th December at IMEP \u2022 Paris College of Music.<strong><\/strong><\/h5>\n<p>If you are interested in auditioning for Berklee, it is essential to prepare your application thoroughly. Visit the Berklee College of Music admissions page to find all the necessary information about the application process and requirements: <a href=\"https:\/\/college.berklee.edu\/admissions\/undergraduate\/how-to-apply\" target=\"_blank\" rel=\"noreferrer noopener nofollow\">www.berklee.edu\/admissions\/undergraduate\/how-to-apply.<\/a> <\/p>\n<p>Berklee is a world-renowned music school, and this tour at the IMEP in Paris represents a unique opportunity to discover its programmes, receive personalised advice and audition for admission to this prestigious institution.<\/p>\n<p>[\/et_pb_text][et_pb_button button_url=&#8221;https:\/\/college.berklee.edu\/admissions\/undergraduate\/how-to-apply&#8221; url_new_window=&#8221;on&#8221; button_text=&#8221;Audition for Berklee&#8221; button_alignment=&#8221;center&#8221; _builder_version=&#8221;4.27.4&#8243; _module_preset=&#8221;default&#8221; global_colors_info=&#8221;{}&#8221;][\/et_pb_button][\/et_pb_column][\/et_pb_row][et_pb_row _builder_version=&#8221;4.27.4&#8243; _module_preset=&#8221;default&#8221; global_colors_info=&#8221;{}&#8221;][et_pb_column type=&#8221;4_4&#8243; _builder_version=&#8221;4.27.4&#8243; _module_preset=&#8221;default&#8221; global_colors_info=&#8221;{}&#8221;][et_pb_text _builder_version=&#8221;4.27.4&#8243; _module_preset=&#8221;default&#8221; global_colors_info=&#8221;{}&#8221;]<\/p>\n<h4>Berklee Team<\/h4>\n<p>[\/et_pb_text][\/et_pb_column][\/et_pb_row][et_pb_row column_structure=&#8221;1_2,1_2&#8243; _builder_version=&#8221;4.27.4&#8243; _module_preset=&#8221;default&#8221; global_colors_info=&#8221;{}&#8221;][et_pb_column type=&#8221;1_2&#8243; _builder_version=&#8221;4.27.4&#8243; _module_preset=&#8221;default&#8221; global_colors_info=&#8221;{}&#8221;][et_pb_image src=&#8221;https:\/\/www.imep.pro\/wordpress\/wp-content\/uploads\/2025\/11\/zahili-198&#215;300.jpg&#8221; title_text=&#8221;zahili&#8221; align=&#8221;center&#8221; _builder_version=&#8221;4.27.4&#8243; _module_preset=&#8221;default&#8221; global_colors_info=&#8221;{}&#8221;][\/et_pb_image][\/et_pb_column][et_pb_column type=&#8221;1_2&#8243; _builder_version=&#8221;4.27.4&#8243; _module_preset=&#8221;default&#8221; global_colors_info=&#8221;{}&#8221;][et_pb_text _builder_version=&#8221;4.27.4&#8243; _module_preset=&#8221;default&#8221; global_colors_info=&#8221;{}&#8221;]<\/p>\n<p>Zahili Gonzalez Zamora is a pianist, composer, bandleader, arranger, and educator. <\/p>\n<p>Born in Manzanillo, Cuba, she started playing piano at the age of 6 and graduated from the National School of Music with a performance degree. Her passion for music has taken her to Canada, South East Asia and the United States. Her Afro-Cuban jazz trio, MIXCLA, has headlined at the landmark Scullers Jazz Club in Boston since 2018. MIXCLA has also performed at the 59th Monterey Jazz Festival, the 2016 Stave Sessions as part of the Celebrity Series of Boston, the 2015 Montreal International Jazz Festival and other highly respected venues and festivals.<\/p>\n<p>Zamora va toujours de l&#8217;avant, guid\u00e9e et motiv\u00e9e par sa musique et son besoin de grandir en tant qu&#8217;artiste et en tant que personne, et de partager sa musique et son amour de la vie avec les autres. Elle se sent particuli\u00e8rement d\u00e9finie par son h\u00e9ritage cubain et son statut d&#8217;immigrante. Sa riche exp\u00e9rience musicale, son parcours professionnel et ses extraordinaires talents d&#8217;improvisatrice font d&#8217;elle une figure de proue du jazz latin moderne et une musicienne influente et admir\u00e9e.  <\/p>\n<p>[\/et_pb_text][\/et_pb_column][\/et_pb_row][et_pb_row column_structure=&#8221;1_2,1_2&#8243; _builder_version=&#8221;4.27.4&#8243; _module_preset=&#8221;default&#8221; global_colors_info=&#8221;{}&#8221;][et_pb_column type=&#8221;1_2&#8243; _builder_version=&#8221;4.27.4&#8243; _module_preset=&#8221;default&#8221; global_colors_info=&#8221;{}&#8221;][et_pb_image src=&#8221;https:\/\/www.imep.pro\/wordpress\/wp-content\/uploads\/2025\/11\/Jason_newheadshot.png&#8221; title_text=&#8221;Jason_newheadshot&#8221; align=&#8221;center&#8221; _builder_version=&#8221;4.27.4&#8243; _module_preset=&#8221;default&#8221; global_colors_info=&#8221;{}&#8221;][\/et_pb_image][\/et_pb_column][et_pb_column type=&#8221;1_2&#8243; _builder_version=&#8221;4.27.4&#8243; _module_preset=&#8221;default&#8221; global_colors_info=&#8221;{}&#8221;][et_pb_text _builder_version=&#8221;4.27.4&#8243; _module_preset=&#8221;default&#8221; global_colors_info=&#8221;{}&#8221;]<\/p>\n<p>Jason Camelio has held a number of positions at Berklee since 1997, including his work in the offices of scholarships, student employment, and international programs. As the director of global initiatives since 2008, he played a key role in helping Berklee grow its engagements. <\/p>\n<p>He has cultivated a highly skilled and effective team focused on exploring, developing, and managing Berklee\u2019s partnerships around the world to discover talent and design opportunities for educational and cultural engagement for Berklee\u2019s global community.<\/p>\n<p>[\/et_pb_text][\/et_pb_column][\/et_pb_row][et_pb_row column_structure=&#8221;1_2,1_2&#8243; _builder_version=&#8221;4.27.4&#8243; _module_preset=&#8221;default&#8221; global_colors_info=&#8221;{}&#8221;][et_pb_column type=&#8221;1_2&#8243; _builder_version=&#8221;4.27.4&#8243; _module_preset=&#8221;default&#8221; global_colors_info=&#8221;{}&#8221;][et_pb_image src=&#8221;https:\/\/www.imep.pro\/wordpress\/wp-content\/uploads\/2025\/11\/Tim-Lee-1_0-300&#215;300.png&#8221; title_text=&#8221;Tim Lee (1)_0&#8243; align=&#8221;center&#8221; _builder_version=&#8221;4.27.4&#8243; _module_preset=&#8221;default&#8221; global_colors_info=&#8221;{}&#8221;][\/et_pb_image][\/et_pb_column][et_pb_column type=&#8221;1_2&#8243; _builder_version=&#8221;4.27.4&#8243; _module_preset=&#8221;default&#8221; global_colors_info=&#8221;{}&#8221;][et_pb_text _builder_version=&#8221;4.27.4&#8243; _module_preset=&#8221;default&#8221; global_colors_info=&#8221;{}&#8221;]<\/p>\n<p><strong>Tim Lee <\/strong>: as a Berklee graduate and recipient of the prestigious ASCAP Lieber &amp; Stoller Scholarship, I have spent the last two decades fostering contemporary music education. Before joining Berklee in 2014, I held key leadership roles in pioneering music development projects in South Korea. <\/p>\n<p>Currently, as Associate Dean of Admissions, I oversee the strategic vision and growth of international enrollment for Berklee College of Music and Boston Conservatory at Berklee.<\/p>\n<p>[\/et_pb_text][\/et_pb_column][\/et_pb_row][\/et_pb_section]<\/p>\n","protected":false},"excerpt":{"rendered":"<p>The Berklee College of Music team will be back in France from 9 to 13 December 2025. &nbsp; Several masterclasses will be held with professors from the American school, as [&hellip;]<\/p>\n","protected":false},"author":5,"featured_media":261361,"comment_status":"open","ping_status":"open","sticky":false,"template":"","format":"standard","meta":{"_et_pb_use_builder":"on","_et_pb_old_content":"","_et_gb_content_width":"","footnotes":""},"categories":[103,75,17],"tags":[],"dipi_cpt_category":[],"class_list":["post-261382","post","type-post","status-publish","format-standard","has-post-thumbnail","hentry","category-berklee-global-partners-en","category-home-page-en","category-actus-en"],"yoast_head":"<!-- This site is optimized with the Yoast SEO plugin v27.4 - https:\/\/yoast.com\/product\/yoast-seo-wordpress\/ -->\n<title>Berklee Week 2025 at IMEP \u2022 Paris College of Music - IMEP<\/title>\n<meta name=\"robots\" content=\"index, follow, max-snippet:-1, max-image-preview:large, max-video-preview:-1\" \/>\n<link rel=\"canonical\" href=\"https:\/\/www.imep.pro\/en\/berklee-week-2025-at-imep-paris-college-of-music\/\" \/>\n<meta property=\"og:locale\" content=\"en_US\" \/>\n<meta property=\"og:type\" content=\"article\" \/>\n<meta property=\"og:title\" content=\"Berklee Week 2025 at IMEP \u2022 Paris College of Music - IMEP\" \/>\n<meta property=\"og:url\" content=\"https:\/\/www.imep.pro\/en\/berklee-week-2025-at-imep-paris-college-of-music\/\" \/>\n<meta property=\"og:site_name\" content=\"IMEP\" \/>\n<meta property=\"article:publisher\" content=\"http:\/\/www.facebook.com\/imep.pro\" \/>\n<meta property=\"article:author\" content=\"https:\/\/www.facebook.com\/monartagency\/\" \/>\n<meta property=\"article:published_time\" content=\"2025-11-24T10:46:33+00:00\" \/>\n<meta property=\"article:modified_time\" content=\"2025-12-16T11:05:22+00:00\" \/>\n<meta property=\"og:image\" content=\"https:\/\/www.imep.pro\/wordpress\/wp-content\/uploads\/2025\/11\/Berklee-week-2025.jpg\" \/>\n\t<meta property=\"og:image:width\" content=\"1920\" \/>\n\t<meta property=\"og:image:height\" content=\"1080\" \/>\n\t<meta property=\"og:image:type\" content=\"image\/jpeg\" \/>\n<meta name=\"author\" content=\"Monart Agency\" \/>\n<meta name=\"twitter:card\" content=\"summary_large_image\" \/>\n<meta name=\"twitter:creator\" content=\"@monartagency\" \/>\n<meta name=\"twitter:site\" content=\"@imep_pro\" \/>\n<meta name=\"twitter:label1\" content=\"Written by\" \/>\n\t<meta name=\"twitter:data1\" content=\"Monart Agency\" \/>\n\t<meta name=\"twitter:label2\" content=\"Est. reading time\" \/>\n\t<meta name=\"twitter:data2\" content=\"8 minutes\" \/>\n<script type=\"application\/ld+json\" class=\"yoast-schema-graph\">{\"@context\":\"https:\\\/\\\/schema.org\",\"@graph\":[{\"@type\":\"Article\",\"@id\":\"https:\\\/\\\/www.imep.pro\\\/en\\\/berklee-week-2025-at-imep-paris-college-of-music\\\/#article\",\"isPartOf\":{\"@id\":\"https:\\\/\\\/www.imep.pro\\\/en\\\/berklee-week-2025-at-imep-paris-college-of-music\\\/\"},\"author\":{\"name\":\"Monart Agency\",\"@id\":\"https:\\\/\\\/www.imep.pro\\\/#\\\/schema\\\/person\\\/47604aeec7b3f95425adb978491a0bcb\"},\"headline\":\"Berklee Week 2025 at IMEP \u2022 Paris College of Music\",\"datePublished\":\"2025-11-24T10:46:33+00:00\",\"dateModified\":\"2025-12-16T11:05:22+00:00\",\"mainEntityOfPage\":{\"@id\":\"https:\\\/\\\/www.imep.pro\\\/en\\\/berklee-week-2025-at-imep-paris-college-of-music\\\/\"},\"wordCount\":1528,\"commentCount\":0,\"publisher\":{\"@id\":\"https:\\\/\\\/www.imep.pro\\\/#organization\"},\"image\":{\"@id\":\"https:\\\/\\\/www.imep.pro\\\/en\\\/berklee-week-2025-at-imep-paris-college-of-music\\\/#primaryimage\"},\"thumbnailUrl\":\"https:\\\/\\\/www.imep.pro\\\/wordpress\\\/wp-content\\\/uploads\\\/2025\\\/11\\\/Berklee-week-2025.jpg\",\"articleSection\":[\"Berklee Global Partners\",\"HOME PAGE\",\"News\"],\"inLanguage\":\"en-US\",\"potentialAction\":[{\"@type\":\"CommentAction\",\"name\":\"Comment\",\"target\":[\"https:\\\/\\\/www.imep.pro\\\/en\\\/berklee-week-2025-at-imep-paris-college-of-music\\\/#respond\"]}]},{\"@type\":\"WebPage\",\"@id\":\"https:\\\/\\\/www.imep.pro\\\/en\\\/berklee-week-2025-at-imep-paris-college-of-music\\\/\",\"url\":\"https:\\\/\\\/www.imep.pro\\\/en\\\/berklee-week-2025-at-imep-paris-college-of-music\\\/\",\"name\":\"Berklee Week 2025 at IMEP \u2022 Paris College of Music - IMEP\",\"isPartOf\":{\"@id\":\"https:\\\/\\\/www.imep.pro\\\/#website\"},\"primaryImageOfPage\":{\"@id\":\"https:\\\/\\\/www.imep.pro\\\/en\\\/berklee-week-2025-at-imep-paris-college-of-music\\\/#primaryimage\"},\"image\":{\"@id\":\"https:\\\/\\\/www.imep.pro\\\/en\\\/berklee-week-2025-at-imep-paris-college-of-music\\\/#primaryimage\"},\"thumbnailUrl\":\"https:\\\/\\\/www.imep.pro\\\/wordpress\\\/wp-content\\\/uploads\\\/2025\\\/11\\\/Berklee-week-2025.jpg\",\"datePublished\":\"2025-11-24T10:46:33+00:00\",\"dateModified\":\"2025-12-16T11:05:22+00:00\",\"breadcrumb\":{\"@id\":\"https:\\\/\\\/www.imep.pro\\\/en\\\/berklee-week-2025-at-imep-paris-college-of-music\\\/#breadcrumb\"},\"inLanguage\":\"en-US\",\"potentialAction\":[{\"@type\":\"ReadAction\",\"target\":[\"https:\\\/\\\/www.imep.pro\\\/en\\\/berklee-week-2025-at-imep-paris-college-of-music\\\/\"]}]},{\"@type\":\"ImageObject\",\"inLanguage\":\"en-US\",\"@id\":\"https:\\\/\\\/www.imep.pro\\\/en\\\/berklee-week-2025-at-imep-paris-college-of-music\\\/#primaryimage\",\"url\":\"https:\\\/\\\/www.imep.pro\\\/wordpress\\\/wp-content\\\/uploads\\\/2025\\\/11\\\/Berklee-week-2025.jpg\",\"contentUrl\":\"https:\\\/\\\/www.imep.pro\\\/wordpress\\\/wp-content\\\/uploads\\\/2025\\\/11\\\/Berklee-week-2025.jpg\",\"width\":1920,\"height\":1080},{\"@type\":\"BreadcrumbList\",\"@id\":\"https:\\\/\\\/www.imep.pro\\\/en\\\/berklee-week-2025-at-imep-paris-college-of-music\\\/#breadcrumb\",\"itemListElement\":[{\"@type\":\"ListItem\",\"position\":1,\"name\":\"Accueil\",\"item\":\"https:\\\/\\\/www.imep.pro\\\/en\\\/music-school-paris\\\/\"},{\"@type\":\"ListItem\",\"position\":2,\"name\":\"Berklee Global Partners\",\"item\":\"https:\\\/\\\/www.imep.pro\\\/category\\\/berklee-global-partners\\\/\"},{\"@type\":\"ListItem\",\"position\":3,\"name\":\"Berklee Week 2025 at IMEP \u2022 Paris College of Music\"}]},{\"@type\":\"WebSite\",\"@id\":\"https:\\\/\\\/www.imep.pro\\\/#website\",\"url\":\"https:\\\/\\\/www.imep.pro\\\/\",\"name\":\"IMEP\",\"description\":\"\u266a Paris College of music \u266a\",\"publisher\":{\"@id\":\"https:\\\/\\\/www.imep.pro\\\/#organization\"},\"potentialAction\":[{\"@type\":\"SearchAction\",\"target\":{\"@type\":\"EntryPoint\",\"urlTemplate\":\"https:\\\/\\\/www.imep.pro\\\/?s={search_term_string}\"},\"query-input\":{\"@type\":\"PropertyValueSpecification\",\"valueRequired\":true,\"valueName\":\"search_term_string\"}}],\"inLanguage\":\"en-US\"},{\"@type\":\"Organization\",\"@id\":\"https:\\\/\\\/www.imep.pro\\\/#organization\",\"name\":\"IMEP Paris College of Music\",\"url\":\"https:\\\/\\\/www.imep.pro\\\/\",\"logo\":{\"@type\":\"ImageObject\",\"inLanguage\":\"en-US\",\"@id\":\"https:\\\/\\\/www.imep.pro\\\/#\\\/schema\\\/logo\\\/image\\\/\",\"url\":\"https:\\\/\\\/www.imep.pro\\\/wordpress\\\/wp-content\\\/uploads\\\/2016\\\/02\\\/cropped-imep_logo_original-favicon.png\",\"contentUrl\":\"https:\\\/\\\/www.imep.pro\\\/wordpress\\\/wp-content\\\/uploads\\\/2016\\\/02\\\/cropped-imep_logo_original-favicon.png\",\"width\":512,\"height\":512,\"caption\":\"IMEP Paris College of Music\"},\"image\":{\"@id\":\"https:\\\/\\\/www.imep.pro\\\/#\\\/schema\\\/logo\\\/image\\\/\"},\"sameAs\":[\"http:\\\/\\\/www.facebook.com\\\/imep.pro\",\"https:\\\/\\\/x.com\\\/imep_pro\",\"https:\\\/\\\/www.instagram.com\\\/imepparis\\\/\",\"https:\\\/\\\/www.linkedin.com\\\/company\\\/imep-paris-college-of-music\\\/\",\"https:\\\/\\\/www.youtube.com\\\/user\\\/imusicparis\"]},{\"@type\":\"Person\",\"@id\":\"https:\\\/\\\/www.imep.pro\\\/#\\\/schema\\\/person\\\/47604aeec7b3f95425adb978491a0bcb\",\"name\":\"Monart Agency\",\"image\":{\"@type\":\"ImageObject\",\"inLanguage\":\"en-US\",\"@id\":\"https:\\\/\\\/secure.gravatar.com\\\/avatar\\\/e140a68304568537b5ef59a50a21e9d951951179ecfb5a88c0fdfbb9131182cd?s=96&d=mm&r=g\",\"url\":\"https:\\\/\\\/secure.gravatar.com\\\/avatar\\\/e140a68304568537b5ef59a50a21e9d951951179ecfb5a88c0fdfbb9131182cd?s=96&d=mm&r=g\",\"contentUrl\":\"https:\\\/\\\/secure.gravatar.com\\\/avatar\\\/e140a68304568537b5ef59a50a21e9d951951179ecfb5a88c0fdfbb9131182cd?s=96&d=mm&r=g\",\"caption\":\"Monart Agency\"},\"description\":\"Monart est une agence sp\u00e9cialis\u00e9e en communication musicale, pour des professionnels de la musique, \u00e0 la recherche de ce qui se fait de mieux dans le milieu artistique et musical du jazz, de la musique contemporaine et de la musique du monde et ce, dans le monde entier.\",\"sameAs\":[\"https:\\\/\\\/www.monartagency.com\\\/agence-communication-musicale\",\"https:\\\/\\\/www.facebook.com\\\/monartagency\\\/\",\"https:\\\/\\\/www.instagram.com\\\/monartagency\\\/\",\"https:\\\/\\\/www.linkedin.com\\\/company\\\/monart-agency\",\"https:\\\/\\\/x.com\\\/monartagency\",\"https:\\\/\\\/www.youtube.com\\\/channel\\\/UC9H-2xb6TtKzqVT3XY-lcXw\",\"https:\\\/\\\/soundcloud.com\\\/user-617326834\"],\"url\":\"https:\\\/\\\/www.imep.pro\\\/en\\\/author\\\/gustavo\\\/\"}]}<\/script>\n<!-- \/ Yoast SEO plugin. -->","yoast_head_json":{"title":"Berklee Week 2025 at IMEP \u2022 Paris College of Music - IMEP","robots":{"index":"index","follow":"follow","max-snippet":"max-snippet:-1","max-image-preview":"max-image-preview:large","max-video-preview":"max-video-preview:-1"},"canonical":"https:\/\/www.imep.pro\/en\/berklee-week-2025-at-imep-paris-college-of-music\/","og_locale":"en_US","og_type":"article","og_title":"Berklee Week 2025 at IMEP \u2022 Paris College of Music - IMEP","og_url":"https:\/\/www.imep.pro\/en\/berklee-week-2025-at-imep-paris-college-of-music\/","og_site_name":"IMEP","article_publisher":"http:\/\/www.facebook.com\/imep.pro","article_author":"https:\/\/www.facebook.com\/monartagency\/","article_published_time":"2025-11-24T10:46:33+00:00","article_modified_time":"2025-12-16T11:05:22+00:00","og_image":[{"width":1920,"height":1080,"url":"https:\/\/www.imep.pro\/wordpress\/wp-content\/uploads\/2025\/11\/Berklee-week-2025.jpg","type":"image\/jpeg"}],"author":"Monart Agency","twitter_card":"summary_large_image","twitter_creator":"@monartagency","twitter_site":"@imep_pro","twitter_misc":{"Written by":"Monart Agency","Est. reading time":"8 minutes"},"schema":{"@context":"https:\/\/schema.org","@graph":[{"@type":"Article","@id":"https:\/\/www.imep.pro\/en\/berklee-week-2025-at-imep-paris-college-of-music\/#article","isPartOf":{"@id":"https:\/\/www.imep.pro\/en\/berklee-week-2025-at-imep-paris-college-of-music\/"},"author":{"name":"Monart Agency","@id":"https:\/\/www.imep.pro\/#\/schema\/person\/47604aeec7b3f95425adb978491a0bcb"},"headline":"Berklee Week 2025 at IMEP \u2022 Paris College of Music","datePublished":"2025-11-24T10:46:33+00:00","dateModified":"2025-12-16T11:05:22+00:00","mainEntityOfPage":{"@id":"https:\/\/www.imep.pro\/en\/berklee-week-2025-at-imep-paris-college-of-music\/"},"wordCount":1528,"commentCount":0,"publisher":{"@id":"https:\/\/www.imep.pro\/#organization"},"image":{"@id":"https:\/\/www.imep.pro\/en\/berklee-week-2025-at-imep-paris-college-of-music\/#primaryimage"},"thumbnailUrl":"https:\/\/www.imep.pro\/wordpress\/wp-content\/uploads\/2025\/11\/Berklee-week-2025.jpg","articleSection":["Berklee Global Partners","HOME PAGE","News"],"inLanguage":"en-US","potentialAction":[{"@type":"CommentAction","name":"Comment","target":["https:\/\/www.imep.pro\/en\/berklee-week-2025-at-imep-paris-college-of-music\/#respond"]}]},{"@type":"WebPage","@id":"https:\/\/www.imep.pro\/en\/berklee-week-2025-at-imep-paris-college-of-music\/","url":"https:\/\/www.imep.pro\/en\/berklee-week-2025-at-imep-paris-college-of-music\/","name":"Berklee Week 2025 at IMEP \u2022 Paris College of Music - IMEP","isPartOf":{"@id":"https:\/\/www.imep.pro\/#website"},"primaryImageOfPage":{"@id":"https:\/\/www.imep.pro\/en\/berklee-week-2025-at-imep-paris-college-of-music\/#primaryimage"},"image":{"@id":"https:\/\/www.imep.pro\/en\/berklee-week-2025-at-imep-paris-college-of-music\/#primaryimage"},"thumbnailUrl":"https:\/\/www.imep.pro\/wordpress\/wp-content\/uploads\/2025\/11\/Berklee-week-2025.jpg","datePublished":"2025-11-24T10:46:33+00:00","dateModified":"2025-12-16T11:05:22+00:00","breadcrumb":{"@id":"https:\/\/www.imep.pro\/en\/berklee-week-2025-at-imep-paris-college-of-music\/#breadcrumb"},"inLanguage":"en-US","potentialAction":[{"@type":"ReadAction","target":["https:\/\/www.imep.pro\/en\/berklee-week-2025-at-imep-paris-college-of-music\/"]}]},{"@type":"ImageObject","inLanguage":"en-US","@id":"https:\/\/www.imep.pro\/en\/berklee-week-2025-at-imep-paris-college-of-music\/#primaryimage","url":"https:\/\/www.imep.pro\/wordpress\/wp-content\/uploads\/2025\/11\/Berklee-week-2025.jpg","contentUrl":"https:\/\/www.imep.pro\/wordpress\/wp-content\/uploads\/2025\/11\/Berklee-week-2025.jpg","width":1920,"height":1080},{"@type":"BreadcrumbList","@id":"https:\/\/www.imep.pro\/en\/berklee-week-2025-at-imep-paris-college-of-music\/#breadcrumb","itemListElement":[{"@type":"ListItem","position":1,"name":"Accueil","item":"https:\/\/www.imep.pro\/en\/music-school-paris\/"},{"@type":"ListItem","position":2,"name":"Berklee Global Partners","item":"https:\/\/www.imep.pro\/category\/berklee-global-partners\/"},{"@type":"ListItem","position":3,"name":"Berklee Week 2025 at IMEP \u2022 Paris College of Music"}]},{"@type":"WebSite","@id":"https:\/\/www.imep.pro\/#website","url":"https:\/\/www.imep.pro\/","name":"IMEP","description":"\u266a Paris College of music \u266a","publisher":{"@id":"https:\/\/www.imep.pro\/#organization"},"potentialAction":[{"@type":"SearchAction","target":{"@type":"EntryPoint","urlTemplate":"https:\/\/www.imep.pro\/?s={search_term_string}"},"query-input":{"@type":"PropertyValueSpecification","valueRequired":true,"valueName":"search_term_string"}}],"inLanguage":"en-US"},{"@type":"Organization","@id":"https:\/\/www.imep.pro\/#organization","name":"IMEP Paris College of Music","url":"https:\/\/www.imep.pro\/","logo":{"@type":"ImageObject","inLanguage":"en-US","@id":"https:\/\/www.imep.pro\/#\/schema\/logo\/image\/","url":"https:\/\/www.imep.pro\/wordpress\/wp-content\/uploads\/2016\/02\/cropped-imep_logo_original-favicon.png","contentUrl":"https:\/\/www.imep.pro\/wordpress\/wp-content\/uploads\/2016\/02\/cropped-imep_logo_original-favicon.png","width":512,"height":512,"caption":"IMEP Paris College of Music"},"image":{"@id":"https:\/\/www.imep.pro\/#\/schema\/logo\/image\/"},"sameAs":["http:\/\/www.facebook.com\/imep.pro","https:\/\/x.com\/imep_pro","https:\/\/www.instagram.com\/imepparis\/","https:\/\/www.linkedin.com\/company\/imep-paris-college-of-music\/","https:\/\/www.youtube.com\/user\/imusicparis"]},{"@type":"Person","@id":"https:\/\/www.imep.pro\/#\/schema\/person\/47604aeec7b3f95425adb978491a0bcb","name":"Monart Agency","image":{"@type":"ImageObject","inLanguage":"en-US","@id":"https:\/\/secure.gravatar.com\/avatar\/e140a68304568537b5ef59a50a21e9d951951179ecfb5a88c0fdfbb9131182cd?s=96&d=mm&r=g","url":"https:\/\/secure.gravatar.com\/avatar\/e140a68304568537b5ef59a50a21e9d951951179ecfb5a88c0fdfbb9131182cd?s=96&d=mm&r=g","contentUrl":"https:\/\/secure.gravatar.com\/avatar\/e140a68304568537b5ef59a50a21e9d951951179ecfb5a88c0fdfbb9131182cd?s=96&d=mm&r=g","caption":"Monart Agency"},"description":"Monart est une agence sp\u00e9cialis\u00e9e en communication musicale, pour des professionnels de la musique, \u00e0 la recherche de ce qui se fait de mieux dans le milieu artistique et musical du jazz, de la musique contemporaine et de la musique du monde et ce, dans le monde entier.","sameAs":["https:\/\/www.monartagency.com\/agence-communication-musicale","https:\/\/www.facebook.com\/monartagency\/","https:\/\/www.instagram.com\/monartagency\/","https:\/\/www.linkedin.com\/company\/monart-agency","https:\/\/x.com\/monartagency","https:\/\/www.youtube.com\/channel\/UC9H-2xb6TtKzqVT3XY-lcXw","https:\/\/soundcloud.com\/user-617326834"],"url":"https:\/\/www.imep.pro\/en\/author\/gustavo\/"}]}},"_links":{"self":[{"href":"https:\/\/www.imep.pro\/en\/wp-json\/wp\/v2\/posts\/261382","targetHints":{"allow":["GET"]}}],"collection":[{"href":"https:\/\/www.imep.pro\/en\/wp-json\/wp\/v2\/posts"}],"about":[{"href":"https:\/\/www.imep.pro\/en\/wp-json\/wp\/v2\/types\/post"}],"author":[{"embeddable":true,"href":"https:\/\/www.imep.pro\/en\/wp-json\/wp\/v2\/users\/5"}],"replies":[{"embeddable":true,"href":"https:\/\/www.imep.pro\/en\/wp-json\/wp\/v2\/comments?post=261382"}],"version-history":[{"count":11,"href":"https:\/\/www.imep.pro\/en\/wp-json\/wp\/v2\/posts\/261382\/revisions"}],"predecessor-version":[{"id":261827,"href":"https:\/\/www.imep.pro\/en\/wp-json\/wp\/v2\/posts\/261382\/revisions\/261827"}],"wp:featuredmedia":[{"embeddable":true,"href":"https:\/\/www.imep.pro\/en\/wp-json\/wp\/v2\/media\/261361"}],"wp:attachment":[{"href":"https:\/\/www.imep.pro\/en\/wp-json\/wp\/v2\/media?parent=261382"}],"wp:term":[{"taxonomy":"category","embeddable":true,"href":"https:\/\/www.imep.pro\/en\/wp-json\/wp\/v2\/categories?post=261382"},{"taxonomy":"post_tag","embeddable":true,"href":"https:\/\/www.imep.pro\/en\/wp-json\/wp\/v2\/tags?post=261382"},{"taxonomy":"dipi_cpt_category","embeddable":true,"href":"https:\/\/www.imep.pro\/en\/wp-json\/wp\/v2\/dipi_cpt_category?post=261382"}],"curies":[{"name":"wp","href":"https:\/\/api.w.org\/{rel}","templated":true}]}}