{"id":261310,"date":"2025-11-18T16:20:35","date_gmt":"2025-11-18T15:20:35","guid":{"rendered":"https:\/\/www.imep.pro\/imep-x-cyprien-melange-a-partnership-to-promote-the-creativity-of-young-artists\/"},"modified":"2025-11-18T16:20:35","modified_gmt":"2025-11-18T15:20:35","slug":"imep-x-cyprien-melange-a-partnership-to-promote-the-creativity-of-young-artists","status":"publish","type":"post","link":"https:\/\/www.imep.pro\/en\/imep-x-cyprien-melange-a-partnership-to-promote-the-creativity-of-young-artists\/","title":{"rendered":"IMEP x Cyprien M\u00e9lange: a partnership to promote the creativity of young artists"},"content":{"rendered":"\n<p><strong>IMEP \u2022 Paris College of Music announces a new partnership with Cyprien M\u00e9lange on the Jam &amp; Talk project to promote jazz and related music genres and offer visibility to young emerging artists. <\/strong><\/p>\n\n<p>In 2024, Cyprien, a <strong>former student <\/strong>at IMEP \u2022 Paris College of Music, pianist, composer and content creator, launched his Twitch channel and made a name for himself with an original format: mashups, or live compositions combining video game soundtracks and jazz standards. Through his live performances, he explores new ways to share his creativity and brings together a community around his passion for music. <\/p>\n\n<p>Today, Cyprien returns to IMEP to devise a unique project that blends podcasting, live concerts and artistic exchange: Jam &amp; Talk.<\/p>\n\n<hr class=\"wp-block-separator has-text-color has-white-color has-alpha-channel-opacity has-white-background-color has-background is-style-default\"\/>\n\n<div class=\"wp-block-buttons is-layout-flex wp-block-buttons-is-layout-flex\">\n<div class=\"wp-block-button\"><a class=\"wp-block-button__link wp-element-button\" href=\"https:\/\/m.twitch.tv\/cyprien_melange\/home\" target=\"_blank\" rel=\"noreferrer noopener nofollow\">TWITCH<\/a><\/div>\n<\/div>\n\n<hr class=\"wp-block-separator has-text-color has-white-color has-alpha-channel-opacity has-white-background-color has-background is-style-default\"\/>\n\n<p><\/p>\n\n<h2 class=\"wp-block-heading\"><strong>Jam &amp; Talk ,a live podcast at the heart of IMEP<\/strong><\/h2>\n\n<p>Produced and hosted by Cyprien M\u00e9lange,<strong> Jam &amp; Talk <\/strong>is a monthly podcast broadcast live on Twitch from the IMEP studios. Each episode highlights a band or artist from the school, providing ample space for discussion, improvisation and live performance. <\/p>\n\n<p><strong>For an hour and a half, alternating between interviews and music, the guest artists share:<\/strong><\/p>\n\n<ul class=\"wp-block-list\">\n<li>their journey and experiences at IMEP,<\/li>\n\n\n\n<li>their influences and creative process,<\/li>\n\n\n\n<li>their view of the reality of being a musician today,<\/li>\n\n\n\n<li>original pieces, performed live in professional conditions.<\/li>\n<\/ul>\n\n<p>With the spontaneous and relaxed atmosphere unique to Twitch, Jam &amp; Talk offers an accessible, lively and authentic format, designed to reach a wide audience while showcasing the richness of the current jazz scene.<\/p>\n\n<hr class=\"wp-block-separator has-text-color has-white-color has-alpha-channel-opacity has-white-background-color has-background is-style-default\"\/>\n\n<div class=\"wp-block-buttons is-layout-flex wp-block-buttons-is-layout-flex\">\n<div class=\"wp-block-button\"><a class=\"wp-block-button__link wp-element-button\" href=\"https:\/\/www.youtube.com\/@JamAndTalk-CyprienMelange\" target=\"_blank\" rel=\"noreferrer noopener nofollow\">YouTube channel<\/a><\/div>\n<\/div>\n\n<hr class=\"wp-block-separator has-text-color has-white-color has-alpha-channel-opacity has-white-background-color has-background is-style-default\"\/>\n\n<h2 class=\"wp-block-heading\"><strong>Strong objectives: visibility, sharing and support<\/strong><\/h2>\n\n<p><strong>Through this partnership, IMEP and Cyprien aim to:<\/strong><\/p>\n\n<ul class=\"wp-block-list\">\n<li>Introduce the music and projects of students and alumni to a wider audience.<\/li>\n\n\n\n<li>Promoting jazz and related music genres in a modern and interactive format.<\/li>\n\n\n\n<li>Give emerging artists or those in the process of becoming professional artists a voice by offering them visibility and reusable content (video clips, live performances, interviews).<\/li>\n\n\n\n<li>Create a space for discussion about creativity, influences and developments in the music profession.<br\/><\/li>\n<\/ul>\n\n<p><strong>Jam &amp; Talk<\/strong> thus becomes a veritable laboratory for artistic expression, where words and music intertwine to showcase the diversity of aesthetics embodied by IMEP artists.<\/p>\n\n<p>With this partnership, <a href=\"http:\/\/www.imep.pro\">IMEP \u00b7 Paris College of Music<\/a> affirms its commitment to supporting creativity, innovation and the professional development of young artists. <\/p>\n\n<p><strong>First episode of the season<\/strong><br\/><\/p>\n\n<figure class=\"wp-block-embed is-type-video is-provider-youtube wp-block-embed-youtube wp-embed-aspect-16-9 wp-has-aspect-ratio\"><div class=\"wp-block-embed__wrapper\">\n<iframe loading=\"lazy\" title=\"Quand l\u2019univers Ghibli rencontre le jazz - Jam &amp; Talk \u00e0 l\u2019IMEP avec le NEKO Trio (S2E1)\" width=\"1080\" height=\"608\" src=\"https:\/\/www.youtube.com\/embed\/tCusJ9NC6vI?feature=oembed\"  allow=\"accelerometer; autoplay; clipboard-write; encrypted-media; gyroscope; picture-in-picture; web-share\" referrerpolicy=\"strict-origin-when-cross-origin\" allowfullscreen><\/iframe>\n<\/div><\/figure>\n","protected":false},"excerpt":{"rendered":"<p>IMEP \u2022 Paris College of Music announces a new partnership with Cyprien M\u00e9lange on the Jam &amp; Talk project to promote jazz and related music genres and offer visibility to [&hellip;]<\/p>\n","protected":false},"author":5,"featured_media":261262,"comment_status":"open","ping_status":"open","sticky":false,"template":"","format":"standard","meta":{"_et_pb_use_builder":"off","_et_pb_old_content":"","_et_gb_content_width":"","footnotes":""},"categories":[159,109,44,75,156,17,104],"tags":[],"dipi_cpt_category":[],"class_list":["post-261310","post","type-post","status-publish","format-standard","has-post-thumbnail","hentry","category-alumni-en","category-anciens-eleves-en","category-eleves-anciens-eleves-en","category-home-page-en","category-imep-en","category-actus-en","category-partenaire-en"],"yoast_head":"<!-- This site is optimized with the Yoast SEO plugin v27.4 - https:\/\/yoast.com\/product\/yoast-seo-wordpress\/ -->\n<title>IMEP x Cyprien M\u00e9lange: a partnership to promote the creativity of young artists - IMEP<\/title>\n<meta name=\"robots\" content=\"index, follow, max-snippet:-1, max-image-preview:large, max-video-preview:-1\" \/>\n<link rel=\"canonical\" href=\"https:\/\/www.imep.pro\/en\/imep-x-cyprien-melange-a-partnership-to-promote-the-creativity-of-young-artists\/\" \/>\n<meta property=\"og:locale\" content=\"en_US\" \/>\n<meta property=\"og:type\" content=\"article\" \/>\n<meta property=\"og:title\" content=\"IMEP x Cyprien M\u00e9lange: a partnership to promote the creativity of young artists - IMEP\" \/>\n<meta property=\"og:description\" content=\"IMEP \u2022 Paris College of Music announces a new partnership with Cyprien M\u00e9lange on the Jam &amp; Talk project to promote jazz and related music genres and offer visibility to [&hellip;]\" \/>\n<meta property=\"og:url\" content=\"https:\/\/www.imep.pro\/en\/imep-x-cyprien-melange-a-partnership-to-promote-the-creativity-of-young-artists\/\" \/>\n<meta property=\"og:site_name\" content=\"IMEP\" \/>\n<meta property=\"article:publisher\" content=\"http:\/\/www.facebook.com\/imep.pro\" \/>\n<meta property=\"article:author\" content=\"https:\/\/www.facebook.com\/monartagency\/\" \/>\n<meta property=\"article:published_time\" content=\"2025-11-18T15:20:35+00:00\" \/>\n<meta property=\"og:image\" content=\"https:\/\/www.imep.pro\/wordpress\/wp-content\/uploads\/2025\/11\/CYPRIENMELANGE.jpg\" \/>\n\t<meta property=\"og:image:width\" content=\"1920\" \/>\n\t<meta property=\"og:image:height\" content=\"1080\" \/>\n\t<meta property=\"og:image:type\" content=\"image\/jpeg\" \/>\n<meta name=\"author\" content=\"Monart Agency\" \/>\n<meta name=\"twitter:card\" content=\"summary_large_image\" \/>\n<meta name=\"twitter:creator\" content=\"@monartagency\" \/>\n<meta name=\"twitter:site\" content=\"@imep_pro\" \/>\n<meta name=\"twitter:label1\" content=\"Written by\" \/>\n\t<meta name=\"twitter:data1\" content=\"Monart Agency\" \/>\n\t<meta name=\"twitter:label2\" content=\"Est. reading time\" \/>\n\t<meta name=\"twitter:data2\" content=\"2 minutes\" \/>\n<script type=\"application\/ld+json\" class=\"yoast-schema-graph\">{\"@context\":\"https:\\\/\\\/schema.org\",\"@graph\":[{\"@type\":\"Article\",\"@id\":\"https:\\\/\\\/www.imep.pro\\\/en\\\/imep-x-cyprien-melange-a-partnership-to-promote-the-creativity-of-young-artists\\\/#article\",\"isPartOf\":{\"@id\":\"https:\\\/\\\/www.imep.pro\\\/en\\\/imep-x-cyprien-melange-a-partnership-to-promote-the-creativity-of-young-artists\\\/\"},\"author\":{\"name\":\"Monart Agency\",\"@id\":\"https:\\\/\\\/www.imep.pro\\\/#\\\/schema\\\/person\\\/47604aeec7b3f95425adb978491a0bcb\"},\"headline\":\"IMEP x Cyprien M\u00e9lange: a partnership to promote the creativity of young artists\",\"datePublished\":\"2025-11-18T15:20:35+00:00\",\"mainEntityOfPage\":{\"@id\":\"https:\\\/\\\/www.imep.pro\\\/en\\\/imep-x-cyprien-melange-a-partnership-to-promote-the-creativity-of-young-artists\\\/\"},\"wordCount\":404,\"commentCount\":0,\"publisher\":{\"@id\":\"https:\\\/\\\/www.imep.pro\\\/#organization\"},\"image\":{\"@id\":\"https:\\\/\\\/www.imep.pro\\\/en\\\/imep-x-cyprien-melange-a-partnership-to-promote-the-creativity-of-young-artists\\\/#primaryimage\"},\"thumbnailUrl\":\"https:\\\/\\\/www.imep.pro\\\/wordpress\\\/wp-content\\\/uploads\\\/2025\\\/11\\\/CYPRIENMELANGE.jpg\",\"articleSection\":[\"Alumni\",\"Anciens \u00e9l\u00e8ves\",\"El\u00e8ves \\\/ anciens \u00e9l\u00e8ves\",\"HOME PAGE\",\"IMEP\",\"News\",\"Partenaire\"],\"inLanguage\":\"en-US\",\"potentialAction\":[{\"@type\":\"CommentAction\",\"name\":\"Comment\",\"target\":[\"https:\\\/\\\/www.imep.pro\\\/en\\\/imep-x-cyprien-melange-a-partnership-to-promote-the-creativity-of-young-artists\\\/#respond\"]}]},{\"@type\":\"WebPage\",\"@id\":\"https:\\\/\\\/www.imep.pro\\\/en\\\/imep-x-cyprien-melange-a-partnership-to-promote-the-creativity-of-young-artists\\\/\",\"url\":\"https:\\\/\\\/www.imep.pro\\\/en\\\/imep-x-cyprien-melange-a-partnership-to-promote-the-creativity-of-young-artists\\\/\",\"name\":\"IMEP x Cyprien M\u00e9lange: a partnership to promote the creativity of young artists - IMEP\",\"isPartOf\":{\"@id\":\"https:\\\/\\\/www.imep.pro\\\/#website\"},\"primaryImageOfPage\":{\"@id\":\"https:\\\/\\\/www.imep.pro\\\/en\\\/imep-x-cyprien-melange-a-partnership-to-promote-the-creativity-of-young-artists\\\/#primaryimage\"},\"image\":{\"@id\":\"https:\\\/\\\/www.imep.pro\\\/en\\\/imep-x-cyprien-melange-a-partnership-to-promote-the-creativity-of-young-artists\\\/#primaryimage\"},\"thumbnailUrl\":\"https:\\\/\\\/www.imep.pro\\\/wordpress\\\/wp-content\\\/uploads\\\/2025\\\/11\\\/CYPRIENMELANGE.jpg\",\"datePublished\":\"2025-11-18T15:20:35+00:00\",\"breadcrumb\":{\"@id\":\"https:\\\/\\\/www.imep.pro\\\/en\\\/imep-x-cyprien-melange-a-partnership-to-promote-the-creativity-of-young-artists\\\/#breadcrumb\"},\"inLanguage\":\"en-US\",\"potentialAction\":[{\"@type\":\"ReadAction\",\"target\":[\"https:\\\/\\\/www.imep.pro\\\/en\\\/imep-x-cyprien-melange-a-partnership-to-promote-the-creativity-of-young-artists\\\/\"]}]},{\"@type\":\"ImageObject\",\"inLanguage\":\"en-US\",\"@id\":\"https:\\\/\\\/www.imep.pro\\\/en\\\/imep-x-cyprien-melange-a-partnership-to-promote-the-creativity-of-young-artists\\\/#primaryimage\",\"url\":\"https:\\\/\\\/www.imep.pro\\\/wordpress\\\/wp-content\\\/uploads\\\/2025\\\/11\\\/CYPRIENMELANGE.jpg\",\"contentUrl\":\"https:\\\/\\\/www.imep.pro\\\/wordpress\\\/wp-content\\\/uploads\\\/2025\\\/11\\\/CYPRIENMELANGE.jpg\",\"width\":1920,\"height\":1080},{\"@type\":\"BreadcrumbList\",\"@id\":\"https:\\\/\\\/www.imep.pro\\\/en\\\/imep-x-cyprien-melange-a-partnership-to-promote-the-creativity-of-young-artists\\\/#breadcrumb\",\"itemListElement\":[{\"@type\":\"ListItem\",\"position\":1,\"name\":\"Accueil\",\"item\":\"https:\\\/\\\/www.imep.pro\\\/en\\\/music-school-paris\\\/\"},{\"@type\":\"ListItem\",\"position\":2,\"name\":\"Uncategorized\",\"item\":\"https:\\\/\\\/www.imep.pro\\\/en\\\/category\\\/uncategorized\\\/\"},{\"@type\":\"ListItem\",\"position\":3,\"name\":\"IMEP x Cyprien M\u00e9lange: a partnership to promote the creativity of young artists\"}]},{\"@type\":\"WebSite\",\"@id\":\"https:\\\/\\\/www.imep.pro\\\/#website\",\"url\":\"https:\\\/\\\/www.imep.pro\\\/\",\"name\":\"IMEP\",\"description\":\"\u266a Paris College of music \u266a\",\"publisher\":{\"@id\":\"https:\\\/\\\/www.imep.pro\\\/#organization\"},\"potentialAction\":[{\"@type\":\"SearchAction\",\"target\":{\"@type\":\"EntryPoint\",\"urlTemplate\":\"https:\\\/\\\/www.imep.pro\\\/?s={search_term_string}\"},\"query-input\":{\"@type\":\"PropertyValueSpecification\",\"valueRequired\":true,\"valueName\":\"search_term_string\"}}],\"inLanguage\":\"en-US\"},{\"@type\":\"Organization\",\"@id\":\"https:\\\/\\\/www.imep.pro\\\/#organization\",\"name\":\"IMEP Paris College of Music\",\"url\":\"https:\\\/\\\/www.imep.pro\\\/\",\"logo\":{\"@type\":\"ImageObject\",\"inLanguage\":\"en-US\",\"@id\":\"https:\\\/\\\/www.imep.pro\\\/#\\\/schema\\\/logo\\\/image\\\/\",\"url\":\"https:\\\/\\\/www.imep.pro\\\/wordpress\\\/wp-content\\\/uploads\\\/2016\\\/02\\\/cropped-imep_logo_original-favicon.png\",\"contentUrl\":\"https:\\\/\\\/www.imep.pro\\\/wordpress\\\/wp-content\\\/uploads\\\/2016\\\/02\\\/cropped-imep_logo_original-favicon.png\",\"width\":512,\"height\":512,\"caption\":\"IMEP Paris College of Music\"},\"image\":{\"@id\":\"https:\\\/\\\/www.imep.pro\\\/#\\\/schema\\\/logo\\\/image\\\/\"},\"sameAs\":[\"http:\\\/\\\/www.facebook.com\\\/imep.pro\",\"https:\\\/\\\/x.com\\\/imep_pro\",\"https:\\\/\\\/www.instagram.com\\\/imepparis\\\/\",\"https:\\\/\\\/www.linkedin.com\\\/company\\\/imep-paris-college-of-music\\\/\",\"https:\\\/\\\/www.youtube.com\\\/user\\\/imusicparis\"]},{\"@type\":\"Person\",\"@id\":\"https:\\\/\\\/www.imep.pro\\\/#\\\/schema\\\/person\\\/47604aeec7b3f95425adb978491a0bcb\",\"name\":\"Monart Agency\",\"image\":{\"@type\":\"ImageObject\",\"inLanguage\":\"en-US\",\"@id\":\"https:\\\/\\\/secure.gravatar.com\\\/avatar\\\/e140a68304568537b5ef59a50a21e9d951951179ecfb5a88c0fdfbb9131182cd?s=96&d=mm&r=g\",\"url\":\"https:\\\/\\\/secure.gravatar.com\\\/avatar\\\/e140a68304568537b5ef59a50a21e9d951951179ecfb5a88c0fdfbb9131182cd?s=96&d=mm&r=g\",\"contentUrl\":\"https:\\\/\\\/secure.gravatar.com\\\/avatar\\\/e140a68304568537b5ef59a50a21e9d951951179ecfb5a88c0fdfbb9131182cd?s=96&d=mm&r=g\",\"caption\":\"Monart Agency\"},\"description\":\"Monart est une agence sp\u00e9cialis\u00e9e en communication musicale, pour des professionnels de la musique, \u00e0 la recherche de ce qui se fait de mieux dans le milieu artistique et musical du jazz, de la musique contemporaine et de la musique du monde et ce, dans le monde entier.\",\"sameAs\":[\"https:\\\/\\\/www.monartagency.com\\\/agence-communication-musicale\",\"https:\\\/\\\/www.facebook.com\\\/monartagency\\\/\",\"https:\\\/\\\/www.instagram.com\\\/monartagency\\\/\",\"https:\\\/\\\/www.linkedin.com\\\/company\\\/monart-agency\",\"https:\\\/\\\/x.com\\\/monartagency\",\"https:\\\/\\\/www.youtube.com\\\/channel\\\/UC9H-2xb6TtKzqVT3XY-lcXw\",\"https:\\\/\\\/soundcloud.com\\\/user-617326834\"],\"url\":\"https:\\\/\\\/www.imep.pro\\\/en\\\/author\\\/gustavo\\\/\"}]}<\/script>\n<!-- \/ Yoast SEO plugin. -->","yoast_head_json":{"title":"IMEP x Cyprien M\u00e9lange: a partnership to promote the creativity of young artists - IMEP","robots":{"index":"index","follow":"follow","max-snippet":"max-snippet:-1","max-image-preview":"max-image-preview:large","max-video-preview":"max-video-preview:-1"},"canonical":"https:\/\/www.imep.pro\/en\/imep-x-cyprien-melange-a-partnership-to-promote-the-creativity-of-young-artists\/","og_locale":"en_US","og_type":"article","og_title":"IMEP x Cyprien M\u00e9lange: a partnership to promote the creativity of young artists - IMEP","og_description":"IMEP \u2022 Paris College of Music announces a new partnership with Cyprien M\u00e9lange on the Jam &amp; Talk project to promote jazz and related music genres and offer visibility to [&hellip;]","og_url":"https:\/\/www.imep.pro\/en\/imep-x-cyprien-melange-a-partnership-to-promote-the-creativity-of-young-artists\/","og_site_name":"IMEP","article_publisher":"http:\/\/www.facebook.com\/imep.pro","article_author":"https:\/\/www.facebook.com\/monartagency\/","article_published_time":"2025-11-18T15:20:35+00:00","og_image":[{"width":1920,"height":1080,"url":"https:\/\/www.imep.pro\/wordpress\/wp-content\/uploads\/2025\/11\/CYPRIENMELANGE.jpg","type":"image\/jpeg"}],"author":"Monart Agency","twitter_card":"summary_large_image","twitter_creator":"@monartagency","twitter_site":"@imep_pro","twitter_misc":{"Written by":"Monart Agency","Est. reading time":"2 minutes"},"schema":{"@context":"https:\/\/schema.org","@graph":[{"@type":"Article","@id":"https:\/\/www.imep.pro\/en\/imep-x-cyprien-melange-a-partnership-to-promote-the-creativity-of-young-artists\/#article","isPartOf":{"@id":"https:\/\/www.imep.pro\/en\/imep-x-cyprien-melange-a-partnership-to-promote-the-creativity-of-young-artists\/"},"author":{"name":"Monart Agency","@id":"https:\/\/www.imep.pro\/#\/schema\/person\/47604aeec7b3f95425adb978491a0bcb"},"headline":"IMEP x Cyprien M\u00e9lange: a partnership to promote the creativity of young artists","datePublished":"2025-11-18T15:20:35+00:00","mainEntityOfPage":{"@id":"https:\/\/www.imep.pro\/en\/imep-x-cyprien-melange-a-partnership-to-promote-the-creativity-of-young-artists\/"},"wordCount":404,"commentCount":0,"publisher":{"@id":"https:\/\/www.imep.pro\/#organization"},"image":{"@id":"https:\/\/www.imep.pro\/en\/imep-x-cyprien-melange-a-partnership-to-promote-the-creativity-of-young-artists\/#primaryimage"},"thumbnailUrl":"https:\/\/www.imep.pro\/wordpress\/wp-content\/uploads\/2025\/11\/CYPRIENMELANGE.jpg","articleSection":["Alumni","Anciens \u00e9l\u00e8ves","El\u00e8ves \/ anciens \u00e9l\u00e8ves","HOME PAGE","IMEP","News","Partenaire"],"inLanguage":"en-US","potentialAction":[{"@type":"CommentAction","name":"Comment","target":["https:\/\/www.imep.pro\/en\/imep-x-cyprien-melange-a-partnership-to-promote-the-creativity-of-young-artists\/#respond"]}]},{"@type":"WebPage","@id":"https:\/\/www.imep.pro\/en\/imep-x-cyprien-melange-a-partnership-to-promote-the-creativity-of-young-artists\/","url":"https:\/\/www.imep.pro\/en\/imep-x-cyprien-melange-a-partnership-to-promote-the-creativity-of-young-artists\/","name":"IMEP x Cyprien M\u00e9lange: a partnership to promote the creativity of young artists - IMEP","isPartOf":{"@id":"https:\/\/www.imep.pro\/#website"},"primaryImageOfPage":{"@id":"https:\/\/www.imep.pro\/en\/imep-x-cyprien-melange-a-partnership-to-promote-the-creativity-of-young-artists\/#primaryimage"},"image":{"@id":"https:\/\/www.imep.pro\/en\/imep-x-cyprien-melange-a-partnership-to-promote-the-creativity-of-young-artists\/#primaryimage"},"thumbnailUrl":"https:\/\/www.imep.pro\/wordpress\/wp-content\/uploads\/2025\/11\/CYPRIENMELANGE.jpg","datePublished":"2025-11-18T15:20:35+00:00","breadcrumb":{"@id":"https:\/\/www.imep.pro\/en\/imep-x-cyprien-melange-a-partnership-to-promote-the-creativity-of-young-artists\/#breadcrumb"},"inLanguage":"en-US","potentialAction":[{"@type":"ReadAction","target":["https:\/\/www.imep.pro\/en\/imep-x-cyprien-melange-a-partnership-to-promote-the-creativity-of-young-artists\/"]}]},{"@type":"ImageObject","inLanguage":"en-US","@id":"https:\/\/www.imep.pro\/en\/imep-x-cyprien-melange-a-partnership-to-promote-the-creativity-of-young-artists\/#primaryimage","url":"https:\/\/www.imep.pro\/wordpress\/wp-content\/uploads\/2025\/11\/CYPRIENMELANGE.jpg","contentUrl":"https:\/\/www.imep.pro\/wordpress\/wp-content\/uploads\/2025\/11\/CYPRIENMELANGE.jpg","width":1920,"height":1080},{"@type":"BreadcrumbList","@id":"https:\/\/www.imep.pro\/en\/imep-x-cyprien-melange-a-partnership-to-promote-the-creativity-of-young-artists\/#breadcrumb","itemListElement":[{"@type":"ListItem","position":1,"name":"Accueil","item":"https:\/\/www.imep.pro\/en\/music-school-paris\/"},{"@type":"ListItem","position":2,"name":"Uncategorized","item":"https:\/\/www.imep.pro\/en\/category\/uncategorized\/"},{"@type":"ListItem","position":3,"name":"IMEP x Cyprien M\u00e9lange: a partnership to promote the creativity of young artists"}]},{"@type":"WebSite","@id":"https:\/\/www.imep.pro\/#website","url":"https:\/\/www.imep.pro\/","name":"IMEP","description":"\u266a Paris College of music \u266a","publisher":{"@id":"https:\/\/www.imep.pro\/#organization"},"potentialAction":[{"@type":"SearchAction","target":{"@type":"EntryPoint","urlTemplate":"https:\/\/www.imep.pro\/?s={search_term_string}"},"query-input":{"@type":"PropertyValueSpecification","valueRequired":true,"valueName":"search_term_string"}}],"inLanguage":"en-US"},{"@type":"Organization","@id":"https:\/\/www.imep.pro\/#organization","name":"IMEP Paris College of Music","url":"https:\/\/www.imep.pro\/","logo":{"@type":"ImageObject","inLanguage":"en-US","@id":"https:\/\/www.imep.pro\/#\/schema\/logo\/image\/","url":"https:\/\/www.imep.pro\/wordpress\/wp-content\/uploads\/2016\/02\/cropped-imep_logo_original-favicon.png","contentUrl":"https:\/\/www.imep.pro\/wordpress\/wp-content\/uploads\/2016\/02\/cropped-imep_logo_original-favicon.png","width":512,"height":512,"caption":"IMEP Paris College of Music"},"image":{"@id":"https:\/\/www.imep.pro\/#\/schema\/logo\/image\/"},"sameAs":["http:\/\/www.facebook.com\/imep.pro","https:\/\/x.com\/imep_pro","https:\/\/www.instagram.com\/imepparis\/","https:\/\/www.linkedin.com\/company\/imep-paris-college-of-music\/","https:\/\/www.youtube.com\/user\/imusicparis"]},{"@type":"Person","@id":"https:\/\/www.imep.pro\/#\/schema\/person\/47604aeec7b3f95425adb978491a0bcb","name":"Monart Agency","image":{"@type":"ImageObject","inLanguage":"en-US","@id":"https:\/\/secure.gravatar.com\/avatar\/e140a68304568537b5ef59a50a21e9d951951179ecfb5a88c0fdfbb9131182cd?s=96&d=mm&r=g","url":"https:\/\/secure.gravatar.com\/avatar\/e140a68304568537b5ef59a50a21e9d951951179ecfb5a88c0fdfbb9131182cd?s=96&d=mm&r=g","contentUrl":"https:\/\/secure.gravatar.com\/avatar\/e140a68304568537b5ef59a50a21e9d951951179ecfb5a88c0fdfbb9131182cd?s=96&d=mm&r=g","caption":"Monart Agency"},"description":"Monart est une agence sp\u00e9cialis\u00e9e en communication musicale, pour des professionnels de la musique, \u00e0 la recherche de ce qui se fait de mieux dans le milieu artistique et musical du jazz, de la musique contemporaine et de la musique du monde et ce, dans le monde entier.","sameAs":["https:\/\/www.monartagency.com\/agence-communication-musicale","https:\/\/www.facebook.com\/monartagency\/","https:\/\/www.instagram.com\/monartagency\/","https:\/\/www.linkedin.com\/company\/monart-agency","https:\/\/x.com\/monartagency","https:\/\/www.youtube.com\/channel\/UC9H-2xb6TtKzqVT3XY-lcXw","https:\/\/soundcloud.com\/user-617326834"],"url":"https:\/\/www.imep.pro\/en\/author\/gustavo\/"}]}},"_links":{"self":[{"href":"https:\/\/www.imep.pro\/en\/wp-json\/wp\/v2\/posts\/261310","targetHints":{"allow":["GET"]}}],"collection":[{"href":"https:\/\/www.imep.pro\/en\/wp-json\/wp\/v2\/posts"}],"about":[{"href":"https:\/\/www.imep.pro\/en\/wp-json\/wp\/v2\/types\/post"}],"author":[{"embeddable":true,"href":"https:\/\/www.imep.pro\/en\/wp-json\/wp\/v2\/users\/5"}],"replies":[{"embeddable":true,"href":"https:\/\/www.imep.pro\/en\/wp-json\/wp\/v2\/comments?post=261310"}],"version-history":[{"count":1,"href":"https:\/\/www.imep.pro\/en\/wp-json\/wp\/v2\/posts\/261310\/revisions"}],"predecessor-version":[{"id":261311,"href":"https:\/\/www.imep.pro\/en\/wp-json\/wp\/v2\/posts\/261310\/revisions\/261311"}],"wp:featuredmedia":[{"embeddable":true,"href":"https:\/\/www.imep.pro\/en\/wp-json\/wp\/v2\/media\/261262"}],"wp:attachment":[{"href":"https:\/\/www.imep.pro\/en\/wp-json\/wp\/v2\/media?parent=261310"}],"wp:term":[{"taxonomy":"category","embeddable":true,"href":"https:\/\/www.imep.pro\/en\/wp-json\/wp\/v2\/categories?post=261310"},{"taxonomy":"post_tag","embeddable":true,"href":"https:\/\/www.imep.pro\/en\/wp-json\/wp\/v2\/tags?post=261310"},{"taxonomy":"dipi_cpt_category","embeddable":true,"href":"https:\/\/www.imep.pro\/en\/wp-json\/wp\/v2\/dipi_cpt_category?post=261310"}],"curies":[{"name":"wp","href":"https:\/\/api.w.org\/{rel}","templated":true}]}}