{"id":257846,"date":"2024-11-12T15:19:55","date_gmt":"2024-11-12T14:19:55","guid":{"rendered":"https:\/\/www.imep.pro\/the-amazing-keystone-big-band-new-album\/"},"modified":"2025-06-25T13:26:48","modified_gmt":"2025-06-25T12:26:48","slug":"the-amazing-keystone-big-band-new-album","status":"publish","type":"post","link":"https:\/\/www.imep.pro\/en\/the-amazing-keystone-big-band-new-album\/","title":{"rendered":"The Amazing Keystone Big Band new album"},"content":{"rendered":"<p>[et_pb_section fb_built=&#8221;1&#8243; theme_builder_area=&#8221;post_content&#8221; _builder_version=&#8221;4.27.3&#8243; _module_preset=&#8221;default&#8221;][et_pb_row _builder_version=&#8221;4.27.3&#8243; _module_preset=&#8221;default&#8221; theme_builder_area=&#8221;post_content&#8221;][et_pb_column _builder_version=&#8221;4.27.3&#8243; _module_preset=&#8221;default&#8221; type=&#8221;4_4&#8243; theme_builder_area=&#8221;post_content&#8221;][et_pb_text _builder_version=&#8221;4.27.3&#8243; _module_preset=&#8221;default&#8221; theme_builder_area=&#8221;post_content&#8221; hover_enabled=&#8221;0&#8243; sticky_enabled=&#8221;0&#8243;]<\/p>\n<h3><em>Fascinating Rhythm(s)<\/em>, The Amazing Keystone Big Band&#8217;s new album, celebrating George and Ira Gershwin, was released on 8 November 2024.<\/h3>\n<p>The twelve tracks, arranged by Bastien Ballaz and Jon Boutellier, cover a wide range of styles, from avant-garde sounds to the most ardent swing, and from blues to 70s Brazilian music.<\/p>\n<p>Each piece is a playground for the big band&#8217;s seventeen musicians, highlighting five young singers who, each in their own way, bring their own personal touch to this musical journey. Among them, one voice stands out in particular: that of <strong>Ne\u00efma Naouri, a former student of the IMEP &#8211; Paris College of Music.<\/strong> <\/p>\n<p>[\/et_pb_text][et_pb_video src=&#8221;https:\/\/www.youtube.com\/watch?v=GGp2s4xYPPM&#8221; _builder_version=&#8221;4.27.3&#8243; _module_preset=&#8221;default&#8221; theme_builder_area=&#8221;post_content&#8221; image_src=&#8221;\/\/i.ytimg.com\/vi\/GGp2s4xYPPM\/hqdefault.jpg&#8221; hover_enabled=&#8221;0&#8243; sticky_enabled=&#8221;0&#8243;][\/et_pb_video][et_pb_button button_text=&#8221;BUY THE ALBUM&#8221; _builder_version=&#8221;4.27.3&#8243; _module_preset=&#8221;default&#8221; theme_builder_area=&#8221;post_content&#8221; button_url=&#8221;https:\/\/www.keystonebigband.com\/music-store&#8221; button_alignment=&#8221;center&#8221; hover_enabled=&#8221;0&#8243; sticky_enabled=&#8221;0&#8243;][\/et_pb_button][et_pb_text _builder_version=&#8221;4.27.3&#8243; _module_preset=&#8221;default&#8221; theme_builder_area=&#8221;post_content&#8221; hover_enabled=&#8221;0&#8243; sticky_enabled=&#8221;0&#8243;]<\/p>\n<div class=\"col sqs-col-4 span-4\">\n<div class=\"sqs-block quote-block sqs-block-quote null\" data-block-type=\"31\" id=\"block-yui_3_17_2_1_1731225643535_163947\">\n<div class=\"sqs-block-content\" id=\"yui_3_17_2_1_1731415629781_371\">\n<figure class=\"block-animation-none\" data-shrink-original-size=\"15\">\n<blockquote data-animation-role=\"quote\">\n<p>This fabulous orchestra, formed fifteen years ago, never ceases to delight audiences with the quality of its performances and albums. This is once again the case with this repertoire built around the major works of George Gershwin, to which they have succeeded in giving a new lease of life!\u2014 Philippe Vincent &#8211; <a href=\"https:\/\/www.jazzmagazine.com\/\" target=\"_blank\" rel=\"noopener\">Jazz Magazine<\/a><\/p>\n<\/blockquote>\n<\/figure>\n<\/div>\n<\/div>\n<\/div>\n<div class=\"col sqs-col-4 span-4\">\n<div class=\"sqs-block quote-block sqs-block-quote null\" data-block-type=\"31\" id=\"block-yui_3_17_2_1_1731225643535_167907\">\n<div class=\"sqs-block-content\" id=\"yui_3_17_2_1_1731415629781_383\">\n<figure class=\"block-animation-none\" data-shrink-original-size=\"15\">\n<blockquote data-animation-role=\"quote\">\n<p><span>&#8220;<\/span>A remarkable cohesion full of swing and musicality. A total success! \u2014 Philippe Vincent &#8211; Jazz Magazine  <\/p>\n<\/blockquote>\n<\/figure>\n<\/div>\n<\/div>\n<\/div>\n<div class=\"col sqs-col-4 span-4\">\n<div class=\"sqs-block quote-block sqs-block-quote null\" data-block-type=\"31\" data-border-radii=\"{\"topLeft\":{\"unit\":\"px\",\"value\":0.0},\"topRight\":{\"unit\":\"px\",\"value\":0.0},\"bottomLeft\":{\"unit\":\"px\",\"value\":0.0},\"bottomRight\":{\"unit\":\"px\",\"value\":0.0}}\" id=\"block-8043f01d3b46d01711bb\">\n<div class=\"sqs-block-content\" id=\"yui_3_17_2_1_1731415629781_395\">\n<figure class=\"block-animation-none\" data-shrink-original-size=\"15\">\n<blockquote data-animation-role=\"quote\">\n<p><span>\u201c<\/span>Ce qui side\u0300re, c\u2019est la fantastique qualite\u0301 de l\u2019Amazing Keystone Big Band. Les masses orchestrales, l\u2019e\u0301criture, l\u2019ampleur, donnent une dimension ine\u0301dite a\u0300 cette musique. La troupe entre en transe en dansant, ce qui depuis Jacques Pre\u0301vert s\u2019appelle la transcendance. \u2014 Francis Marmande.    <a href=\"https:\/\/www.lemonde.fr\/\" target=\"_blank\" rel=\"noopener\">Le Monde<\/a><\/p>\n<\/blockquote>\n<\/figure>\n<\/div>\n<\/div>\n<\/div>\n<p>[\/et_pb_text][et_pb_text _builder_version=&#8221;4.27.3&#8243; _module_preset=&#8221;default&#8221; theme_builder_area=&#8221;post_content&#8221; hover_enabled=&#8221;0&#8243; sticky_enabled=&#8221;0&#8243;]<\/p>\n<h4>The Amazing Big Band will be in concert in Paris at the <a href=\"https:\/\/www.chatelet.com\/artiste\/the-amazing-keystone-big-band\/\" target=\"_blank\" rel=\"noopener\">Th\u00e9\u00e2tre du Ch\u00e2telet<\/a> on 9 January 2025<\/h4>\n<h4> <\/h4>\n<h5>MUSICIANS<\/h5>\n<ul data-rte-list=\"default\">\n<li>Singers : Ne\u00efma Naouri, Benny Benack III, Fleur Worku, Pablo Campos and Charlotte Wassy<\/li>\n<li>Trumpets : Vincent Labarre, Thierry Seneau, F\u00e9licien Bouchot and David Enhco.<\/li>\n<li>Trombones : Alo\u00efs Benoit, Lo\u00efc Bachevillier, Sylvain Thomas and Bastien Ballaz<\/li>\n<li>Saxophones : Pierre Desassis, Kenny Jeanney, Eric Prost, Jon Boutellier and Ghyslain Regard.<\/li>\n<li>Rythmic section : Thibaut Fran\u00e7ois (guitar), Fred Nardin (piano), Patrick Maradan (double bass), and Romain Sarron (drums).<\/li>\n<\/ul>\n<p><em>Website<\/em> : <a href=\"https:\/\/www.keystonebigband.com\/fascinating-rhythms\" target=\"_blank\" rel=\"noopener\">https:\/\/www.keystonebigband.com\/fascinating-rhythms<\/a><\/p>\n<p>[\/et_pb_text][\/et_pb_column][\/et_pb_row][\/et_pb_section]<\/p>\n","protected":false},"excerpt":{"rendered":"<p>[et_pb_section fb_built=&#8221;1&#8243; theme_builder_area=&#8221;post_content&#8221; _builder_version=&#8221;4.27.3&#8243; _module_preset=&#8221;default&#8221;][et_pb_row _builder_version=&#8221;4.27.3&#8243; _module_preset=&#8221;default&#8221; theme_builder_area=&#8221;post_content&#8221;][et_pb_column _builder_version=&#8221;4.27.3&#8243; _module_preset=&#8221;default&#8221; type=&#8221;4_4&#8243; theme_builder_area=&#8221;post_content&#8221;][et_pb_text _builder_version=&#8221;4.27.3&#8243; _module_preset=&#8221;default&#8221; theme_builder_area=&#8221;post_content&#8221; hover_enabled=&#8221;0&#8243; sticky_enabled=&#8221;0&#8243;] Fascinating Rhythm(s), The Amazing Keystone Big Band&#8217;s new album, celebrating George and Ira [&hellip;]<\/p>\n","protected":false},"author":7,"featured_media":257832,"comment_status":"open","ping_status":"open","sticky":false,"template":"","format":"standard","meta":{"_et_pb_use_builder":"","_et_pb_old_content":"","_et_gb_content_width":"","footnotes":""},"categories":[109,17,184],"tags":[],"dipi_cpt_category":[],"class_list":["post-257846","post","type-post","status-publish","format-standard","has-post-thumbnail","hentry","category-anciens-eleves-en","category-actus-en","category-show"],"yoast_head":"<!-- This site is optimized with the Yoast SEO plugin v27.4 - https:\/\/yoast.com\/product\/yoast-seo-wordpress\/ -->\n<title>The Amazing Keystone Big Band new album - IMEP<\/title>\n<meta name=\"robots\" content=\"index, follow, max-snippet:-1, max-image-preview:large, max-video-preview:-1\" \/>\n<link rel=\"canonical\" href=\"https:\/\/www.imep.pro\/en\/the-amazing-keystone-big-band-new-album\/\" \/>\n<meta property=\"og:locale\" content=\"en_US\" \/>\n<meta property=\"og:type\" content=\"article\" \/>\n<meta property=\"og:title\" content=\"The Amazing Keystone Big Band new album - IMEP\" \/>\n<meta property=\"og:description\" content=\"[et_pb_section fb_built=&#8221;1&#8243; theme_builder_area=&#8221;post_content&#8221; _builder_version=&#8221;4.27.3&#8243; _module_preset=&#8221;default&#8221;][et_pb_row _builder_version=&#8221;4.27.3&#8243; _module_preset=&#8221;default&#8221; theme_builder_area=&#8221;post_content&#8221;][et_pb_column _builder_version=&#8221;4.27.3&#8243; _module_preset=&#8221;default&#8221; type=&#8221;4_4&#8243; theme_builder_area=&#8221;post_content&#8221;][et_pb_text _builder_version=&#8221;4.27.3&#8243; _module_preset=&#8221;default&#8221; theme_builder_area=&#8221;post_content&#8221; hover_enabled=&#8221;0&#8243; sticky_enabled=&#8221;0&#8243;] Fascinating Rhythm(s), The Amazing Keystone Big Band&#8217;s new album, celebrating George and Ira [&hellip;]\" \/>\n<meta property=\"og:url\" content=\"https:\/\/www.imep.pro\/en\/the-amazing-keystone-big-band-new-album\/\" \/>\n<meta property=\"og:site_name\" content=\"IMEP\" \/>\n<meta property=\"article:publisher\" content=\"http:\/\/www.facebook.com\/imep.pro\" \/>\n<meta property=\"article:published_time\" content=\"2024-11-12T14:19:55+00:00\" \/>\n<meta property=\"article:modified_time\" content=\"2025-06-25T12:26:48+00:00\" \/>\n<meta property=\"og:image\" content=\"https:\/\/www.imep.pro\/wordpress\/wp-content\/uploads\/2024\/11\/amazing-keystone-big-band.jpg\" \/>\n\t<meta property=\"og:image:width\" content=\"1920\" \/>\n\t<meta property=\"og:image:height\" content=\"1080\" \/>\n\t<meta property=\"og:image:type\" content=\"image\/jpeg\" \/>\n<meta name=\"author\" content=\"Anne Reinling\" \/>\n<meta name=\"twitter:card\" content=\"summary_large_image\" \/>\n<meta name=\"twitter:creator\" content=\"@imep_pro\" \/>\n<meta name=\"twitter:site\" content=\"@imep_pro\" \/>\n<meta name=\"twitter:label1\" content=\"Written by\" \/>\n\t<meta name=\"twitter:data1\" content=\"Anne Reinling\" \/>\n\t<meta name=\"twitter:label2\" content=\"Est. reading time\" \/>\n\t<meta name=\"twitter:data2\" content=\"3 minutes\" \/>\n<script type=\"application\/ld+json\" class=\"yoast-schema-graph\">{\"@context\":\"https:\\\/\\\/schema.org\",\"@graph\":[{\"@type\":\"Article\",\"@id\":\"https:\\\/\\\/www.imep.pro\\\/en\\\/the-amazing-keystone-big-band-new-album\\\/#article\",\"isPartOf\":{\"@id\":\"https:\\\/\\\/www.imep.pro\\\/en\\\/the-amazing-keystone-big-band-new-album\\\/\"},\"author\":{\"name\":\"Anne Reinling\",\"@id\":\"https:\\\/\\\/www.imep.pro\\\/#\\\/schema\\\/person\\\/ed009e205d4f3fa4930c24daccc8b3b5\"},\"headline\":\"The Amazing Keystone Big Band new album\",\"datePublished\":\"2024-11-12T14:19:55+00:00\",\"dateModified\":\"2025-06-25T12:26:48+00:00\",\"mainEntityOfPage\":{\"@id\":\"https:\\\/\\\/www.imep.pro\\\/en\\\/the-amazing-keystone-big-band-new-album\\\/\"},\"wordCount\":514,\"commentCount\":0,\"publisher\":{\"@id\":\"https:\\\/\\\/www.imep.pro\\\/#organization\"},\"image\":{\"@id\":\"https:\\\/\\\/www.imep.pro\\\/en\\\/the-amazing-keystone-big-band-new-album\\\/#primaryimage\"},\"thumbnailUrl\":\"https:\\\/\\\/www.imep.pro\\\/wordpress\\\/wp-content\\\/uploads\\\/2024\\\/11\\\/amazing-keystone-big-band.jpg\",\"articleSection\":[\"Anciens \u00e9l\u00e8ves\",\"News\",\"Show\"],\"inLanguage\":\"en-US\",\"potentialAction\":[{\"@type\":\"CommentAction\",\"name\":\"Comment\",\"target\":[\"https:\\\/\\\/www.imep.pro\\\/en\\\/the-amazing-keystone-big-band-new-album\\\/#respond\"]}]},{\"@type\":\"WebPage\",\"@id\":\"https:\\\/\\\/www.imep.pro\\\/en\\\/the-amazing-keystone-big-band-new-album\\\/\",\"url\":\"https:\\\/\\\/www.imep.pro\\\/en\\\/the-amazing-keystone-big-band-new-album\\\/\",\"name\":\"The Amazing Keystone Big Band new album - IMEP\",\"isPartOf\":{\"@id\":\"https:\\\/\\\/www.imep.pro\\\/#website\"},\"primaryImageOfPage\":{\"@id\":\"https:\\\/\\\/www.imep.pro\\\/en\\\/the-amazing-keystone-big-band-new-album\\\/#primaryimage\"},\"image\":{\"@id\":\"https:\\\/\\\/www.imep.pro\\\/en\\\/the-amazing-keystone-big-band-new-album\\\/#primaryimage\"},\"thumbnailUrl\":\"https:\\\/\\\/www.imep.pro\\\/wordpress\\\/wp-content\\\/uploads\\\/2024\\\/11\\\/amazing-keystone-big-band.jpg\",\"datePublished\":\"2024-11-12T14:19:55+00:00\",\"dateModified\":\"2025-06-25T12:26:48+00:00\",\"breadcrumb\":{\"@id\":\"https:\\\/\\\/www.imep.pro\\\/en\\\/the-amazing-keystone-big-band-new-album\\\/#breadcrumb\"},\"inLanguage\":\"en-US\",\"potentialAction\":[{\"@type\":\"ReadAction\",\"target\":[\"https:\\\/\\\/www.imep.pro\\\/en\\\/the-amazing-keystone-big-band-new-album\\\/\"]}]},{\"@type\":\"ImageObject\",\"inLanguage\":\"en-US\",\"@id\":\"https:\\\/\\\/www.imep.pro\\\/en\\\/the-amazing-keystone-big-band-new-album\\\/#primaryimage\",\"url\":\"https:\\\/\\\/www.imep.pro\\\/wordpress\\\/wp-content\\\/uploads\\\/2024\\\/11\\\/amazing-keystone-big-band.jpg\",\"contentUrl\":\"https:\\\/\\\/www.imep.pro\\\/wordpress\\\/wp-content\\\/uploads\\\/2024\\\/11\\\/amazing-keystone-big-band.jpg\",\"width\":1920,\"height\":1080},{\"@type\":\"BreadcrumbList\",\"@id\":\"https:\\\/\\\/www.imep.pro\\\/en\\\/the-amazing-keystone-big-band-new-album\\\/#breadcrumb\",\"itemListElement\":[{\"@type\":\"ListItem\",\"position\":1,\"name\":\"Accueil\",\"item\":\"https:\\\/\\\/www.imep.pro\\\/en\\\/music-school-paris\\\/\"},{\"@type\":\"ListItem\",\"position\":2,\"name\":\"Spectacle\",\"item\":\"https:\\\/\\\/www.imep.pro\\\/category\\\/spectacle\\\/\"},{\"@type\":\"ListItem\",\"position\":3,\"name\":\"The Amazing Keystone Big Band new album\"}]},{\"@type\":\"WebSite\",\"@id\":\"https:\\\/\\\/www.imep.pro\\\/#website\",\"url\":\"https:\\\/\\\/www.imep.pro\\\/\",\"name\":\"IMEP\",\"description\":\"\u266a Paris College of music \u266a\",\"publisher\":{\"@id\":\"https:\\\/\\\/www.imep.pro\\\/#organization\"},\"potentialAction\":[{\"@type\":\"SearchAction\",\"target\":{\"@type\":\"EntryPoint\",\"urlTemplate\":\"https:\\\/\\\/www.imep.pro\\\/?s={search_term_string}\"},\"query-input\":{\"@type\":\"PropertyValueSpecification\",\"valueRequired\":true,\"valueName\":\"search_term_string\"}}],\"inLanguage\":\"en-US\"},{\"@type\":\"Organization\",\"@id\":\"https:\\\/\\\/www.imep.pro\\\/#organization\",\"name\":\"IMEP Paris College of Music\",\"url\":\"https:\\\/\\\/www.imep.pro\\\/\",\"logo\":{\"@type\":\"ImageObject\",\"inLanguage\":\"en-US\",\"@id\":\"https:\\\/\\\/www.imep.pro\\\/#\\\/schema\\\/logo\\\/image\\\/\",\"url\":\"https:\\\/\\\/www.imep.pro\\\/wordpress\\\/wp-content\\\/uploads\\\/2016\\\/02\\\/cropped-imep_logo_original-favicon.png\",\"contentUrl\":\"https:\\\/\\\/www.imep.pro\\\/wordpress\\\/wp-content\\\/uploads\\\/2016\\\/02\\\/cropped-imep_logo_original-favicon.png\",\"width\":512,\"height\":512,\"caption\":\"IMEP Paris College of Music\"},\"image\":{\"@id\":\"https:\\\/\\\/www.imep.pro\\\/#\\\/schema\\\/logo\\\/image\\\/\"},\"sameAs\":[\"http:\\\/\\\/www.facebook.com\\\/imep.pro\",\"https:\\\/\\\/x.com\\\/imep_pro\",\"https:\\\/\\\/www.instagram.com\\\/imepparis\\\/\",\"https:\\\/\\\/www.linkedin.com\\\/company\\\/imep-paris-college-of-music\\\/\",\"https:\\\/\\\/www.youtube.com\\\/user\\\/imusicparis\"]},{\"@type\":\"Person\",\"@id\":\"https:\\\/\\\/www.imep.pro\\\/#\\\/schema\\\/person\\\/ed009e205d4f3fa4930c24daccc8b3b5\",\"name\":\"Anne Reinling\",\"image\":{\"@type\":\"ImageObject\",\"inLanguage\":\"en-US\",\"@id\":\"https:\\\/\\\/secure.gravatar.com\\\/avatar\\\/be0e3c9ae51dfb9a248487ec994111ccd1c9d8f5bb51d2e8fbf82339a62dfe4c?s=96&d=mm&r=g\",\"url\":\"https:\\\/\\\/secure.gravatar.com\\\/avatar\\\/be0e3c9ae51dfb9a248487ec994111ccd1c9d8f5bb51d2e8fbf82339a62dfe4c?s=96&d=mm&r=g\",\"contentUrl\":\"https:\\\/\\\/secure.gravatar.com\\\/avatar\\\/be0e3c9ae51dfb9a248487ec994111ccd1c9d8f5bb51d2e8fbf82339a62dfe4c?s=96&d=mm&r=g\",\"caption\":\"Anne Reinling\"},\"url\":\"https:\\\/\\\/www.imep.pro\\\/en\\\/author\\\/anne-reinling\\\/\"}]}<\/script>\n<!-- \/ Yoast SEO plugin. -->","yoast_head_json":{"title":"The Amazing Keystone Big Band new album - IMEP","robots":{"index":"index","follow":"follow","max-snippet":"max-snippet:-1","max-image-preview":"max-image-preview:large","max-video-preview":"max-video-preview:-1"},"canonical":"https:\/\/www.imep.pro\/en\/the-amazing-keystone-big-band-new-album\/","og_locale":"en_US","og_type":"article","og_title":"The Amazing Keystone Big Band new album - IMEP","og_description":"[et_pb_section fb_built=&#8221;1&#8243; theme_builder_area=&#8221;post_content&#8221; _builder_version=&#8221;4.27.3&#8243; _module_preset=&#8221;default&#8221;][et_pb_row _builder_version=&#8221;4.27.3&#8243; _module_preset=&#8221;default&#8221; theme_builder_area=&#8221;post_content&#8221;][et_pb_column _builder_version=&#8221;4.27.3&#8243; _module_preset=&#8221;default&#8221; type=&#8221;4_4&#8243; theme_builder_area=&#8221;post_content&#8221;][et_pb_text _builder_version=&#8221;4.27.3&#8243; _module_preset=&#8221;default&#8221; theme_builder_area=&#8221;post_content&#8221; hover_enabled=&#8221;0&#8243; sticky_enabled=&#8221;0&#8243;] Fascinating Rhythm(s), The Amazing Keystone Big Band&#8217;s new album, celebrating George and Ira [&hellip;]","og_url":"https:\/\/www.imep.pro\/en\/the-amazing-keystone-big-band-new-album\/","og_site_name":"IMEP","article_publisher":"http:\/\/www.facebook.com\/imep.pro","article_published_time":"2024-11-12T14:19:55+00:00","article_modified_time":"2025-06-25T12:26:48+00:00","og_image":[{"width":1920,"height":1080,"url":"https:\/\/www.imep.pro\/wordpress\/wp-content\/uploads\/2024\/11\/amazing-keystone-big-band.jpg","type":"image\/jpeg"}],"author":"Anne Reinling","twitter_card":"summary_large_image","twitter_creator":"@imep_pro","twitter_site":"@imep_pro","twitter_misc":{"Written by":"Anne Reinling","Est. reading time":"3 minutes"},"schema":{"@context":"https:\/\/schema.org","@graph":[{"@type":"Article","@id":"https:\/\/www.imep.pro\/en\/the-amazing-keystone-big-band-new-album\/#article","isPartOf":{"@id":"https:\/\/www.imep.pro\/en\/the-amazing-keystone-big-band-new-album\/"},"author":{"name":"Anne Reinling","@id":"https:\/\/www.imep.pro\/#\/schema\/person\/ed009e205d4f3fa4930c24daccc8b3b5"},"headline":"The Amazing Keystone Big Band new album","datePublished":"2024-11-12T14:19:55+00:00","dateModified":"2025-06-25T12:26:48+00:00","mainEntityOfPage":{"@id":"https:\/\/www.imep.pro\/en\/the-amazing-keystone-big-band-new-album\/"},"wordCount":514,"commentCount":0,"publisher":{"@id":"https:\/\/www.imep.pro\/#organization"},"image":{"@id":"https:\/\/www.imep.pro\/en\/the-amazing-keystone-big-band-new-album\/#primaryimage"},"thumbnailUrl":"https:\/\/www.imep.pro\/wordpress\/wp-content\/uploads\/2024\/11\/amazing-keystone-big-band.jpg","articleSection":["Anciens \u00e9l\u00e8ves","News","Show"],"inLanguage":"en-US","potentialAction":[{"@type":"CommentAction","name":"Comment","target":["https:\/\/www.imep.pro\/en\/the-amazing-keystone-big-band-new-album\/#respond"]}]},{"@type":"WebPage","@id":"https:\/\/www.imep.pro\/en\/the-amazing-keystone-big-band-new-album\/","url":"https:\/\/www.imep.pro\/en\/the-amazing-keystone-big-band-new-album\/","name":"The Amazing Keystone Big Band new album - IMEP","isPartOf":{"@id":"https:\/\/www.imep.pro\/#website"},"primaryImageOfPage":{"@id":"https:\/\/www.imep.pro\/en\/the-amazing-keystone-big-band-new-album\/#primaryimage"},"image":{"@id":"https:\/\/www.imep.pro\/en\/the-amazing-keystone-big-band-new-album\/#primaryimage"},"thumbnailUrl":"https:\/\/www.imep.pro\/wordpress\/wp-content\/uploads\/2024\/11\/amazing-keystone-big-band.jpg","datePublished":"2024-11-12T14:19:55+00:00","dateModified":"2025-06-25T12:26:48+00:00","breadcrumb":{"@id":"https:\/\/www.imep.pro\/en\/the-amazing-keystone-big-band-new-album\/#breadcrumb"},"inLanguage":"en-US","potentialAction":[{"@type":"ReadAction","target":["https:\/\/www.imep.pro\/en\/the-amazing-keystone-big-band-new-album\/"]}]},{"@type":"ImageObject","inLanguage":"en-US","@id":"https:\/\/www.imep.pro\/en\/the-amazing-keystone-big-band-new-album\/#primaryimage","url":"https:\/\/www.imep.pro\/wordpress\/wp-content\/uploads\/2024\/11\/amazing-keystone-big-band.jpg","contentUrl":"https:\/\/www.imep.pro\/wordpress\/wp-content\/uploads\/2024\/11\/amazing-keystone-big-band.jpg","width":1920,"height":1080},{"@type":"BreadcrumbList","@id":"https:\/\/www.imep.pro\/en\/the-amazing-keystone-big-band-new-album\/#breadcrumb","itemListElement":[{"@type":"ListItem","position":1,"name":"Accueil","item":"https:\/\/www.imep.pro\/en\/music-school-paris\/"},{"@type":"ListItem","position":2,"name":"Spectacle","item":"https:\/\/www.imep.pro\/category\/spectacle\/"},{"@type":"ListItem","position":3,"name":"The Amazing Keystone Big Band new album"}]},{"@type":"WebSite","@id":"https:\/\/www.imep.pro\/#website","url":"https:\/\/www.imep.pro\/","name":"IMEP","description":"\u266a Paris College of music \u266a","publisher":{"@id":"https:\/\/www.imep.pro\/#organization"},"potentialAction":[{"@type":"SearchAction","target":{"@type":"EntryPoint","urlTemplate":"https:\/\/www.imep.pro\/?s={search_term_string}"},"query-input":{"@type":"PropertyValueSpecification","valueRequired":true,"valueName":"search_term_string"}}],"inLanguage":"en-US"},{"@type":"Organization","@id":"https:\/\/www.imep.pro\/#organization","name":"IMEP Paris College of Music","url":"https:\/\/www.imep.pro\/","logo":{"@type":"ImageObject","inLanguage":"en-US","@id":"https:\/\/www.imep.pro\/#\/schema\/logo\/image\/","url":"https:\/\/www.imep.pro\/wordpress\/wp-content\/uploads\/2016\/02\/cropped-imep_logo_original-favicon.png","contentUrl":"https:\/\/www.imep.pro\/wordpress\/wp-content\/uploads\/2016\/02\/cropped-imep_logo_original-favicon.png","width":512,"height":512,"caption":"IMEP Paris College of Music"},"image":{"@id":"https:\/\/www.imep.pro\/#\/schema\/logo\/image\/"},"sameAs":["http:\/\/www.facebook.com\/imep.pro","https:\/\/x.com\/imep_pro","https:\/\/www.instagram.com\/imepparis\/","https:\/\/www.linkedin.com\/company\/imep-paris-college-of-music\/","https:\/\/www.youtube.com\/user\/imusicparis"]},{"@type":"Person","@id":"https:\/\/www.imep.pro\/#\/schema\/person\/ed009e205d4f3fa4930c24daccc8b3b5","name":"Anne Reinling","image":{"@type":"ImageObject","inLanguage":"en-US","@id":"https:\/\/secure.gravatar.com\/avatar\/be0e3c9ae51dfb9a248487ec994111ccd1c9d8f5bb51d2e8fbf82339a62dfe4c?s=96&d=mm&r=g","url":"https:\/\/secure.gravatar.com\/avatar\/be0e3c9ae51dfb9a248487ec994111ccd1c9d8f5bb51d2e8fbf82339a62dfe4c?s=96&d=mm&r=g","contentUrl":"https:\/\/secure.gravatar.com\/avatar\/be0e3c9ae51dfb9a248487ec994111ccd1c9d8f5bb51d2e8fbf82339a62dfe4c?s=96&d=mm&r=g","caption":"Anne Reinling"},"url":"https:\/\/www.imep.pro\/en\/author\/anne-reinling\/"}]}},"_links":{"self":[{"href":"https:\/\/www.imep.pro\/en\/wp-json\/wp\/v2\/posts\/257846","targetHints":{"allow":["GET"]}}],"collection":[{"href":"https:\/\/www.imep.pro\/en\/wp-json\/wp\/v2\/posts"}],"about":[{"href":"https:\/\/www.imep.pro\/en\/wp-json\/wp\/v2\/types\/post"}],"author":[{"embeddable":true,"href":"https:\/\/www.imep.pro\/en\/wp-json\/wp\/v2\/users\/7"}],"replies":[{"embeddable":true,"href":"https:\/\/www.imep.pro\/en\/wp-json\/wp\/v2\/comments?post=257846"}],"version-history":[{"count":4,"href":"https:\/\/www.imep.pro\/en\/wp-json\/wp\/v2\/posts\/257846\/revisions"}],"predecessor-version":[{"id":260067,"href":"https:\/\/www.imep.pro\/en\/wp-json\/wp\/v2\/posts\/257846\/revisions\/260067"}],"wp:featuredmedia":[{"embeddable":true,"href":"https:\/\/www.imep.pro\/en\/wp-json\/wp\/v2\/media\/257832"}],"wp:attachment":[{"href":"https:\/\/www.imep.pro\/en\/wp-json\/wp\/v2\/media?parent=257846"}],"wp:term":[{"taxonomy":"category","embeddable":true,"href":"https:\/\/www.imep.pro\/en\/wp-json\/wp\/v2\/categories?post=257846"},{"taxonomy":"post_tag","embeddable":true,"href":"https:\/\/www.imep.pro\/en\/wp-json\/wp\/v2\/tags?post=257846"},{"taxonomy":"dipi_cpt_category","embeddable":true,"href":"https:\/\/www.imep.pro\/en\/wp-json\/wp\/v2\/dipi_cpt_category?post=257846"}],"curies":[{"name":"wp","href":"https:\/\/api.w.org\/{rel}","templated":true}]}}