{"id":256560,"date":"2024-07-18T10:42:14","date_gmt":"2024-07-18T09:42:14","guid":{"rendered":"https:\/\/www.imep.pro\/imep-alumni-students-and-teachers-news\/"},"modified":"2024-07-18T10:42:55","modified_gmt":"2024-07-18T09:42:55","slug":"imep-alumni-students-and-teachers-news","status":"publish","type":"post","link":"https:\/\/www.imep.pro\/en\/imep-alumni-students-and-teachers-news\/","title":{"rendered":"IMEP Alumni, students and teachers news"},"content":{"rendered":"<p>[et_pb_section fb_built=&#8221;1&#8243; _builder_version=&#8221;4.25.1&#8243; _module_preset=&#8221;default&#8221; global_colors_info=&#8221;{}&#8221;][et_pb_row _builder_version=&#8221;4.25.1&#8243; _module_preset=&#8221;default&#8221; global_colors_info=&#8221;{}&#8221;][et_pb_column type=&#8221;4_4&#8243; _builder_version=&#8221;4.25.1&#8243; _module_preset=&#8221;default&#8221; global_colors_info=&#8221;{}&#8221;][et_pb_text _builder_version=&#8221;4.25.1&#8243; _module_preset=&#8221;default&#8221; global_colors_info=&#8221;{}&#8221;]<\/p>\n<h5>Here&#8217;s some news from the IMEP network, alumni, teachers and current students, to share with you over the summer!<\/h5>\n<p><strong>Alumni : <\/strong><\/p>\n<p>The group Lapsang, made up of IMEP alumni Quentin Lupinko, Hugo Rongi\u00e8res and Pablo Ramirez, and accompanied by Colombian singer Andre\u00eea, release the track <em>Suis-moi<\/em>.<\/p>\n<p>[\/et_pb_text][et_pb_video src=&#8221;https:\/\/www.youtube.com\/watch?v=tEpEtvFzetI&#8221; image_src=&#8221;\/\/i.ytimg.com\/vi\/tEpEtvFzetI\/hqdefault.jpg&#8221; _builder_version=&#8221;4.25.1&#8243; _module_preset=&#8221;default&#8221; global_colors_info=&#8221;{}&#8221;][\/et_pb_video][et_pb_text _builder_version=&#8221;4.25.1&#8243; _module_preset=&#8221;default&#8221; hover_enabled=&#8221;0&#8243; global_colors_info=&#8221;{}&#8221; sticky_enabled=&#8221;0&#8243;]<\/p>\n<h6><a href=\"https:\/\/linktr.ee\/kalupto\" target=\"_blank\" rel=\"noopener\">Kalupto<\/a>&#8216;s first EP, featuring Calypso Larrazet-Llop and Victor Gonon, is now available. It is called <em>Static Hideout.<\/em> Kalupto will be in concert on September 4 at Boule Noire and on September 7 at Hasard Ludique.<\/h6>\n<p>Roxane Terramorsi is back with a new indie-pop project entitled Minuit Soleil. The first single <em>La Voix<\/em> is already available<\/p>\n<p>[\/et_pb_text][et_pb_video src=&#8221;https:\/\/www.youtube.com\/watch?v=Fr2DvuFyYa0&#8243; _builder_version=&#8221;4.25.1&#8243; _module_preset=&#8221;default&#8221; image_src=&#8221;\/\/i.ytimg.com\/vi\/Fr2DvuFyYa0\/hqdefault.jpg&#8221; hover_enabled=&#8221;0&#8243; sticky_enabled=&#8221;0&#8243;][\/et_pb_video][et_pb_text _builder_version=&#8221;4.25.1&#8243; _module_preset=&#8221;default&#8221; global_colors_info=&#8221;{}&#8221;]<\/p>\n<p><strong>Teachers: <\/strong><\/p>\n<p><a href=\"https:\/\/www.imep.pro\/en\/registration-for-the-2023-advanced-jazz-course-is-now-open\/\" target=\"_blank\" rel=\"noopener\">Romain Pilon<\/a>, guitarist and teacher at IMEP, suggests an exercise to practice your instrument!<\/p>\n<p><iframe loading=\"lazy\" src=\"https:\/\/www.facebook.com\/plugins\/post.php?href=https%3A%2F%2Fwww.facebook.com%2Fpermalink.php%3Fstory_fbid%3Dpfbid0xqoKrXKNSNaCtRDd9o4mfdrZwtKJq2DwC9DJQDafAnGXWefMznVpSe3eKvVqqfrQl%26id%3D100009269220545&amp;show_text=true&amp;width=500\" width=\"500\" height=\"703\" style=\"border: none; overflow: hidden;\" scrolling=\"no\" frameborder=\"0\" allowfullscreen=\"true\" allow=\"autoplay; clipboard-write; encrypted-media; picture-in-picture; web-share\"><\/iframe><\/p>\n<p>[\/et_pb_text][et_pb_text _builder_version=&#8221;4.25.1&#8243; _module_preset=&#8221;default&#8221; global_colors_info=&#8221;{}&#8221;]<\/p>\n<p>Listen to IMEP teachers <a href=\"https:\/\/www.imep.pro\/en\/about\/faculty\/rick-margitza\/\" target=\"_blank\" rel=\"noopener\">Rick Margitza<\/a>, <a href=\"https:\/\/www.imep.pro\/en\/registration-for-the-2023-advanced-jazz-course-is-now-open\/\" target=\"_blank\" rel=\"noopener\">Manuel Rocheman<\/a> and <a href=\"https:\/\/www.imep.pro\/en\/about\/faculty\/peter-giron\/\" target=\"_blank\" rel=\"noopener\">Peter Giron<\/a>, accompanied by drummer Jeff Boudreaux, every Monday from 9pm at <a href=\"https:\/\/www.facebook.com\/LaGareLeGore\/\" target=\"_blank\" rel=\"noopener\">LaGare le Gore<\/a>. They&#8217;ll be playing all summer long! <\/p>\n<p>[\/et_pb_text][et_pb_video src=&#8221;https:\/\/www.youtube.com\/watch?v=c-apBa5Ymxo&#038;t=18s&#8221; image_src=&#8221;\/\/i.ytimg.com\/vi\/c-apBa5Ymxo\/hqdefault.jpg&#8221; _builder_version=&#8221;4.25.1&#8243; _module_preset=&#8221;default&#8221; global_colors_info=&#8221;{}&#8221;][\/et_pb_video][et_pb_text _builder_version=&#8221;4.25.1&#8243; _module_preset=&#8221;default&#8221; global_colors_info=&#8221;{}&#8221;]<\/p>\n<p><strong>Students: <\/strong><\/p>\n<p><a href=\"https:\/\/www.imep.pro\/en\/students-talk-about-their-life-at-imep\/\" target=\"_blank\" rel=\"noopener\">Georgina Brown<\/a> will be posting a series of acoustic covers of her favorite songs this summer. Here, she covers Justin Bieber &amp; Chris Brown&#8217;s <em>Next to You<\/em>.<\/p>\n<p>[\/et_pb_text][et_pb_video src=&#8221;https:\/\/www.youtube.com\/watch?v=1CMMc9-Rr4k&#8221; image_src=&#8221;\/\/i.ytimg.com\/vi\/1CMMc9-Rr4k\/hqdefault.jpg&#8221; _builder_version=&#8221;4.25.1&#8243; _module_preset=&#8221;default&#8221; global_colors_info=&#8221;{}&#8221;][\/et_pb_video][et_pb_text _builder_version=&#8221;4.25.1&#8243; _module_preset=&#8221;default&#8221; global_colors_info=&#8221;{}&#8221;]<\/p>\n<p>Finally, if you missed it, the replay of Cyprien M\u00e9lange&#8217;s live show is available on Youtube. Elie Migairou-Feldman, <a href=\"https:\/\/www.imep.pro\/en\/students-talk-about-their-life-at-imep\/\">Cynthia \u201cAwori\u201d Othieno<\/a> and Cyprien Truchot look back on their first year in the <a href=\"https:\/\/www.imep.pro\/en\/introduction-imep-professional-program\/\" target=\"_blank\" rel=\"noopener\">Professional Program<\/a> at IMEP. Punctuated by beautiful musical moments, the three friends chat in all honesty!<\/p>\n<p>[\/et_pb_text][et_pb_video src=&#8221;https:\/\/www.youtube.com\/watch?v=1vN0sN_JJnw&#8221; image_src=&#8221;\/\/i.ytimg.com\/vi\/1vN0sN_JJnw\/hqdefault.jpg&#8221; _builder_version=&#8221;4.25.1&#8243; _module_preset=&#8221;default&#8221; global_colors_info=&#8221;{}&#8221;][\/et_pb_video][\/et_pb_column][\/et_pb_row][\/et_pb_section]<\/p>\n","protected":false},"excerpt":{"rendered":"<p>[et_pb_section fb_built=&#8221;1&#8243; _builder_version=&#8221;4.25.1&#8243; _module_preset=&#8221;default&#8221; global_colors_info=&#8221;{}&#8221;][et_pb_row _builder_version=&#8221;4.25.1&#8243; _module_preset=&#8221;default&#8221; global_colors_info=&#8221;{}&#8221;][et_pb_column type=&#8221;4_4&#8243; _builder_version=&#8221;4.25.1&#8243; _module_preset=&#8221;default&#8221; global_colors_info=&#8221;{}&#8221;][et_pb_text _builder_version=&#8221;4.25.1&#8243; _module_preset=&#8221;default&#8221; global_colors_info=&#8221;{}&#8221;] Here&#8217;s some news from the IMEP network, alumni, teachers and current students, to share with [&hellip;]<\/p>\n","protected":false},"author":7,"featured_media":256555,"comment_status":"open","ping_status":"open","sticky":false,"template":"","format":"standard","meta":{"_et_pb_use_builder":"","_et_pb_old_content":"","_et_gb_content_width":"","footnotes":""},"categories":[159,109,111,44,157,156],"tags":[],"dipi_cpt_category":[],"class_list":["post-256560","post","type-post","status-publish","format-standard","has-post-thumbnail","hentry","category-alumni-en","category-anciens-eleves-en","category-cycle-pro-en","category-eleves-anciens-eleves-en","category-faculty","category-imep-en"],"yoast_head":"<!-- This site is optimized with the Yoast SEO plugin v27.4 - https:\/\/yoast.com\/product\/yoast-seo-wordpress\/ -->\n<title>IMEP Alumni, students and teachers news - IMEP<\/title>\n<meta name=\"robots\" content=\"index, follow, max-snippet:-1, max-image-preview:large, max-video-preview:-1\" \/>\n<link rel=\"canonical\" href=\"https:\/\/www.imep.pro\/en\/imep-alumni-students-and-teachers-news\/\" \/>\n<meta property=\"og:locale\" content=\"en_US\" \/>\n<meta property=\"og:type\" content=\"article\" \/>\n<meta property=\"og:title\" content=\"IMEP Alumni, students and teachers news - IMEP\" \/>\n<meta property=\"og:description\" content=\"[et_pb_section fb_built=&#8221;1&#8243; _builder_version=&#8221;4.25.1&#8243; _module_preset=&#8221;default&#8221; global_colors_info=&#8221;{}&#8221;][et_pb_row _builder_version=&#8221;4.25.1&#8243; _module_preset=&#8221;default&#8221; global_colors_info=&#8221;{}&#8221;][et_pb_column type=&#8221;4_4&#8243; _builder_version=&#8221;4.25.1&#8243; _module_preset=&#8221;default&#8221; global_colors_info=&#8221;{}&#8221;][et_pb_text _builder_version=&#8221;4.25.1&#8243; _module_preset=&#8221;default&#8221; global_colors_info=&#8221;{}&#8221;] Here&#8217;s some news from the IMEP network, alumni, teachers and current students, to share with [&hellip;]\" \/>\n<meta property=\"og:url\" content=\"https:\/\/www.imep.pro\/en\/imep-alumni-students-and-teachers-news\/\" \/>\n<meta property=\"og:site_name\" content=\"IMEP\" \/>\n<meta property=\"article:publisher\" content=\"http:\/\/www.facebook.com\/imep.pro\" \/>\n<meta property=\"article:published_time\" content=\"2024-07-18T09:42:14+00:00\" \/>\n<meta property=\"article:modified_time\" content=\"2024-07-18T09:42:55+00:00\" \/>\n<meta property=\"og:image\" content=\"https:\/\/www.imep.pro\/wordpress\/wp-content\/uploads\/2024\/07\/news-imep-1.jpg\" \/>\n\t<meta property=\"og:image:width\" content=\"1920\" \/>\n\t<meta property=\"og:image:height\" content=\"1080\" \/>\n\t<meta property=\"og:image:type\" content=\"image\/jpeg\" \/>\n<meta name=\"author\" content=\"Anne Reinling\" \/>\n<meta name=\"twitter:card\" content=\"summary_large_image\" \/>\n<meta name=\"twitter:creator\" content=\"@imep_pro\" \/>\n<meta name=\"twitter:site\" content=\"@imep_pro\" \/>\n<meta name=\"twitter:label1\" content=\"Written by\" \/>\n\t<meta name=\"twitter:data1\" content=\"Anne Reinling\" \/>\n\t<meta name=\"twitter:label2\" content=\"Est. reading time\" \/>\n\t<meta name=\"twitter:data2\" content=\"3 minutes\" \/>\n<script type=\"application\/ld+json\" class=\"yoast-schema-graph\">{\"@context\":\"https:\\\/\\\/schema.org\",\"@graph\":[{\"@type\":\"Article\",\"@id\":\"https:\\\/\\\/www.imep.pro\\\/en\\\/imep-alumni-students-and-teachers-news\\\/#article\",\"isPartOf\":{\"@id\":\"https:\\\/\\\/www.imep.pro\\\/en\\\/imep-alumni-students-and-teachers-news\\\/\"},\"author\":{\"name\":\"Anne Reinling\",\"@id\":\"https:\\\/\\\/www.imep.pro\\\/#\\\/schema\\\/person\\\/ed009e205d4f3fa4930c24daccc8b3b5\"},\"headline\":\"IMEP Alumni, students and teachers news\",\"datePublished\":\"2024-07-18T09:42:14+00:00\",\"dateModified\":\"2024-07-18T09:42:55+00:00\",\"mainEntityOfPage\":{\"@id\":\"https:\\\/\\\/www.imep.pro\\\/en\\\/imep-alumni-students-and-teachers-news\\\/\"},\"wordCount\":536,\"commentCount\":0,\"publisher\":{\"@id\":\"https:\\\/\\\/www.imep.pro\\\/#organization\"},\"image\":{\"@id\":\"https:\\\/\\\/www.imep.pro\\\/en\\\/imep-alumni-students-and-teachers-news\\\/#primaryimage\"},\"thumbnailUrl\":\"https:\\\/\\\/www.imep.pro\\\/wordpress\\\/wp-content\\\/uploads\\\/2024\\\/07\\\/news-imep-1.jpg\",\"articleSection\":[\"Alumni\",\"Anciens \u00e9l\u00e8ves\",\"Cycle Pro\",\"El\u00e8ves \\\/ anciens \u00e9l\u00e8ves\",\"Faculty\",\"IMEP\"],\"inLanguage\":\"en-US\",\"potentialAction\":[{\"@type\":\"CommentAction\",\"name\":\"Comment\",\"target\":[\"https:\\\/\\\/www.imep.pro\\\/en\\\/imep-alumni-students-and-teachers-news\\\/#respond\"]}]},{\"@type\":\"WebPage\",\"@id\":\"https:\\\/\\\/www.imep.pro\\\/en\\\/imep-alumni-students-and-teachers-news\\\/\",\"url\":\"https:\\\/\\\/www.imep.pro\\\/en\\\/imep-alumni-students-and-teachers-news\\\/\",\"name\":\"IMEP Alumni, students and teachers news - IMEP\",\"isPartOf\":{\"@id\":\"https:\\\/\\\/www.imep.pro\\\/#website\"},\"primaryImageOfPage\":{\"@id\":\"https:\\\/\\\/www.imep.pro\\\/en\\\/imep-alumni-students-and-teachers-news\\\/#primaryimage\"},\"image\":{\"@id\":\"https:\\\/\\\/www.imep.pro\\\/en\\\/imep-alumni-students-and-teachers-news\\\/#primaryimage\"},\"thumbnailUrl\":\"https:\\\/\\\/www.imep.pro\\\/wordpress\\\/wp-content\\\/uploads\\\/2024\\\/07\\\/news-imep-1.jpg\",\"datePublished\":\"2024-07-18T09:42:14+00:00\",\"dateModified\":\"2024-07-18T09:42:55+00:00\",\"breadcrumb\":{\"@id\":\"https:\\\/\\\/www.imep.pro\\\/en\\\/imep-alumni-students-and-teachers-news\\\/#breadcrumb\"},\"inLanguage\":\"en-US\",\"potentialAction\":[{\"@type\":\"ReadAction\",\"target\":[\"https:\\\/\\\/www.imep.pro\\\/en\\\/imep-alumni-students-and-teachers-news\\\/\"]}]},{\"@type\":\"ImageObject\",\"inLanguage\":\"en-US\",\"@id\":\"https:\\\/\\\/www.imep.pro\\\/en\\\/imep-alumni-students-and-teachers-news\\\/#primaryimage\",\"url\":\"https:\\\/\\\/www.imep.pro\\\/wordpress\\\/wp-content\\\/uploads\\\/2024\\\/07\\\/news-imep-1.jpg\",\"contentUrl\":\"https:\\\/\\\/www.imep.pro\\\/wordpress\\\/wp-content\\\/uploads\\\/2024\\\/07\\\/news-imep-1.jpg\",\"width\":1920,\"height\":1080},{\"@type\":\"BreadcrumbList\",\"@id\":\"https:\\\/\\\/www.imep.pro\\\/en\\\/imep-alumni-students-and-teachers-news\\\/#breadcrumb\",\"itemListElement\":[{\"@type\":\"ListItem\",\"position\":1,\"name\":\"Accueil\",\"item\":\"https:\\\/\\\/www.imep.pro\\\/en\\\/music-school-paris\\\/\"},{\"@type\":\"ListItem\",\"position\":2,\"name\":\"Anciens \u00e9l\u00e8ves\",\"item\":\"https:\\\/\\\/www.imep.pro\\\/category\\\/anciens-eleves\\\/\"},{\"@type\":\"ListItem\",\"position\":3,\"name\":\"IMEP Alumni, students and teachers news\"}]},{\"@type\":\"WebSite\",\"@id\":\"https:\\\/\\\/www.imep.pro\\\/#website\",\"url\":\"https:\\\/\\\/www.imep.pro\\\/\",\"name\":\"IMEP\",\"description\":\"\u266a Paris College of music \u266a\",\"publisher\":{\"@id\":\"https:\\\/\\\/www.imep.pro\\\/#organization\"},\"potentialAction\":[{\"@type\":\"SearchAction\",\"target\":{\"@type\":\"EntryPoint\",\"urlTemplate\":\"https:\\\/\\\/www.imep.pro\\\/?s={search_term_string}\"},\"query-input\":{\"@type\":\"PropertyValueSpecification\",\"valueRequired\":true,\"valueName\":\"search_term_string\"}}],\"inLanguage\":\"en-US\"},{\"@type\":\"Organization\",\"@id\":\"https:\\\/\\\/www.imep.pro\\\/#organization\",\"name\":\"IMEP Paris College of Music\",\"url\":\"https:\\\/\\\/www.imep.pro\\\/\",\"logo\":{\"@type\":\"ImageObject\",\"inLanguage\":\"en-US\",\"@id\":\"https:\\\/\\\/www.imep.pro\\\/#\\\/schema\\\/logo\\\/image\\\/\",\"url\":\"https:\\\/\\\/www.imep.pro\\\/wordpress\\\/wp-content\\\/uploads\\\/2016\\\/02\\\/cropped-imep_logo_original-favicon.png\",\"contentUrl\":\"https:\\\/\\\/www.imep.pro\\\/wordpress\\\/wp-content\\\/uploads\\\/2016\\\/02\\\/cropped-imep_logo_original-favicon.png\",\"width\":512,\"height\":512,\"caption\":\"IMEP Paris College of Music\"},\"image\":{\"@id\":\"https:\\\/\\\/www.imep.pro\\\/#\\\/schema\\\/logo\\\/image\\\/\"},\"sameAs\":[\"http:\\\/\\\/www.facebook.com\\\/imep.pro\",\"https:\\\/\\\/x.com\\\/imep_pro\",\"https:\\\/\\\/www.instagram.com\\\/imepparis\\\/\",\"https:\\\/\\\/www.linkedin.com\\\/company\\\/imep-paris-college-of-music\\\/\",\"https:\\\/\\\/www.youtube.com\\\/user\\\/imusicparis\"]},{\"@type\":\"Person\",\"@id\":\"https:\\\/\\\/www.imep.pro\\\/#\\\/schema\\\/person\\\/ed009e205d4f3fa4930c24daccc8b3b5\",\"name\":\"Anne Reinling\",\"image\":{\"@type\":\"ImageObject\",\"inLanguage\":\"en-US\",\"@id\":\"https:\\\/\\\/secure.gravatar.com\\\/avatar\\\/be0e3c9ae51dfb9a248487ec994111ccd1c9d8f5bb51d2e8fbf82339a62dfe4c?s=96&d=mm&r=g\",\"url\":\"https:\\\/\\\/secure.gravatar.com\\\/avatar\\\/be0e3c9ae51dfb9a248487ec994111ccd1c9d8f5bb51d2e8fbf82339a62dfe4c?s=96&d=mm&r=g\",\"contentUrl\":\"https:\\\/\\\/secure.gravatar.com\\\/avatar\\\/be0e3c9ae51dfb9a248487ec994111ccd1c9d8f5bb51d2e8fbf82339a62dfe4c?s=96&d=mm&r=g\",\"caption\":\"Anne Reinling\"},\"url\":\"https:\\\/\\\/www.imep.pro\\\/en\\\/author\\\/anne-reinling\\\/\"}]}<\/script>\n<!-- \/ Yoast SEO plugin. -->","yoast_head_json":{"title":"IMEP Alumni, students and teachers news - IMEP","robots":{"index":"index","follow":"follow","max-snippet":"max-snippet:-1","max-image-preview":"max-image-preview:large","max-video-preview":"max-video-preview:-1"},"canonical":"https:\/\/www.imep.pro\/en\/imep-alumni-students-and-teachers-news\/","og_locale":"en_US","og_type":"article","og_title":"IMEP Alumni, students and teachers news - IMEP","og_description":"[et_pb_section fb_built=&#8221;1&#8243; _builder_version=&#8221;4.25.1&#8243; _module_preset=&#8221;default&#8221; global_colors_info=&#8221;{}&#8221;][et_pb_row _builder_version=&#8221;4.25.1&#8243; _module_preset=&#8221;default&#8221; global_colors_info=&#8221;{}&#8221;][et_pb_column type=&#8221;4_4&#8243; _builder_version=&#8221;4.25.1&#8243; _module_preset=&#8221;default&#8221; global_colors_info=&#8221;{}&#8221;][et_pb_text _builder_version=&#8221;4.25.1&#8243; _module_preset=&#8221;default&#8221; global_colors_info=&#8221;{}&#8221;] Here&#8217;s some news from the IMEP network, alumni, teachers and current students, to share with [&hellip;]","og_url":"https:\/\/www.imep.pro\/en\/imep-alumni-students-and-teachers-news\/","og_site_name":"IMEP","article_publisher":"http:\/\/www.facebook.com\/imep.pro","article_published_time":"2024-07-18T09:42:14+00:00","article_modified_time":"2024-07-18T09:42:55+00:00","og_image":[{"width":1920,"height":1080,"url":"https:\/\/www.imep.pro\/wordpress\/wp-content\/uploads\/2024\/07\/news-imep-1.jpg","type":"image\/jpeg"}],"author":"Anne Reinling","twitter_card":"summary_large_image","twitter_creator":"@imep_pro","twitter_site":"@imep_pro","twitter_misc":{"Written by":"Anne Reinling","Est. reading time":"3 minutes"},"schema":{"@context":"https:\/\/schema.org","@graph":[{"@type":"Article","@id":"https:\/\/www.imep.pro\/en\/imep-alumni-students-and-teachers-news\/#article","isPartOf":{"@id":"https:\/\/www.imep.pro\/en\/imep-alumni-students-and-teachers-news\/"},"author":{"name":"Anne Reinling","@id":"https:\/\/www.imep.pro\/#\/schema\/person\/ed009e205d4f3fa4930c24daccc8b3b5"},"headline":"IMEP Alumni, students and teachers news","datePublished":"2024-07-18T09:42:14+00:00","dateModified":"2024-07-18T09:42:55+00:00","mainEntityOfPage":{"@id":"https:\/\/www.imep.pro\/en\/imep-alumni-students-and-teachers-news\/"},"wordCount":536,"commentCount":0,"publisher":{"@id":"https:\/\/www.imep.pro\/#organization"},"image":{"@id":"https:\/\/www.imep.pro\/en\/imep-alumni-students-and-teachers-news\/#primaryimage"},"thumbnailUrl":"https:\/\/www.imep.pro\/wordpress\/wp-content\/uploads\/2024\/07\/news-imep-1.jpg","articleSection":["Alumni","Anciens \u00e9l\u00e8ves","Cycle Pro","El\u00e8ves \/ anciens \u00e9l\u00e8ves","Faculty","IMEP"],"inLanguage":"en-US","potentialAction":[{"@type":"CommentAction","name":"Comment","target":["https:\/\/www.imep.pro\/en\/imep-alumni-students-and-teachers-news\/#respond"]}]},{"@type":"WebPage","@id":"https:\/\/www.imep.pro\/en\/imep-alumni-students-and-teachers-news\/","url":"https:\/\/www.imep.pro\/en\/imep-alumni-students-and-teachers-news\/","name":"IMEP Alumni, students and teachers news - IMEP","isPartOf":{"@id":"https:\/\/www.imep.pro\/#website"},"primaryImageOfPage":{"@id":"https:\/\/www.imep.pro\/en\/imep-alumni-students-and-teachers-news\/#primaryimage"},"image":{"@id":"https:\/\/www.imep.pro\/en\/imep-alumni-students-and-teachers-news\/#primaryimage"},"thumbnailUrl":"https:\/\/www.imep.pro\/wordpress\/wp-content\/uploads\/2024\/07\/news-imep-1.jpg","datePublished":"2024-07-18T09:42:14+00:00","dateModified":"2024-07-18T09:42:55+00:00","breadcrumb":{"@id":"https:\/\/www.imep.pro\/en\/imep-alumni-students-and-teachers-news\/#breadcrumb"},"inLanguage":"en-US","potentialAction":[{"@type":"ReadAction","target":["https:\/\/www.imep.pro\/en\/imep-alumni-students-and-teachers-news\/"]}]},{"@type":"ImageObject","inLanguage":"en-US","@id":"https:\/\/www.imep.pro\/en\/imep-alumni-students-and-teachers-news\/#primaryimage","url":"https:\/\/www.imep.pro\/wordpress\/wp-content\/uploads\/2024\/07\/news-imep-1.jpg","contentUrl":"https:\/\/www.imep.pro\/wordpress\/wp-content\/uploads\/2024\/07\/news-imep-1.jpg","width":1920,"height":1080},{"@type":"BreadcrumbList","@id":"https:\/\/www.imep.pro\/en\/imep-alumni-students-and-teachers-news\/#breadcrumb","itemListElement":[{"@type":"ListItem","position":1,"name":"Accueil","item":"https:\/\/www.imep.pro\/en\/music-school-paris\/"},{"@type":"ListItem","position":2,"name":"Anciens \u00e9l\u00e8ves","item":"https:\/\/www.imep.pro\/category\/anciens-eleves\/"},{"@type":"ListItem","position":3,"name":"IMEP Alumni, students and teachers news"}]},{"@type":"WebSite","@id":"https:\/\/www.imep.pro\/#website","url":"https:\/\/www.imep.pro\/","name":"IMEP","description":"\u266a Paris College of music \u266a","publisher":{"@id":"https:\/\/www.imep.pro\/#organization"},"potentialAction":[{"@type":"SearchAction","target":{"@type":"EntryPoint","urlTemplate":"https:\/\/www.imep.pro\/?s={search_term_string}"},"query-input":{"@type":"PropertyValueSpecification","valueRequired":true,"valueName":"search_term_string"}}],"inLanguage":"en-US"},{"@type":"Organization","@id":"https:\/\/www.imep.pro\/#organization","name":"IMEP Paris College of Music","url":"https:\/\/www.imep.pro\/","logo":{"@type":"ImageObject","inLanguage":"en-US","@id":"https:\/\/www.imep.pro\/#\/schema\/logo\/image\/","url":"https:\/\/www.imep.pro\/wordpress\/wp-content\/uploads\/2016\/02\/cropped-imep_logo_original-favicon.png","contentUrl":"https:\/\/www.imep.pro\/wordpress\/wp-content\/uploads\/2016\/02\/cropped-imep_logo_original-favicon.png","width":512,"height":512,"caption":"IMEP Paris College of Music"},"image":{"@id":"https:\/\/www.imep.pro\/#\/schema\/logo\/image\/"},"sameAs":["http:\/\/www.facebook.com\/imep.pro","https:\/\/x.com\/imep_pro","https:\/\/www.instagram.com\/imepparis\/","https:\/\/www.linkedin.com\/company\/imep-paris-college-of-music\/","https:\/\/www.youtube.com\/user\/imusicparis"]},{"@type":"Person","@id":"https:\/\/www.imep.pro\/#\/schema\/person\/ed009e205d4f3fa4930c24daccc8b3b5","name":"Anne Reinling","image":{"@type":"ImageObject","inLanguage":"en-US","@id":"https:\/\/secure.gravatar.com\/avatar\/be0e3c9ae51dfb9a248487ec994111ccd1c9d8f5bb51d2e8fbf82339a62dfe4c?s=96&d=mm&r=g","url":"https:\/\/secure.gravatar.com\/avatar\/be0e3c9ae51dfb9a248487ec994111ccd1c9d8f5bb51d2e8fbf82339a62dfe4c?s=96&d=mm&r=g","contentUrl":"https:\/\/secure.gravatar.com\/avatar\/be0e3c9ae51dfb9a248487ec994111ccd1c9d8f5bb51d2e8fbf82339a62dfe4c?s=96&d=mm&r=g","caption":"Anne Reinling"},"url":"https:\/\/www.imep.pro\/en\/author\/anne-reinling\/"}]}},"_links":{"self":[{"href":"https:\/\/www.imep.pro\/en\/wp-json\/wp\/v2\/posts\/256560","targetHints":{"allow":["GET"]}}],"collection":[{"href":"https:\/\/www.imep.pro\/en\/wp-json\/wp\/v2\/posts"}],"about":[{"href":"https:\/\/www.imep.pro\/en\/wp-json\/wp\/v2\/types\/post"}],"author":[{"embeddable":true,"href":"https:\/\/www.imep.pro\/en\/wp-json\/wp\/v2\/users\/7"}],"replies":[{"embeddable":true,"href":"https:\/\/www.imep.pro\/en\/wp-json\/wp\/v2\/comments?post=256560"}],"version-history":[{"count":2,"href":"https:\/\/www.imep.pro\/en\/wp-json\/wp\/v2\/posts\/256560\/revisions"}],"predecessor-version":[{"id":256562,"href":"https:\/\/www.imep.pro\/en\/wp-json\/wp\/v2\/posts\/256560\/revisions\/256562"}],"wp:featuredmedia":[{"embeddable":true,"href":"https:\/\/www.imep.pro\/en\/wp-json\/wp\/v2\/media\/256555"}],"wp:attachment":[{"href":"https:\/\/www.imep.pro\/en\/wp-json\/wp\/v2\/media?parent=256560"}],"wp:term":[{"taxonomy":"category","embeddable":true,"href":"https:\/\/www.imep.pro\/en\/wp-json\/wp\/v2\/categories?post=256560"},{"taxonomy":"post_tag","embeddable":true,"href":"https:\/\/www.imep.pro\/en\/wp-json\/wp\/v2\/tags?post=256560"},{"taxonomy":"dipi_cpt_category","embeddable":true,"href":"https:\/\/www.imep.pro\/en\/wp-json\/wp\/v2\/dipi_cpt_category?post=256560"}],"curies":[{"name":"wp","href":"https:\/\/api.w.org\/{rel}","templated":true}]}}