{"id":255560,"date":"2024-05-14T12:21:35","date_gmt":"2024-05-14T11:21:35","guid":{"rendered":"https:\/\/www.imep.pro\/june-2024-imep-concerts\/"},"modified":"2024-06-25T10:34:34","modified_gmt":"2024-06-25T09:34:34","slug":"june-2024-imep-concerts","status":"publish","type":"post","link":"https:\/\/www.imep.pro\/en\/june-2024-imep-concerts\/","title":{"rendered":"June 2024 IMEP concerts"},"content":{"rendered":"<p>[et_pb_section fb_built=&#8221;1&#8243; _builder_version=&#8221;4.25.0&#8243; _module_preset=&#8221;default&#8221; global_colors_info=&#8221;{}&#8221;][et_pb_row _builder_version=&#8221;4.25.0&#8243; _module_preset=&#8221;default&#8221; global_colors_info=&#8221;{}&#8221;][et_pb_column type=&#8221;4_4&#8243; _builder_version=&#8221;4.25.0&#8243; _module_preset=&#8221;default&#8221; global_colors_info=&#8221;{}&#8221;][et_pb_text _builder_version=&#8221;4.25.1&#8243; _module_preset=&#8221;default&#8221; custom_padding=&#8221;||6px|||&#8221; global_colors_info=&#8221;{}&#8221;]<\/p>\n<h3>June marks the end of the school year at IMEP &#8211; Paris College of Music, and the start of the concert season!<\/h3>\n<h6>Before saying goodbye and taking advantage of the summer vacations, the school&#8217;s students will be taking to the stages of Paris to bring you a musical treat!<\/h6>\n<p>It all kicks off on Sunday, <strong>June 9 at Sunside<\/strong>, <span>where<\/span> we&#8217;ll be listening to the 4th and 5th year student ensembles!<\/p>\n<p>Then, at <strong>2 pianos on Monday June 10 and Tuesday June 11<\/strong>, enjoy the Cycle Libre.<\/p>\n<p>Finally, to round off the school year, <strong>we&#8217;ll be celebrating the 5th years on stage at Studio de l&#8217;Ermitage on June 23<\/strong>. They will receive their <a href=\"https:\/\/www.imep.pro\/en\/parrains-de-promotion\/\" target=\"_blank\" rel=\"noopener\">diplomas<\/a> under the patronage of guitarist Manu Codjia!<\/p>\n<p>[\/et_pb_text][et_pb_text _builder_version=&#8221;4.25.0&#8243; _module_preset=&#8221;default&#8221; global_colors_info=&#8221;{}&#8221;]<\/p>\n<p style=\"text-align: center;\"><em>Addresses, times and prices at the following ticketing link<\/em><\/p>\n<p>[\/et_pb_text][et_pb_button button_url=&#8221;https:\/\/www.billetweb.fr\/pro\/imepparis&#8221; url_new_window=&#8221;on&#8221; button_text=&#8221;Tickets&#8221; button_alignment=&#8221;center&#8221; _builder_version=&#8221;4.25.0&#8243; _module_preset=&#8221;default&#8221; global_colors_info=&#8221;{}&#8221;][\/et_pb_button][et_pb_text _builder_version=&#8221;4.25.1&#8243; _module_preset=&#8221;default&#8221; global_colors_info=&#8221;{}&#8221;]<\/p>\n<h4>Line-up :<\/h4>\n<p><strong>Concert at Sunside on June 9 : <\/strong><\/p>\n<p>L\u00e9opold Labarri\u00e8re (piano), Zo\u00e9 Muraccioli (guitare), Alexandra Comnos (basse), Tudi Cariou (batterie), L\u00e9o de Bernardi (saxophone), Rafael Mafra Lucas (guitare), Constantin de Mass\u00e9 (piano), Gautier Roques (basse), Silin Chen (batterie), Antoine Darnige (guitare), Vincent Justo Haber (guitare), Timoth\u00e9e Marcelin (guitare), Max le Duc (contrebasse), Marius Faillot (batterie), Sophie de Longevialle (chant), Jazz Angarny (piano, chant), Antonin Brouillard (guitare), Baptiste Aspar (basse, chant), Marius Faillot (batterie), Grace Jennings (chant), Thibault Paul Dubois Taine (piano), Louis Romigui\u00e8re (contrebasse), Axel Delmas (trompette), Maxime Odokine (piano), Toussaint Esaie Hounmenou (guitare), Nicolas Chua (basse).<\/p>\n<p><strong>Open Program concert on June 10 :<\/strong><\/p>\n<p>No\u00e9mie Mattern (piano), Elise Prungnaud (batterie), Camille Coatrieux (chant, basse), Lisa Porter (chant), Romane Vall\u00e9e (chant), Ibrahim Cetinkaya (clarinette), Alex Augustine (guitare), Keina Etenor (contrebasse), Thomas Le Rousseau (batterie), Esther Noel (chant), Victor Bigand (guitare), Florent Selva (piano), J\u00e9r\u00f4me Pierson (saxophone), Evdokia Davou (basse), Julien Le Gallois (batterie), Constance Pancrazi (chant), Lino Siron (guitare), Norbert Majerholc (guitare), In\u00e8s Gr\u00e9goire (piano), Elek Laszlo-Manigler (basse), Jarod Desesa-Thibault (batterie), Leni Assante Giordan (chant), Neyla Ouled-Sghaier (chant), Ad\u00e8le Mistrin (piano), Carole Chabat (piano), Alfred Vabre (saxophone), Cyn Othieno (basse), Ignacio Silva (batterie), Victor Mitraud (chant), Margot Wathelet (chant), Felicia Poblete Bustamante (chant), Bernard Tramis (guitare), Nicolas Chirico (guitare), Alexia Seck (piano), Antoine de Montille (piano), F\u00e9lix Ropars (basse), Maim Godevais (chant), David Girard (guitare), Canela Schapsis (piano), Martin Terris (piano), Angelos Kouris (piano)<\/p>\n<p><strong>Open Program concert on June 11 :<\/strong><\/p>\n<p>Elek Laszlo-Manigler (basse), Marianne Baqu\u00e9 (batterie), Vanida Senesathith (chant), Shawna Yarbrough-Zivkovich (chant), Clara El Mahmoud (chant), Ethan Dray (piano), Laura Ezzaher (guitare), Terence Mallard (saxophone), Mateo Touzet (basse), Christian Randriamasindrazana (batterie), Mona Toumi (chant), Yi Papong (chant), Loic Lahellec (guitare), V\u00e9ronique Favario (piano), Arthur Hatchondo (basse), Erwann Germain (batterie), Nathan Ramssamy (fl\u00fbte), David Hawkes (guitare), Sami Chidiac (piano), Renaud Etamba (trompette), Jacques Pelage (basse), Claire Ninon (chant), Thibault Alberro (guitare), Adrien Turpin (piano), Nicolas Reka (basse), Victor Mitraud (chant), Thomas Le Rousseau (batterie), Romain Chareyre (chant), Nathan Thal (chant), Christophe Bonenfant (piano), Mailys Ayerdi (piano), Benoit Harang (basse), Ana Filet (chant), Simon Fouchard (guitare) Antonin Turion (guitare), Adriel Aiach (piano), Hicham Fliti (piano), Paul Gonzalez (piano). <\/p>\n<p>&nbsp;<\/p>\n<p>[\/et_pb_text][\/et_pb_column][\/et_pb_row][\/et_pb_section]<\/p>\n","protected":false},"excerpt":{"rendered":"<p>[et_pb_section fb_built=&#8221;1&#8243; _builder_version=&#8221;4.25.0&#8243; _module_preset=&#8221;default&#8221; global_colors_info=&#8221;{}&#8221;][et_pb_row _builder_version=&#8221;4.25.0&#8243; _module_preset=&#8221;default&#8221; global_colors_info=&#8221;{}&#8221;][et_pb_column type=&#8221;4_4&#8243; _builder_version=&#8221;4.25.0&#8243; _module_preset=&#8221;default&#8221; global_colors_info=&#8221;{}&#8221;][et_pb_text _builder_version=&#8221;4.25.1&#8243; _module_preset=&#8221;default&#8221; custom_padding=&#8221;||6px|||&#8221; global_colors_info=&#8221;{}&#8221;] June marks the end of the school year at IMEP &#8211; Paris College of [&hellip;]<\/p>\n","protected":false},"author":7,"featured_media":255529,"comment_status":"open","ping_status":"open","sticky":false,"template":"","format":"standard","meta":{"_et_pb_use_builder":"","_et_pb_old_content":"","_et_gb_content_width":"","footnotes":""},"categories":[80,158,111,156,25],"tags":[],"dipi_cpt_category":[],"class_list":["post-255560","post","type-post","status-publish","format-standard","has-post-thumbnail","hentry","category-concerts-en","category-cycle-libre-en","category-cycle-pro-en","category-imep-en","category-remise-des-diplomes-en"],"yoast_head":"<!-- This site is optimized with the Yoast SEO plugin v27.4 - https:\/\/yoast.com\/product\/yoast-seo-wordpress\/ -->\n<title>June 2024 IMEP concerts - IMEP<\/title>\n<meta name=\"description\" content=\"Don&#039;t miss the graduation ceremony sponsored by renowned guitarist Manu Codjia. IMEP June concert - Paris\" \/>\n<meta name=\"robots\" content=\"index, follow, max-snippet:-1, max-image-preview:large, max-video-preview:-1\" \/>\n<link rel=\"canonical\" href=\"https:\/\/www.imep.pro\/en\/june-2024-imep-concerts\/\" \/>\n<meta property=\"og:locale\" content=\"en_US\" \/>\n<meta property=\"og:type\" content=\"article\" \/>\n<meta property=\"og:title\" content=\"June 2024 IMEP concerts - IMEP\" \/>\n<meta property=\"og:description\" content=\"Don&#039;t miss the graduation ceremony sponsored by renowned guitarist Manu Codjia. IMEP June concert - Paris\" \/>\n<meta property=\"og:url\" content=\"https:\/\/www.imep.pro\/en\/june-2024-imep-concerts\/\" \/>\n<meta property=\"og:site_name\" content=\"IMEP\" \/>\n<meta property=\"article:publisher\" content=\"http:\/\/www.facebook.com\/imep.pro\" \/>\n<meta property=\"article:published_time\" content=\"2024-05-14T11:21:35+00:00\" \/>\n<meta property=\"article:modified_time\" content=\"2024-06-25T09:34:34+00:00\" \/>\n<meta property=\"og:image\" content=\"https:\/\/www.imep.pro\/wordpress\/wp-content\/uploads\/2024\/05\/Design-sans-titre.jpg\" \/>\n\t<meta property=\"og:image:width\" content=\"1920\" \/>\n\t<meta property=\"og:image:height\" content=\"1080\" \/>\n\t<meta property=\"og:image:type\" content=\"image\/jpeg\" \/>\n<meta name=\"author\" content=\"Anne Reinling\" \/>\n<meta name=\"twitter:card\" content=\"summary_large_image\" \/>\n<meta name=\"twitter:creator\" content=\"@imep_pro\" \/>\n<meta name=\"twitter:site\" content=\"@imep_pro\" \/>\n<meta name=\"twitter:label1\" content=\"Written by\" \/>\n\t<meta name=\"twitter:data1\" content=\"Anne Reinling\" \/>\n\t<meta name=\"twitter:label2\" content=\"Est. reading time\" \/>\n\t<meta name=\"twitter:data2\" content=\"3 minutes\" \/>\n<script type=\"application\/ld+json\" class=\"yoast-schema-graph\">{\"@context\":\"https:\\\/\\\/schema.org\",\"@graph\":[{\"@type\":\"Article\",\"@id\":\"https:\\\/\\\/www.imep.pro\\\/en\\\/june-2024-imep-concerts\\\/#article\",\"isPartOf\":{\"@id\":\"https:\\\/\\\/www.imep.pro\\\/en\\\/june-2024-imep-concerts\\\/\"},\"author\":{\"name\":\"Anne Reinling\",\"@id\":\"https:\\\/\\\/www.imep.pro\\\/#\\\/schema\\\/person\\\/ed009e205d4f3fa4930c24daccc8b3b5\"},\"headline\":\"June 2024 IMEP concerts\",\"datePublished\":\"2024-05-14T11:21:35+00:00\",\"dateModified\":\"2024-06-25T09:34:34+00:00\",\"mainEntityOfPage\":{\"@id\":\"https:\\\/\\\/www.imep.pro\\\/en\\\/june-2024-imep-concerts\\\/\"},\"wordCount\":620,\"commentCount\":0,\"publisher\":{\"@id\":\"https:\\\/\\\/www.imep.pro\\\/#organization\"},\"image\":{\"@id\":\"https:\\\/\\\/www.imep.pro\\\/en\\\/june-2024-imep-concerts\\\/#primaryimage\"},\"thumbnailUrl\":\"https:\\\/\\\/www.imep.pro\\\/wordpress\\\/wp-content\\\/uploads\\\/2024\\\/05\\\/Design-sans-titre.jpg\",\"articleSection\":[\"Concerts\",\"cycle libre\",\"Cycle Pro\",\"IMEP\",\"remise des dipl\u00f4mes\"],\"inLanguage\":\"en-US\",\"potentialAction\":[{\"@type\":\"CommentAction\",\"name\":\"Comment\",\"target\":[\"https:\\\/\\\/www.imep.pro\\\/en\\\/june-2024-imep-concerts\\\/#respond\"]}]},{\"@type\":\"WebPage\",\"@id\":\"https:\\\/\\\/www.imep.pro\\\/en\\\/june-2024-imep-concerts\\\/\",\"url\":\"https:\\\/\\\/www.imep.pro\\\/en\\\/june-2024-imep-concerts\\\/\",\"name\":\"June 2024 IMEP concerts - IMEP\",\"isPartOf\":{\"@id\":\"https:\\\/\\\/www.imep.pro\\\/#website\"},\"primaryImageOfPage\":{\"@id\":\"https:\\\/\\\/www.imep.pro\\\/en\\\/june-2024-imep-concerts\\\/#primaryimage\"},\"image\":{\"@id\":\"https:\\\/\\\/www.imep.pro\\\/en\\\/june-2024-imep-concerts\\\/#primaryimage\"},\"thumbnailUrl\":\"https:\\\/\\\/www.imep.pro\\\/wordpress\\\/wp-content\\\/uploads\\\/2024\\\/05\\\/Design-sans-titre.jpg\",\"datePublished\":\"2024-05-14T11:21:35+00:00\",\"dateModified\":\"2024-06-25T09:34:34+00:00\",\"description\":\"Don't miss the graduation ceremony sponsored by renowned guitarist Manu Codjia. IMEP June concert - Paris\",\"breadcrumb\":{\"@id\":\"https:\\\/\\\/www.imep.pro\\\/en\\\/june-2024-imep-concerts\\\/#breadcrumb\"},\"inLanguage\":\"en-US\",\"potentialAction\":[{\"@type\":\"ReadAction\",\"target\":[\"https:\\\/\\\/www.imep.pro\\\/en\\\/june-2024-imep-concerts\\\/\"]}]},{\"@type\":\"ImageObject\",\"inLanguage\":\"en-US\",\"@id\":\"https:\\\/\\\/www.imep.pro\\\/en\\\/june-2024-imep-concerts\\\/#primaryimage\",\"url\":\"https:\\\/\\\/www.imep.pro\\\/wordpress\\\/wp-content\\\/uploads\\\/2024\\\/05\\\/Design-sans-titre.jpg\",\"contentUrl\":\"https:\\\/\\\/www.imep.pro\\\/wordpress\\\/wp-content\\\/uploads\\\/2024\\\/05\\\/Design-sans-titre.jpg\",\"width\":1920,\"height\":1080,\"caption\":\"imep concert\"},{\"@type\":\"BreadcrumbList\",\"@id\":\"https:\\\/\\\/www.imep.pro\\\/en\\\/june-2024-imep-concerts\\\/#breadcrumb\",\"itemListElement\":[{\"@type\":\"ListItem\",\"position\":1,\"name\":\"Accueil\",\"item\":\"https:\\\/\\\/www.imep.pro\\\/en\\\/music-school-paris\\\/\"},{\"@type\":\"ListItem\",\"position\":2,\"name\":\"Concerts\",\"item\":\"https:\\\/\\\/www.imep.pro\\\/en\\\/category\\\/concerts-en\\\/\"},{\"@type\":\"ListItem\",\"position\":3,\"name\":\"June 2024 IMEP concerts\"}]},{\"@type\":\"WebSite\",\"@id\":\"https:\\\/\\\/www.imep.pro\\\/#website\",\"url\":\"https:\\\/\\\/www.imep.pro\\\/\",\"name\":\"IMEP\",\"description\":\"\u266a Paris College of music \u266a\",\"publisher\":{\"@id\":\"https:\\\/\\\/www.imep.pro\\\/#organization\"},\"potentialAction\":[{\"@type\":\"SearchAction\",\"target\":{\"@type\":\"EntryPoint\",\"urlTemplate\":\"https:\\\/\\\/www.imep.pro\\\/?s={search_term_string}\"},\"query-input\":{\"@type\":\"PropertyValueSpecification\",\"valueRequired\":true,\"valueName\":\"search_term_string\"}}],\"inLanguage\":\"en-US\"},{\"@type\":\"Organization\",\"@id\":\"https:\\\/\\\/www.imep.pro\\\/#organization\",\"name\":\"IMEP Paris College of Music\",\"url\":\"https:\\\/\\\/www.imep.pro\\\/\",\"logo\":{\"@type\":\"ImageObject\",\"inLanguage\":\"en-US\",\"@id\":\"https:\\\/\\\/www.imep.pro\\\/#\\\/schema\\\/logo\\\/image\\\/\",\"url\":\"https:\\\/\\\/www.imep.pro\\\/wordpress\\\/wp-content\\\/uploads\\\/2016\\\/02\\\/cropped-imep_logo_original-favicon.png\",\"contentUrl\":\"https:\\\/\\\/www.imep.pro\\\/wordpress\\\/wp-content\\\/uploads\\\/2016\\\/02\\\/cropped-imep_logo_original-favicon.png\",\"width\":512,\"height\":512,\"caption\":\"IMEP Paris College of Music\"},\"image\":{\"@id\":\"https:\\\/\\\/www.imep.pro\\\/#\\\/schema\\\/logo\\\/image\\\/\"},\"sameAs\":[\"http:\\\/\\\/www.facebook.com\\\/imep.pro\",\"https:\\\/\\\/x.com\\\/imep_pro\",\"https:\\\/\\\/www.instagram.com\\\/imepparis\\\/\",\"https:\\\/\\\/www.linkedin.com\\\/company\\\/imep-paris-college-of-music\\\/\",\"https:\\\/\\\/www.youtube.com\\\/user\\\/imusicparis\"]},{\"@type\":\"Person\",\"@id\":\"https:\\\/\\\/www.imep.pro\\\/#\\\/schema\\\/person\\\/ed009e205d4f3fa4930c24daccc8b3b5\",\"name\":\"Anne Reinling\",\"image\":{\"@type\":\"ImageObject\",\"inLanguage\":\"en-US\",\"@id\":\"https:\\\/\\\/secure.gravatar.com\\\/avatar\\\/be0e3c9ae51dfb9a248487ec994111ccd1c9d8f5bb51d2e8fbf82339a62dfe4c?s=96&d=mm&r=g\",\"url\":\"https:\\\/\\\/secure.gravatar.com\\\/avatar\\\/be0e3c9ae51dfb9a248487ec994111ccd1c9d8f5bb51d2e8fbf82339a62dfe4c?s=96&d=mm&r=g\",\"contentUrl\":\"https:\\\/\\\/secure.gravatar.com\\\/avatar\\\/be0e3c9ae51dfb9a248487ec994111ccd1c9d8f5bb51d2e8fbf82339a62dfe4c?s=96&d=mm&r=g\",\"caption\":\"Anne Reinling\"},\"url\":\"https:\\\/\\\/www.imep.pro\\\/en\\\/author\\\/anne-reinling\\\/\"}]}<\/script>\n<!-- \/ Yoast SEO plugin. -->","yoast_head_json":{"title":"June 2024 IMEP concerts - IMEP","description":"Don't miss the graduation ceremony sponsored by renowned guitarist Manu Codjia. IMEP June concert - Paris","robots":{"index":"index","follow":"follow","max-snippet":"max-snippet:-1","max-image-preview":"max-image-preview:large","max-video-preview":"max-video-preview:-1"},"canonical":"https:\/\/www.imep.pro\/en\/june-2024-imep-concerts\/","og_locale":"en_US","og_type":"article","og_title":"June 2024 IMEP concerts - IMEP","og_description":"Don't miss the graduation ceremony sponsored by renowned guitarist Manu Codjia. IMEP June concert - Paris","og_url":"https:\/\/www.imep.pro\/en\/june-2024-imep-concerts\/","og_site_name":"IMEP","article_publisher":"http:\/\/www.facebook.com\/imep.pro","article_published_time":"2024-05-14T11:21:35+00:00","article_modified_time":"2024-06-25T09:34:34+00:00","og_image":[{"width":1920,"height":1080,"url":"https:\/\/www.imep.pro\/wordpress\/wp-content\/uploads\/2024\/05\/Design-sans-titre.jpg","type":"image\/jpeg"}],"author":"Anne Reinling","twitter_card":"summary_large_image","twitter_creator":"@imep_pro","twitter_site":"@imep_pro","twitter_misc":{"Written by":"Anne Reinling","Est. reading time":"3 minutes"},"schema":{"@context":"https:\/\/schema.org","@graph":[{"@type":"Article","@id":"https:\/\/www.imep.pro\/en\/june-2024-imep-concerts\/#article","isPartOf":{"@id":"https:\/\/www.imep.pro\/en\/june-2024-imep-concerts\/"},"author":{"name":"Anne Reinling","@id":"https:\/\/www.imep.pro\/#\/schema\/person\/ed009e205d4f3fa4930c24daccc8b3b5"},"headline":"June 2024 IMEP concerts","datePublished":"2024-05-14T11:21:35+00:00","dateModified":"2024-06-25T09:34:34+00:00","mainEntityOfPage":{"@id":"https:\/\/www.imep.pro\/en\/june-2024-imep-concerts\/"},"wordCount":620,"commentCount":0,"publisher":{"@id":"https:\/\/www.imep.pro\/#organization"},"image":{"@id":"https:\/\/www.imep.pro\/en\/june-2024-imep-concerts\/#primaryimage"},"thumbnailUrl":"https:\/\/www.imep.pro\/wordpress\/wp-content\/uploads\/2024\/05\/Design-sans-titre.jpg","articleSection":["Concerts","cycle libre","Cycle Pro","IMEP","remise des dipl\u00f4mes"],"inLanguage":"en-US","potentialAction":[{"@type":"CommentAction","name":"Comment","target":["https:\/\/www.imep.pro\/en\/june-2024-imep-concerts\/#respond"]}]},{"@type":"WebPage","@id":"https:\/\/www.imep.pro\/en\/june-2024-imep-concerts\/","url":"https:\/\/www.imep.pro\/en\/june-2024-imep-concerts\/","name":"June 2024 IMEP concerts - IMEP","isPartOf":{"@id":"https:\/\/www.imep.pro\/#website"},"primaryImageOfPage":{"@id":"https:\/\/www.imep.pro\/en\/june-2024-imep-concerts\/#primaryimage"},"image":{"@id":"https:\/\/www.imep.pro\/en\/june-2024-imep-concerts\/#primaryimage"},"thumbnailUrl":"https:\/\/www.imep.pro\/wordpress\/wp-content\/uploads\/2024\/05\/Design-sans-titre.jpg","datePublished":"2024-05-14T11:21:35+00:00","dateModified":"2024-06-25T09:34:34+00:00","description":"Don't miss the graduation ceremony sponsored by renowned guitarist Manu Codjia. IMEP June concert - Paris","breadcrumb":{"@id":"https:\/\/www.imep.pro\/en\/june-2024-imep-concerts\/#breadcrumb"},"inLanguage":"en-US","potentialAction":[{"@type":"ReadAction","target":["https:\/\/www.imep.pro\/en\/june-2024-imep-concerts\/"]}]},{"@type":"ImageObject","inLanguage":"en-US","@id":"https:\/\/www.imep.pro\/en\/june-2024-imep-concerts\/#primaryimage","url":"https:\/\/www.imep.pro\/wordpress\/wp-content\/uploads\/2024\/05\/Design-sans-titre.jpg","contentUrl":"https:\/\/www.imep.pro\/wordpress\/wp-content\/uploads\/2024\/05\/Design-sans-titre.jpg","width":1920,"height":1080,"caption":"imep concert"},{"@type":"BreadcrumbList","@id":"https:\/\/www.imep.pro\/en\/june-2024-imep-concerts\/#breadcrumb","itemListElement":[{"@type":"ListItem","position":1,"name":"Accueil","item":"https:\/\/www.imep.pro\/en\/music-school-paris\/"},{"@type":"ListItem","position":2,"name":"Concerts","item":"https:\/\/www.imep.pro\/en\/category\/concerts-en\/"},{"@type":"ListItem","position":3,"name":"June 2024 IMEP concerts"}]},{"@type":"WebSite","@id":"https:\/\/www.imep.pro\/#website","url":"https:\/\/www.imep.pro\/","name":"IMEP","description":"\u266a Paris College of music \u266a","publisher":{"@id":"https:\/\/www.imep.pro\/#organization"},"potentialAction":[{"@type":"SearchAction","target":{"@type":"EntryPoint","urlTemplate":"https:\/\/www.imep.pro\/?s={search_term_string}"},"query-input":{"@type":"PropertyValueSpecification","valueRequired":true,"valueName":"search_term_string"}}],"inLanguage":"en-US"},{"@type":"Organization","@id":"https:\/\/www.imep.pro\/#organization","name":"IMEP Paris College of Music","url":"https:\/\/www.imep.pro\/","logo":{"@type":"ImageObject","inLanguage":"en-US","@id":"https:\/\/www.imep.pro\/#\/schema\/logo\/image\/","url":"https:\/\/www.imep.pro\/wordpress\/wp-content\/uploads\/2016\/02\/cropped-imep_logo_original-favicon.png","contentUrl":"https:\/\/www.imep.pro\/wordpress\/wp-content\/uploads\/2016\/02\/cropped-imep_logo_original-favicon.png","width":512,"height":512,"caption":"IMEP Paris College of Music"},"image":{"@id":"https:\/\/www.imep.pro\/#\/schema\/logo\/image\/"},"sameAs":["http:\/\/www.facebook.com\/imep.pro","https:\/\/x.com\/imep_pro","https:\/\/www.instagram.com\/imepparis\/","https:\/\/www.linkedin.com\/company\/imep-paris-college-of-music\/","https:\/\/www.youtube.com\/user\/imusicparis"]},{"@type":"Person","@id":"https:\/\/www.imep.pro\/#\/schema\/person\/ed009e205d4f3fa4930c24daccc8b3b5","name":"Anne Reinling","image":{"@type":"ImageObject","inLanguage":"en-US","@id":"https:\/\/secure.gravatar.com\/avatar\/be0e3c9ae51dfb9a248487ec994111ccd1c9d8f5bb51d2e8fbf82339a62dfe4c?s=96&d=mm&r=g","url":"https:\/\/secure.gravatar.com\/avatar\/be0e3c9ae51dfb9a248487ec994111ccd1c9d8f5bb51d2e8fbf82339a62dfe4c?s=96&d=mm&r=g","contentUrl":"https:\/\/secure.gravatar.com\/avatar\/be0e3c9ae51dfb9a248487ec994111ccd1c9d8f5bb51d2e8fbf82339a62dfe4c?s=96&d=mm&r=g","caption":"Anne Reinling"},"url":"https:\/\/www.imep.pro\/en\/author\/anne-reinling\/"}]}},"_links":{"self":[{"href":"https:\/\/www.imep.pro\/en\/wp-json\/wp\/v2\/posts\/255560","targetHints":{"allow":["GET"]}}],"collection":[{"href":"https:\/\/www.imep.pro\/en\/wp-json\/wp\/v2\/posts"}],"about":[{"href":"https:\/\/www.imep.pro\/en\/wp-json\/wp\/v2\/types\/post"}],"author":[{"embeddable":true,"href":"https:\/\/www.imep.pro\/en\/wp-json\/wp\/v2\/users\/7"}],"replies":[{"embeddable":true,"href":"https:\/\/www.imep.pro\/en\/wp-json\/wp\/v2\/comments?post=255560"}],"version-history":[{"count":13,"href":"https:\/\/www.imep.pro\/en\/wp-json\/wp\/v2\/posts\/255560\/revisions"}],"predecessor-version":[{"id":256283,"href":"https:\/\/www.imep.pro\/en\/wp-json\/wp\/v2\/posts\/255560\/revisions\/256283"}],"wp:featuredmedia":[{"embeddable":true,"href":"https:\/\/www.imep.pro\/en\/wp-json\/wp\/v2\/media\/255529"}],"wp:attachment":[{"href":"https:\/\/www.imep.pro\/en\/wp-json\/wp\/v2\/media?parent=255560"}],"wp:term":[{"taxonomy":"category","embeddable":true,"href":"https:\/\/www.imep.pro\/en\/wp-json\/wp\/v2\/categories?post=255560"},{"taxonomy":"post_tag","embeddable":true,"href":"https:\/\/www.imep.pro\/en\/wp-json\/wp\/v2\/tags?post=255560"},{"taxonomy":"dipi_cpt_category","embeddable":true,"href":"https:\/\/www.imep.pro\/en\/wp-json\/wp\/v2\/dipi_cpt_category?post=255560"}],"curies":[{"name":"wp","href":"https:\/\/api.w.org\/{rel}","templated":true}]}}