{"id":255394,"date":"2024-04-24T11:52:23","date_gmt":"2024-04-24T10:52:23","guid":{"rendered":"https:\/\/www.imep.pro\/zzaj-a-ceux-qui-se-ratent-nominated-for-the-trophees-de-la-comedie-musicale\/"},"modified":"2024-06-12T14:57:04","modified_gmt":"2024-06-12T13:57:04","slug":"zzaj-a-ceux-qui-se-ratent-nominated-for-the-trophees-de-la-comedie-musicale","status":"publish","type":"post","link":"https:\/\/www.imep.pro\/en\/zzaj-a-ceux-qui-se-ratent-nominated-for-the-trophees-de-la-comedie-musicale\/","title":{"rendered":"ZZAJ, \u00e0 ceux qui se ratent nominated for the Troph\u00e9es de la Com\u00e9die Musicale"},"content":{"rendered":"<p>[et_pb_section fb_built=&#8221;1&#8243; theme_builder_area=&#8221;post_content&#8221; _builder_version=&#8221;4.24.3&#8243; _module_preset=&#8221;default&#8221;][et_pb_row _builder_version=&#8221;4.24.3&#8243; _module_preset=&#8221;default&#8221; theme_builder_area=&#8221;post_content&#8221;][et_pb_column _builder_version=&#8221;4.24.3&#8243; _module_preset=&#8221;default&#8221; type=&#8221;4_4&#8243; theme_builder_area=&#8221;post_content&#8221;][et_pb_text _builder_version=&#8221;4.24.3&#8243; _module_preset=&#8221;default&#8221; theme_builder_area=&#8221;post_content&#8221; hover_enabled=&#8221;0&#8243; sticky_enabled=&#8221;0&#8243;]<\/p>\n<h5>Congratulations to Matthias Lauriot Pr\u00e9vost, Augustin Ledieu and their team for the nomination of their show <em>ZZAJ, \u00e0 ceux qui se ratent<\/em> on the Troph\u00e9es de la Com\u00e9die Musicale!<\/h5>\n<p><strong>The show has been nominated for the Troph\u00e9e du Spectacle Musical<\/strong>, and the results are expected on June 10 at the <span class=\"x193iq5w xeuugli x13faqbe x1vvkbs x1xmvt09 x1lliihq x1s928wv xhkezso x1gmr53x x1cpjm7i x1fgarty x1943h6x xudqn12 x3x7a5m x6prxxf xvq8zen xo1l8bm xzsf02u x1yc453h\" dir=\"auto\">6th Troph\u00e9es de la Com\u00e9die Musicale ceremony at the <a href=\"https:\/\/www.foliesbergere.com\/fr\" target=\"_blank\" rel=\"noopener\">Folies Berg\u00e8re.<\/a><\/span><\/p>\n<p>Troph\u00e9e du Public 2024: You can also vote for <em>ZZAJ, \u00e0 ceux qui se ratent<\/em> until Friday May 3, at the following link: <span><a class=\"x1i10hfl xjbqb8w x1ejq31n xd10rxx x1sy0etr x17r0tee x972fbf xcfux6l x1qhh985 xm0m39n x9f619 x1ypdohk xt0psk2 xe8uvvx xdj266r x11i5rnm xat24cr x1mh8g0r xexx8yu x4uap5 x18d9i69 xkhd6sd x16tdsg8 x1hl2dhg xggy1nq x1a2a7pz xt0b8zv x1fey0fg\" href=\"https:\/\/urls.fr\/PUZ1_R?fbclid=IwZXh0bgNhZW0CMTAAAR0CaQ1UA4FV_k4T4ZzxeF5BW2Nvvl-1ERwwNnNpJ7ZIo0Eg7fBx_ZLvUTk_aem_AWrOwllKgvbmRknX-AcOGhEIj1t2jKlAUhz4IQXPORF5Qp4y9uWrvmIzlc2eqdgYy4vzUUzVGyDoar-UY-8MN8Q4\" rel=\"nofollow noopener noreferrer\" role=\"link\" target=\"_blank\" tabindex=\"0\">https:\/\/urls.fr\/PUZ1_R<\/a><\/span><\/p>\n<div class=\"\" dir=\"auto\">\n<div class=\"x1iorvi4 x1pi30zi x1l90r2v x1swvt13\" data-ad-comet-preview=\"message\" data-ad-preview=\"message\" id=\":r463:\">\n<div class=\"x78zum5 xdt5ytf xz62fqu x16ldp7u\">\n<div class=\"xu06os2 x1ok221b\">\n<div class=\"xdj266r x11i5rnm xat24cr x1mh8g0r x1vvkbs x126k92a\"><\/div>\n<div class=\"x11i5rnm xat24cr x1mh8g0r x1vvkbs xtlvy1s x126k92a\">\n<div dir=\"auto\"><\/div>\n<\/div>\n<\/div>\n<\/div>\n<\/div>\n<\/div>\n<p><span class=\"x193iq5w xeuugli x13faqbe x1vvkbs x1xmvt09 x1lliihq x1s928wv xhkezso x1gmr53x x1cpjm7i x1fgarty x1943h6x xudqn12 x3x7a5m x6prxxf xvq8zen xo1l8bm xzsf02u x1yc453h\" dir=\"auto\">In other good news, the show returns to <a href=\"https:\/\/www.legrandpointvirgule.com\/\" target=\"_blank\" rel=\"noopener\">the Grand Point Virgule<\/a> in September! <\/span><\/p>\n<p><span class=\"x193iq5w xeuugli x13faqbe x1vvkbs x1xmvt09 x1lliihq x1s928wv xhkezso x1gmr53x x1cpjm7i x1fgarty x1943h6x xudqn12 x3x7a5m x6prxxf xvq8zen xo1l8bm xzsf02u x1yc453h\" dir=\"auto\">The Duo des Cimes is composed of IMEP alumni, Augustin Ledieu <a href=\"https:\/\/www.imep.pro\/en\/parrains-de-promotion\/alain-jean-marie\/\" target=\"_blank\" rel=\"noopener\"> class of 2017<\/a> and Matthias Lauriot Pr\u00e9vost <a href=\"https:\/\/www.imep.pro\/en\/parrains-de-promotion\/fred-wesley\/\">class of 2018<\/a>. <\/span><span class=\"x193iq5w xeuugli x13faqbe x1vvkbs x1xmvt09 x1lliihq x1s928wv xhkezso x1gmr53x x1cpjm7i x1fgarty x1943h6x xudqn12 x3x7a5m x6prxxf xvq8zen xo1l8bm xzsf02u x1yc453h\" dir=\"auto\"><\/span><\/p>\n<p>[\/et_pb_text][et_pb_text _builder_version=&#8221;4.24.3&#8243; _module_preset=&#8221;default&#8221; theme_builder_area=&#8221;post_content&#8221; hover_enabled=&#8221;0&#8243; sticky_enabled=&#8221;0&#8243;]<\/p>\n<p>You can keep up to date with Duo des Cimes at: <a href=\"https:\/\/www.le-duodescimes.com\/\">https:\/\/www.le-duodescimes.com\/ <\/a><\/p>\n<p>[\/et_pb_text][et_pb_video src=&#8221;https:\/\/www.youtube.com\/watch?v=VLDCS_T4aVo&#8221; _builder_version=&#8221;4.24.3&#8243; _module_preset=&#8221;default&#8221; theme_builder_area=&#8221;post_content&#8221; image_src=&#8221;\/\/i.ytimg.com\/vi\/VLDCS_T4aVo\/hqdefault.jpg&#8221; hover_enabled=&#8221;0&#8243; sticky_enabled=&#8221;0&#8243;][\/et_pb_video][\/et_pb_column][\/et_pb_row][\/et_pb_section]<\/p>\n","protected":false},"excerpt":{"rendered":"<p>[et_pb_section fb_built=&#8221;1&#8243; theme_builder_area=&#8221;post_content&#8221; _builder_version=&#8221;4.24.3&#8243; _module_preset=&#8221;default&#8221;][et_pb_row _builder_version=&#8221;4.24.3&#8243; _module_preset=&#8221;default&#8221; theme_builder_area=&#8221;post_content&#8221;][et_pb_column _builder_version=&#8221;4.24.3&#8243; _module_preset=&#8221;default&#8221; type=&#8221;4_4&#8243; theme_builder_area=&#8221;post_content&#8221;][et_pb_text _builder_version=&#8221;4.24.3&#8243; _module_preset=&#8221;default&#8221; theme_builder_area=&#8221;post_content&#8221; hover_enabled=&#8221;0&#8243; sticky_enabled=&#8221;0&#8243;] Congratulations to Matthias Lauriot Pr\u00e9vost, Augustin Ledieu and their team for the nomination [&hellip;]<\/p>\n","protected":false},"author":7,"featured_media":255388,"comment_status":"open","ping_status":"open","sticky":false,"template":"","format":"standard","meta":{"_et_pb_use_builder":"","_et_pb_old_content":"","_et_gb_content_width":"","footnotes":""},"categories":[159,17,184],"tags":[],"dipi_cpt_category":[],"class_list":["post-255394","post","type-post","status-publish","format-standard","has-post-thumbnail","hentry","category-alumni-en","category-actus-en","category-show"],"yoast_head":"<!-- This site is optimized with the Yoast SEO plugin v27.4 - https:\/\/yoast.com\/product\/yoast-seo-wordpress\/ -->\n<title>Zzaj nominated for Musical Comedy Award<\/title>\n<meta name=\"description\" content=\"Congratulations to Matthias Lauriot Pr\u00e9vost, Augustin Ledieu and their team for the nomination of their show zzaj!\" \/>\n<meta name=\"robots\" content=\"index, follow, max-snippet:-1, max-image-preview:large, max-video-preview:-1\" \/>\n<link rel=\"canonical\" href=\"https:\/\/www.imep.pro\/en\/zzaj-a-ceux-qui-se-ratent-nominated-for-the-trophees-de-la-comedie-musicale\/\" \/>\n<meta property=\"og:locale\" content=\"en_US\" \/>\n<meta property=\"og:type\" content=\"article\" \/>\n<meta property=\"og:title\" content=\"Zzaj nominated for Musical Comedy Award\" \/>\n<meta property=\"og:description\" content=\"Congratulations to Matthias Lauriot Pr\u00e9vost, Augustin Ledieu and their team for the nomination of their show zzaj!\" \/>\n<meta property=\"og:url\" content=\"https:\/\/www.imep.pro\/en\/zzaj-a-ceux-qui-se-ratent-nominated-for-the-trophees-de-la-comedie-musicale\/\" \/>\n<meta property=\"og:site_name\" content=\"IMEP\" \/>\n<meta property=\"article:publisher\" content=\"http:\/\/www.facebook.com\/imep.pro\" \/>\n<meta property=\"article:published_time\" content=\"2024-04-24T10:52:23+00:00\" \/>\n<meta property=\"article:modified_time\" content=\"2024-06-12T13:57:04+00:00\" \/>\n<meta property=\"og:image\" content=\"https:\/\/www.imep.pro\/wordpress\/wp-content\/uploads\/2024\/04\/438817913_975634070803828_8458195143113587993_n-e1713951969206.jpg\" \/>\n\t<meta property=\"og:image:width\" content=\"2048\" \/>\n\t<meta property=\"og:image:height\" content=\"1152\" \/>\n\t<meta property=\"og:image:type\" content=\"image\/jpeg\" \/>\n<meta name=\"author\" content=\"Anne Reinling\" \/>\n<meta name=\"twitter:card\" content=\"summary_large_image\" \/>\n<meta name=\"twitter:creator\" content=\"@imep_pro\" \/>\n<meta name=\"twitter:site\" content=\"@imep_pro\" \/>\n<meta name=\"twitter:label1\" content=\"Written by\" \/>\n\t<meta name=\"twitter:data1\" content=\"Anne Reinling\" \/>\n\t<meta name=\"twitter:label2\" content=\"Est. reading time\" \/>\n\t<meta name=\"twitter:data2\" content=\"1 minute\" \/>\n<script type=\"application\/ld+json\" class=\"yoast-schema-graph\">{\"@context\":\"https:\\\/\\\/schema.org\",\"@graph\":[{\"@type\":\"Article\",\"@id\":\"https:\\\/\\\/www.imep.pro\\\/en\\\/zzaj-a-ceux-qui-se-ratent-nominated-for-the-trophees-de-la-comedie-musicale\\\/#article\",\"isPartOf\":{\"@id\":\"https:\\\/\\\/www.imep.pro\\\/en\\\/zzaj-a-ceux-qui-se-ratent-nominated-for-the-trophees-de-la-comedie-musicale\\\/\"},\"author\":{\"name\":\"Anne Reinling\",\"@id\":\"https:\\\/\\\/www.imep.pro\\\/#\\\/schema\\\/person\\\/ed009e205d4f3fa4930c24daccc8b3b5\"},\"headline\":\"ZZAJ, \u00e0 ceux qui se ratent nominated for the Troph\u00e9es de la Com\u00e9die Musicale\",\"datePublished\":\"2024-04-24T10:52:23+00:00\",\"dateModified\":\"2024-06-12T13:57:04+00:00\",\"mainEntityOfPage\":{\"@id\":\"https:\\\/\\\/www.imep.pro\\\/en\\\/zzaj-a-ceux-qui-se-ratent-nominated-for-the-trophees-de-la-comedie-musicale\\\/\"},\"wordCount\":288,\"commentCount\":0,\"publisher\":{\"@id\":\"https:\\\/\\\/www.imep.pro\\\/#organization\"},\"image\":{\"@id\":\"https:\\\/\\\/www.imep.pro\\\/en\\\/zzaj-a-ceux-qui-se-ratent-nominated-for-the-trophees-de-la-comedie-musicale\\\/#primaryimage\"},\"thumbnailUrl\":\"https:\\\/\\\/www.imep.pro\\\/wordpress\\\/wp-content\\\/uploads\\\/2024\\\/04\\\/438817913_975634070803828_8458195143113587993_n-e1713951969206.jpg\",\"articleSection\":[\"Alumni\",\"News\",\"Show\"],\"inLanguage\":\"en-US\",\"potentialAction\":[{\"@type\":\"CommentAction\",\"name\":\"Comment\",\"target\":[\"https:\\\/\\\/www.imep.pro\\\/en\\\/zzaj-a-ceux-qui-se-ratent-nominated-for-the-trophees-de-la-comedie-musicale\\\/#respond\"]}]},{\"@type\":\"WebPage\",\"@id\":\"https:\\\/\\\/www.imep.pro\\\/en\\\/zzaj-a-ceux-qui-se-ratent-nominated-for-the-trophees-de-la-comedie-musicale\\\/\",\"url\":\"https:\\\/\\\/www.imep.pro\\\/en\\\/zzaj-a-ceux-qui-se-ratent-nominated-for-the-trophees-de-la-comedie-musicale\\\/\",\"name\":\"Zzaj nominated for Musical Comedy Award\",\"isPartOf\":{\"@id\":\"https:\\\/\\\/www.imep.pro\\\/#website\"},\"primaryImageOfPage\":{\"@id\":\"https:\\\/\\\/www.imep.pro\\\/en\\\/zzaj-a-ceux-qui-se-ratent-nominated-for-the-trophees-de-la-comedie-musicale\\\/#primaryimage\"},\"image\":{\"@id\":\"https:\\\/\\\/www.imep.pro\\\/en\\\/zzaj-a-ceux-qui-se-ratent-nominated-for-the-trophees-de-la-comedie-musicale\\\/#primaryimage\"},\"thumbnailUrl\":\"https:\\\/\\\/www.imep.pro\\\/wordpress\\\/wp-content\\\/uploads\\\/2024\\\/04\\\/438817913_975634070803828_8458195143113587993_n-e1713951969206.jpg\",\"datePublished\":\"2024-04-24T10:52:23+00:00\",\"dateModified\":\"2024-06-12T13:57:04+00:00\",\"description\":\"Congratulations to Matthias Lauriot Pr\u00e9vost, Augustin Ledieu and their team for the nomination of their show zzaj!\",\"breadcrumb\":{\"@id\":\"https:\\\/\\\/www.imep.pro\\\/en\\\/zzaj-a-ceux-qui-se-ratent-nominated-for-the-trophees-de-la-comedie-musicale\\\/#breadcrumb\"},\"inLanguage\":\"en-US\",\"potentialAction\":[{\"@type\":\"ReadAction\",\"target\":[\"https:\\\/\\\/www.imep.pro\\\/en\\\/zzaj-a-ceux-qui-se-ratent-nominated-for-the-trophees-de-la-comedie-musicale\\\/\"]}]},{\"@type\":\"ImageObject\",\"inLanguage\":\"en-US\",\"@id\":\"https:\\\/\\\/www.imep.pro\\\/en\\\/zzaj-a-ceux-qui-se-ratent-nominated-for-the-trophees-de-la-comedie-musicale\\\/#primaryimage\",\"url\":\"https:\\\/\\\/www.imep.pro\\\/wordpress\\\/wp-content\\\/uploads\\\/2024\\\/04\\\/438817913_975634070803828_8458195143113587993_n-e1713951969206.jpg\",\"contentUrl\":\"https:\\\/\\\/www.imep.pro\\\/wordpress\\\/wp-content\\\/uploads\\\/2024\\\/04\\\/438817913_975634070803828_8458195143113587993_n-e1713951969206.jpg\",\"width\":2048,\"height\":1152},{\"@type\":\"BreadcrumbList\",\"@id\":\"https:\\\/\\\/www.imep.pro\\\/en\\\/zzaj-a-ceux-qui-se-ratent-nominated-for-the-trophees-de-la-comedie-musicale\\\/#breadcrumb\",\"itemListElement\":[{\"@type\":\"ListItem\",\"position\":1,\"name\":\"Accueil\",\"item\":\"https:\\\/\\\/www.imep.pro\\\/en\\\/music-school-paris\\\/\"},{\"@type\":\"ListItem\",\"position\":2,\"name\":\"Alumni\",\"item\":\"https:\\\/\\\/www.imep.pro\\\/category\\\/alumni\\\/\"},{\"@type\":\"ListItem\",\"position\":3,\"name\":\"ZZAJ, \u00e0 ceux qui se ratent nominated for the Troph\u00e9es de la Com\u00e9die Musicale\"}]},{\"@type\":\"WebSite\",\"@id\":\"https:\\\/\\\/www.imep.pro\\\/#website\",\"url\":\"https:\\\/\\\/www.imep.pro\\\/\",\"name\":\"IMEP\",\"description\":\"\u266a Paris College of music \u266a\",\"publisher\":{\"@id\":\"https:\\\/\\\/www.imep.pro\\\/#organization\"},\"potentialAction\":[{\"@type\":\"SearchAction\",\"target\":{\"@type\":\"EntryPoint\",\"urlTemplate\":\"https:\\\/\\\/www.imep.pro\\\/?s={search_term_string}\"},\"query-input\":{\"@type\":\"PropertyValueSpecification\",\"valueRequired\":true,\"valueName\":\"search_term_string\"}}],\"inLanguage\":\"en-US\"},{\"@type\":\"Organization\",\"@id\":\"https:\\\/\\\/www.imep.pro\\\/#organization\",\"name\":\"IMEP Paris College of Music\",\"url\":\"https:\\\/\\\/www.imep.pro\\\/\",\"logo\":{\"@type\":\"ImageObject\",\"inLanguage\":\"en-US\",\"@id\":\"https:\\\/\\\/www.imep.pro\\\/#\\\/schema\\\/logo\\\/image\\\/\",\"url\":\"https:\\\/\\\/www.imep.pro\\\/wordpress\\\/wp-content\\\/uploads\\\/2016\\\/02\\\/cropped-imep_logo_original-favicon.png\",\"contentUrl\":\"https:\\\/\\\/www.imep.pro\\\/wordpress\\\/wp-content\\\/uploads\\\/2016\\\/02\\\/cropped-imep_logo_original-favicon.png\",\"width\":512,\"height\":512,\"caption\":\"IMEP Paris College of Music\"},\"image\":{\"@id\":\"https:\\\/\\\/www.imep.pro\\\/#\\\/schema\\\/logo\\\/image\\\/\"},\"sameAs\":[\"http:\\\/\\\/www.facebook.com\\\/imep.pro\",\"https:\\\/\\\/x.com\\\/imep_pro\",\"https:\\\/\\\/www.instagram.com\\\/imepparis\\\/\",\"https:\\\/\\\/www.linkedin.com\\\/company\\\/imep-paris-college-of-music\\\/\",\"https:\\\/\\\/www.youtube.com\\\/user\\\/imusicparis\"]},{\"@type\":\"Person\",\"@id\":\"https:\\\/\\\/www.imep.pro\\\/#\\\/schema\\\/person\\\/ed009e205d4f3fa4930c24daccc8b3b5\",\"name\":\"Anne Reinling\",\"image\":{\"@type\":\"ImageObject\",\"inLanguage\":\"en-US\",\"@id\":\"https:\\\/\\\/secure.gravatar.com\\\/avatar\\\/be0e3c9ae51dfb9a248487ec994111ccd1c9d8f5bb51d2e8fbf82339a62dfe4c?s=96&d=mm&r=g\",\"url\":\"https:\\\/\\\/secure.gravatar.com\\\/avatar\\\/be0e3c9ae51dfb9a248487ec994111ccd1c9d8f5bb51d2e8fbf82339a62dfe4c?s=96&d=mm&r=g\",\"contentUrl\":\"https:\\\/\\\/secure.gravatar.com\\\/avatar\\\/be0e3c9ae51dfb9a248487ec994111ccd1c9d8f5bb51d2e8fbf82339a62dfe4c?s=96&d=mm&r=g\",\"caption\":\"Anne Reinling\"},\"url\":\"https:\\\/\\\/www.imep.pro\\\/en\\\/author\\\/anne-reinling\\\/\"}]}<\/script>\n<!-- \/ Yoast SEO plugin. -->","yoast_head_json":{"title":"Zzaj nominated for Musical Comedy Award","description":"Congratulations to Matthias Lauriot Pr\u00e9vost, Augustin Ledieu and their team for the nomination of their show zzaj!","robots":{"index":"index","follow":"follow","max-snippet":"max-snippet:-1","max-image-preview":"max-image-preview:large","max-video-preview":"max-video-preview:-1"},"canonical":"https:\/\/www.imep.pro\/en\/zzaj-a-ceux-qui-se-ratent-nominated-for-the-trophees-de-la-comedie-musicale\/","og_locale":"en_US","og_type":"article","og_title":"Zzaj nominated for Musical Comedy Award","og_description":"Congratulations to Matthias Lauriot Pr\u00e9vost, Augustin Ledieu and their team for the nomination of their show zzaj!","og_url":"https:\/\/www.imep.pro\/en\/zzaj-a-ceux-qui-se-ratent-nominated-for-the-trophees-de-la-comedie-musicale\/","og_site_name":"IMEP","article_publisher":"http:\/\/www.facebook.com\/imep.pro","article_published_time":"2024-04-24T10:52:23+00:00","article_modified_time":"2024-06-12T13:57:04+00:00","og_image":[{"width":2048,"height":1152,"url":"https:\/\/www.imep.pro\/wordpress\/wp-content\/uploads\/2024\/04\/438817913_975634070803828_8458195143113587993_n-e1713951969206.jpg","type":"image\/jpeg"}],"author":"Anne Reinling","twitter_card":"summary_large_image","twitter_creator":"@imep_pro","twitter_site":"@imep_pro","twitter_misc":{"Written by":"Anne Reinling","Est. reading time":"1 minute"},"schema":{"@context":"https:\/\/schema.org","@graph":[{"@type":"Article","@id":"https:\/\/www.imep.pro\/en\/zzaj-a-ceux-qui-se-ratent-nominated-for-the-trophees-de-la-comedie-musicale\/#article","isPartOf":{"@id":"https:\/\/www.imep.pro\/en\/zzaj-a-ceux-qui-se-ratent-nominated-for-the-trophees-de-la-comedie-musicale\/"},"author":{"name":"Anne Reinling","@id":"https:\/\/www.imep.pro\/#\/schema\/person\/ed009e205d4f3fa4930c24daccc8b3b5"},"headline":"ZZAJ, \u00e0 ceux qui se ratent nominated for the Troph\u00e9es de la Com\u00e9die Musicale","datePublished":"2024-04-24T10:52:23+00:00","dateModified":"2024-06-12T13:57:04+00:00","mainEntityOfPage":{"@id":"https:\/\/www.imep.pro\/en\/zzaj-a-ceux-qui-se-ratent-nominated-for-the-trophees-de-la-comedie-musicale\/"},"wordCount":288,"commentCount":0,"publisher":{"@id":"https:\/\/www.imep.pro\/#organization"},"image":{"@id":"https:\/\/www.imep.pro\/en\/zzaj-a-ceux-qui-se-ratent-nominated-for-the-trophees-de-la-comedie-musicale\/#primaryimage"},"thumbnailUrl":"https:\/\/www.imep.pro\/wordpress\/wp-content\/uploads\/2024\/04\/438817913_975634070803828_8458195143113587993_n-e1713951969206.jpg","articleSection":["Alumni","News","Show"],"inLanguage":"en-US","potentialAction":[{"@type":"CommentAction","name":"Comment","target":["https:\/\/www.imep.pro\/en\/zzaj-a-ceux-qui-se-ratent-nominated-for-the-trophees-de-la-comedie-musicale\/#respond"]}]},{"@type":"WebPage","@id":"https:\/\/www.imep.pro\/en\/zzaj-a-ceux-qui-se-ratent-nominated-for-the-trophees-de-la-comedie-musicale\/","url":"https:\/\/www.imep.pro\/en\/zzaj-a-ceux-qui-se-ratent-nominated-for-the-trophees-de-la-comedie-musicale\/","name":"Zzaj nominated for Musical Comedy Award","isPartOf":{"@id":"https:\/\/www.imep.pro\/#website"},"primaryImageOfPage":{"@id":"https:\/\/www.imep.pro\/en\/zzaj-a-ceux-qui-se-ratent-nominated-for-the-trophees-de-la-comedie-musicale\/#primaryimage"},"image":{"@id":"https:\/\/www.imep.pro\/en\/zzaj-a-ceux-qui-se-ratent-nominated-for-the-trophees-de-la-comedie-musicale\/#primaryimage"},"thumbnailUrl":"https:\/\/www.imep.pro\/wordpress\/wp-content\/uploads\/2024\/04\/438817913_975634070803828_8458195143113587993_n-e1713951969206.jpg","datePublished":"2024-04-24T10:52:23+00:00","dateModified":"2024-06-12T13:57:04+00:00","description":"Congratulations to Matthias Lauriot Pr\u00e9vost, Augustin Ledieu and their team for the nomination of their show zzaj!","breadcrumb":{"@id":"https:\/\/www.imep.pro\/en\/zzaj-a-ceux-qui-se-ratent-nominated-for-the-trophees-de-la-comedie-musicale\/#breadcrumb"},"inLanguage":"en-US","potentialAction":[{"@type":"ReadAction","target":["https:\/\/www.imep.pro\/en\/zzaj-a-ceux-qui-se-ratent-nominated-for-the-trophees-de-la-comedie-musicale\/"]}]},{"@type":"ImageObject","inLanguage":"en-US","@id":"https:\/\/www.imep.pro\/en\/zzaj-a-ceux-qui-se-ratent-nominated-for-the-trophees-de-la-comedie-musicale\/#primaryimage","url":"https:\/\/www.imep.pro\/wordpress\/wp-content\/uploads\/2024\/04\/438817913_975634070803828_8458195143113587993_n-e1713951969206.jpg","contentUrl":"https:\/\/www.imep.pro\/wordpress\/wp-content\/uploads\/2024\/04\/438817913_975634070803828_8458195143113587993_n-e1713951969206.jpg","width":2048,"height":1152},{"@type":"BreadcrumbList","@id":"https:\/\/www.imep.pro\/en\/zzaj-a-ceux-qui-se-ratent-nominated-for-the-trophees-de-la-comedie-musicale\/#breadcrumb","itemListElement":[{"@type":"ListItem","position":1,"name":"Accueil","item":"https:\/\/www.imep.pro\/en\/music-school-paris\/"},{"@type":"ListItem","position":2,"name":"Alumni","item":"https:\/\/www.imep.pro\/category\/alumni\/"},{"@type":"ListItem","position":3,"name":"ZZAJ, \u00e0 ceux qui se ratent nominated for the Troph\u00e9es de la Com\u00e9die Musicale"}]},{"@type":"WebSite","@id":"https:\/\/www.imep.pro\/#website","url":"https:\/\/www.imep.pro\/","name":"IMEP","description":"\u266a Paris College of music \u266a","publisher":{"@id":"https:\/\/www.imep.pro\/#organization"},"potentialAction":[{"@type":"SearchAction","target":{"@type":"EntryPoint","urlTemplate":"https:\/\/www.imep.pro\/?s={search_term_string}"},"query-input":{"@type":"PropertyValueSpecification","valueRequired":true,"valueName":"search_term_string"}}],"inLanguage":"en-US"},{"@type":"Organization","@id":"https:\/\/www.imep.pro\/#organization","name":"IMEP Paris College of Music","url":"https:\/\/www.imep.pro\/","logo":{"@type":"ImageObject","inLanguage":"en-US","@id":"https:\/\/www.imep.pro\/#\/schema\/logo\/image\/","url":"https:\/\/www.imep.pro\/wordpress\/wp-content\/uploads\/2016\/02\/cropped-imep_logo_original-favicon.png","contentUrl":"https:\/\/www.imep.pro\/wordpress\/wp-content\/uploads\/2016\/02\/cropped-imep_logo_original-favicon.png","width":512,"height":512,"caption":"IMEP Paris College of Music"},"image":{"@id":"https:\/\/www.imep.pro\/#\/schema\/logo\/image\/"},"sameAs":["http:\/\/www.facebook.com\/imep.pro","https:\/\/x.com\/imep_pro","https:\/\/www.instagram.com\/imepparis\/","https:\/\/www.linkedin.com\/company\/imep-paris-college-of-music\/","https:\/\/www.youtube.com\/user\/imusicparis"]},{"@type":"Person","@id":"https:\/\/www.imep.pro\/#\/schema\/person\/ed009e205d4f3fa4930c24daccc8b3b5","name":"Anne Reinling","image":{"@type":"ImageObject","inLanguage":"en-US","@id":"https:\/\/secure.gravatar.com\/avatar\/be0e3c9ae51dfb9a248487ec994111ccd1c9d8f5bb51d2e8fbf82339a62dfe4c?s=96&d=mm&r=g","url":"https:\/\/secure.gravatar.com\/avatar\/be0e3c9ae51dfb9a248487ec994111ccd1c9d8f5bb51d2e8fbf82339a62dfe4c?s=96&d=mm&r=g","contentUrl":"https:\/\/secure.gravatar.com\/avatar\/be0e3c9ae51dfb9a248487ec994111ccd1c9d8f5bb51d2e8fbf82339a62dfe4c?s=96&d=mm&r=g","caption":"Anne Reinling"},"url":"https:\/\/www.imep.pro\/en\/author\/anne-reinling\/"}]}},"_links":{"self":[{"href":"https:\/\/www.imep.pro\/en\/wp-json\/wp\/v2\/posts\/255394","targetHints":{"allow":["GET"]}}],"collection":[{"href":"https:\/\/www.imep.pro\/en\/wp-json\/wp\/v2\/posts"}],"about":[{"href":"https:\/\/www.imep.pro\/en\/wp-json\/wp\/v2\/types\/post"}],"author":[{"embeddable":true,"href":"https:\/\/www.imep.pro\/en\/wp-json\/wp\/v2\/users\/7"}],"replies":[{"embeddable":true,"href":"https:\/\/www.imep.pro\/en\/wp-json\/wp\/v2\/comments?post=255394"}],"version-history":[{"count":5,"href":"https:\/\/www.imep.pro\/en\/wp-json\/wp\/v2\/posts\/255394\/revisions"}],"predecessor-version":[{"id":256104,"href":"https:\/\/www.imep.pro\/en\/wp-json\/wp\/v2\/posts\/255394\/revisions\/256104"}],"wp:featuredmedia":[{"embeddable":true,"href":"https:\/\/www.imep.pro\/en\/wp-json\/wp\/v2\/media\/255388"}],"wp:attachment":[{"href":"https:\/\/www.imep.pro\/en\/wp-json\/wp\/v2\/media?parent=255394"}],"wp:term":[{"taxonomy":"category","embeddable":true,"href":"https:\/\/www.imep.pro\/en\/wp-json\/wp\/v2\/categories?post=255394"},{"taxonomy":"post_tag","embeddable":true,"href":"https:\/\/www.imep.pro\/en\/wp-json\/wp\/v2\/tags?post=255394"},{"taxonomy":"dipi_cpt_category","embeddable":true,"href":"https:\/\/www.imep.pro\/en\/wp-json\/wp\/v2\/dipi_cpt_category?post=255394"}],"curies":[{"name":"wp","href":"https:\/\/api.w.org\/{rel}","templated":true}]}}