{"id":255326,"date":"2024-04-23T11:18:08","date_gmt":"2024-04-23T10:18:08","guid":{"rendered":"https:\/\/www.imep.pro\/academy-of-composition-2024\/"},"modified":"2024-07-15T15:59:12","modified_gmt":"2024-07-15T14:59:12","slug":"academy-of-composition-2024","status":"publish","type":"post","link":"https:\/\/www.imep.pro\/en\/academy-of-composition-2024\/","title":{"rendered":"Academy of Composition 2024"},"content":{"rendered":"<p>[et_pb_section fb_built=&#8221;1&#8243; _builder_version=&#8221;4.24.3&#8243; _module_preset=&#8221;default&#8221; global_colors_info=&#8221;{}&#8221;][et_pb_row _builder_version=&#8221;4.24.3&#8243; _module_preset=&#8221;default&#8221; global_colors_info=&#8221;{}&#8221;][et_pb_column type=&#8221;4_4&#8243; _builder_version=&#8221;4.24.3&#8243; _module_preset=&#8221;default&#8221; global_colors_info=&#8221;{}&#8221;][et_pb_text _builder_version=&#8221;4.24.3&#8243; _module_preset=&#8221;default&#8221; global_colors_info=&#8221;{}&#8221;]<\/p>\n<h5><span class=\"OYPEnA text-decoration-none text-strikethrough-none\">The third edition of the Acad\u00e9mie de Composition will take place from July 4 to 13 at the <a href=\"https:\/\/lepavillondelasirene.fr\/\" target=\"_blank\" rel=\"noopener\">Pavillon de la Sir\u00e8ne<\/a>, under the guidance of Fr\u00e9d\u00e9ric Maurin and St\u00e9phane Payen.<\/span><\/h5>\n<p>The Acad\u00e9mie de Composition, a project run since 2022 by the <a href=\"https:\/\/www.onj.org\/\" target=\"_blank\" rel=\"noopener\"> ONJ <\/a> and <a href=\"https:\/\/realtimemusic.fr\/\" target=\"_blank\" rel=\"noopener\">Real Time Music<\/a>, offers an intensive 8-day course during which group discussions, individual lessons and meetings with international artists alternate to help eight composers write an original piece for combo or large orchestra. <\/p>\n<p>IMEP &#8211; Paris College of Music is a partner in the project, making its rehearsal studios available to the composers for the duration of the workshop. <\/p>\n<p>Claude Barth\u00e9lemy, Ingrid Laubrock, S\u00e9bastien Gaxie and Sofia Avramidou will give several masterclasses, free of charge and also open to free listeners. <\/p>\n<p>[\/et_pb_text][et_pb_button button_url=&#8221;https:\/\/www.onj.org\/programme\/academie-de-composition-2024\/&#8221; url_new_window=&#8221;on&#8221; button_text=&#8221;Program&#8221; button_alignment=&#8221;center&#8221; _builder_version=&#8221;4.25.1&#8243; _module_preset=&#8221;default&#8221; hover_enabled=&#8221;0&#8243; global_colors_info=&#8221;{}&#8221; sticky_enabled=&#8221;0&#8243;][\/et_pb_button][et_pb_button button_url=&#8221;https:\/\/www.onj.org\/appel-a-candidatures-academie-de-composition-2024-du-4-au-13-juillet-le-pavillon-de-la-sirene-paris\/&#8221; button_text=&#8221;Call for applications&#8221; button_alignment=&#8221;center&#8221; _builder_version=&#8221;4.25.1&#8243; _module_preset=&#8221;default&#8221; hover_enabled=&#8221;0&#8243; global_colors_info=&#8221;{}&#8221; sticky_enabled=&#8221;0&#8243;][\/et_pb_button][et_pb_text _builder_version=&#8221;4.24.3&#8243; _module_preset=&#8221;default&#8221; global_colors_info=&#8221;{}&#8221;]<\/p>\n<h5><\/h5>\n<h5>From July, 6th to 7th, 2024<\/h5>\n<p>This year&#8217;s Acad\u00e9mie de Composition is enriched by a weekend dedicated to amateurs, organized by Real Time Music, on July 6 and 7. The program for this event, which is open to the public, includes lectures by Julien Pontvianne, Fran\u00e7ois Raulin, St\u00e9phane Payen and <a href=\"https:\/\/www.imep.pro\/en\/about\/faculty\/rick-margitza\/\" target=\"_blank\" rel=\"noopener\">Rick Margitza<\/a>, workshops by Paul Wacrenier and Xavier Bornens, and concerts.<\/p>\n<p>&nbsp;<\/p>\n<p>[\/et_pb_text][et_pb_button button_url=&#8221;https:\/\/www.helloasso.com\/associations\/real-time-music\/evenements\/4-conferences-autour-de-la-composition-jazz&#8221; button_text=&#8221;Tickets&#8221; button_alignment=&#8221;center&#8221; _builder_version=&#8221;4.25.1&#8243; _module_preset=&#8221;default&#8221; global_colors_info=&#8221;{}&#8221;][\/et_pb_button][\/et_pb_column][\/et_pb_row][\/et_pb_section]<\/p>\n","protected":false},"excerpt":{"rendered":"<p>[et_pb_section fb_built=&#8221;1&#8243; _builder_version=&#8221;4.24.3&#8243; _module_preset=&#8221;default&#8221; global_colors_info=&#8221;{}&#8221;][et_pb_row _builder_version=&#8221;4.24.3&#8243; _module_preset=&#8221;default&#8221; global_colors_info=&#8221;{}&#8221;][et_pb_column type=&#8221;4_4&#8243; _builder_version=&#8221;4.24.3&#8243; _module_preset=&#8221;default&#8221; global_colors_info=&#8221;{}&#8221;][et_pb_text _builder_version=&#8221;4.24.3&#8243; _module_preset=&#8221;default&#8221; global_colors_info=&#8221;{}&#8221;] The third edition of the Acad\u00e9mie de Composition will take place from July 4 to [&hellip;]<\/p>\n","protected":false},"author":7,"featured_media":255319,"comment_status":"open","ping_status":"open","sticky":false,"template":"","format":"standard","meta":{"_et_pb_use_builder":"","_et_pb_old_content":"","_et_gb_content_width":"","footnotes":""},"categories":[156,104],"tags":[],"dipi_cpt_category":[],"class_list":["post-255326","post","type-post","status-publish","format-standard","has-post-thumbnail","hentry","category-imep-en","category-partenaire-en"],"yoast_head":"<!-- This site is optimized with the Yoast SEO plugin v27.4 - https:\/\/yoast.com\/product\/yoast-seo-wordpress\/ -->\n<title>Academy of Composition 2024 - IMEP<\/title>\n<meta name=\"description\" content=\"The third edition of the Composition Academy will take place from July 4 to 13 at the Pavillon de la Sir\u00e8ne. under the guidance of Fr\u00e9d\u00e9ric Maur...\" \/>\n<meta name=\"robots\" content=\"index, follow, max-snippet:-1, max-image-preview:large, max-video-preview:-1\" \/>\n<link rel=\"canonical\" href=\"https:\/\/www.imep.pro\/en\/academy-of-composition-2024\/\" \/>\n<meta property=\"og:locale\" content=\"en_US\" \/>\n<meta property=\"og:type\" content=\"article\" \/>\n<meta property=\"og:title\" content=\"Academy of Composition 2024 - IMEP\" \/>\n<meta property=\"og:description\" content=\"The third edition of the Composition Academy will take place from July 4 to 13 at the Pavillon de la Sir\u00e8ne. under the guidance of Fr\u00e9d\u00e9ric Maur...\" \/>\n<meta property=\"og:url\" content=\"https:\/\/www.imep.pro\/en\/academy-of-composition-2024\/\" \/>\n<meta property=\"og:site_name\" content=\"IMEP\" \/>\n<meta property=\"article:publisher\" content=\"http:\/\/www.facebook.com\/imep.pro\" \/>\n<meta property=\"article:published_time\" content=\"2024-04-23T10:18:08+00:00\" \/>\n<meta property=\"article:modified_time\" content=\"2024-07-15T14:59:12+00:00\" \/>\n<meta property=\"og:image\" content=\"https:\/\/www.imep.pro\/wordpress\/wp-content\/uploads\/2024\/04\/academie-AC-2024-1320x743-1-e1713866291814.jpg\" \/>\n\t<meta property=\"og:image:width\" content=\"1320\" \/>\n\t<meta property=\"og:image:height\" content=\"743\" \/>\n\t<meta property=\"og:image:type\" content=\"image\/jpeg\" \/>\n<meta name=\"author\" content=\"Anne Reinling\" \/>\n<meta name=\"twitter:card\" content=\"summary_large_image\" \/>\n<meta name=\"twitter:creator\" content=\"@imep_pro\" \/>\n<meta name=\"twitter:site\" content=\"@imep_pro\" \/>\n<meta name=\"twitter:label1\" content=\"Written by\" \/>\n\t<meta name=\"twitter:data1\" content=\"Anne Reinling\" \/>\n\t<meta name=\"twitter:label2\" content=\"Est. reading time\" \/>\n\t<meta name=\"twitter:data2\" content=\"2 minutes\" \/>\n<script type=\"application\/ld+json\" class=\"yoast-schema-graph\">{\"@context\":\"https:\\\/\\\/schema.org\",\"@graph\":[{\"@type\":\"Article\",\"@id\":\"https:\\\/\\\/www.imep.pro\\\/en\\\/academy-of-composition-2024\\\/#article\",\"isPartOf\":{\"@id\":\"https:\\\/\\\/www.imep.pro\\\/en\\\/academy-of-composition-2024\\\/\"},\"author\":{\"name\":\"Anne Reinling\",\"@id\":\"https:\\\/\\\/www.imep.pro\\\/#\\\/schema\\\/person\\\/ed009e205d4f3fa4930c24daccc8b3b5\"},\"headline\":\"Academy of Composition 2024\",\"datePublished\":\"2024-04-23T10:18:08+00:00\",\"dateModified\":\"2024-07-15T14:59:12+00:00\",\"mainEntityOfPage\":{\"@id\":\"https:\\\/\\\/www.imep.pro\\\/en\\\/academy-of-composition-2024\\\/\"},\"wordCount\":371,\"commentCount\":0,\"publisher\":{\"@id\":\"https:\\\/\\\/www.imep.pro\\\/#organization\"},\"image\":{\"@id\":\"https:\\\/\\\/www.imep.pro\\\/en\\\/academy-of-composition-2024\\\/#primaryimage\"},\"thumbnailUrl\":\"https:\\\/\\\/www.imep.pro\\\/wordpress\\\/wp-content\\\/uploads\\\/2024\\\/04\\\/academie-AC-2024-1320x743-1-e1713866291814.jpg\",\"articleSection\":[\"IMEP\",\"Partenaire\"],\"inLanguage\":\"en-US\",\"potentialAction\":[{\"@type\":\"CommentAction\",\"name\":\"Comment\",\"target\":[\"https:\\\/\\\/www.imep.pro\\\/en\\\/academy-of-composition-2024\\\/#respond\"]}]},{\"@type\":\"WebPage\",\"@id\":\"https:\\\/\\\/www.imep.pro\\\/en\\\/academy-of-composition-2024\\\/\",\"url\":\"https:\\\/\\\/www.imep.pro\\\/en\\\/academy-of-composition-2024\\\/\",\"name\":\"Academy of Composition 2024 - IMEP\",\"isPartOf\":{\"@id\":\"https:\\\/\\\/www.imep.pro\\\/#website\"},\"primaryImageOfPage\":{\"@id\":\"https:\\\/\\\/www.imep.pro\\\/en\\\/academy-of-composition-2024\\\/#primaryimage\"},\"image\":{\"@id\":\"https:\\\/\\\/www.imep.pro\\\/en\\\/academy-of-composition-2024\\\/#primaryimage\"},\"thumbnailUrl\":\"https:\\\/\\\/www.imep.pro\\\/wordpress\\\/wp-content\\\/uploads\\\/2024\\\/04\\\/academie-AC-2024-1320x743-1-e1713866291814.jpg\",\"datePublished\":\"2024-04-23T10:18:08+00:00\",\"dateModified\":\"2024-07-15T14:59:12+00:00\",\"description\":\"The third edition of the Composition Academy will take place from July 4 to 13 at the Pavillon de la Sir\u00e8ne. under the guidance of Fr\u00e9d\u00e9ric Maur...\",\"breadcrumb\":{\"@id\":\"https:\\\/\\\/www.imep.pro\\\/en\\\/academy-of-composition-2024\\\/#breadcrumb\"},\"inLanguage\":\"en-US\",\"potentialAction\":[{\"@type\":\"ReadAction\",\"target\":[\"https:\\\/\\\/www.imep.pro\\\/en\\\/academy-of-composition-2024\\\/\"]}]},{\"@type\":\"ImageObject\",\"inLanguage\":\"en-US\",\"@id\":\"https:\\\/\\\/www.imep.pro\\\/en\\\/academy-of-composition-2024\\\/#primaryimage\",\"url\":\"https:\\\/\\\/www.imep.pro\\\/wordpress\\\/wp-content\\\/uploads\\\/2024\\\/04\\\/academie-AC-2024-1320x743-1-e1713866291814.jpg\",\"contentUrl\":\"https:\\\/\\\/www.imep.pro\\\/wordpress\\\/wp-content\\\/uploads\\\/2024\\\/04\\\/academie-AC-2024-1320x743-1-e1713866291814.jpg\",\"width\":1320,\"height\":743},{\"@type\":\"BreadcrumbList\",\"@id\":\"https:\\\/\\\/www.imep.pro\\\/en\\\/academy-of-composition-2024\\\/#breadcrumb\",\"itemListElement\":[{\"@type\":\"ListItem\",\"position\":1,\"name\":\"Accueil\",\"item\":\"https:\\\/\\\/www.imep.pro\\\/en\\\/music-school-paris\\\/\"},{\"@type\":\"ListItem\",\"position\":2,\"name\":\"IMEP\",\"item\":\"https:\\\/\\\/www.imep.pro\\\/en\\\/category\\\/imep-en\\\/\"},{\"@type\":\"ListItem\",\"position\":3,\"name\":\"Academy of Composition 2024\"}]},{\"@type\":\"WebSite\",\"@id\":\"https:\\\/\\\/www.imep.pro\\\/#website\",\"url\":\"https:\\\/\\\/www.imep.pro\\\/\",\"name\":\"IMEP\",\"description\":\"\u266a Paris College of music \u266a\",\"publisher\":{\"@id\":\"https:\\\/\\\/www.imep.pro\\\/#organization\"},\"potentialAction\":[{\"@type\":\"SearchAction\",\"target\":{\"@type\":\"EntryPoint\",\"urlTemplate\":\"https:\\\/\\\/www.imep.pro\\\/?s={search_term_string}\"},\"query-input\":{\"@type\":\"PropertyValueSpecification\",\"valueRequired\":true,\"valueName\":\"search_term_string\"}}],\"inLanguage\":\"en-US\"},{\"@type\":\"Organization\",\"@id\":\"https:\\\/\\\/www.imep.pro\\\/#organization\",\"name\":\"IMEP Paris College of Music\",\"url\":\"https:\\\/\\\/www.imep.pro\\\/\",\"logo\":{\"@type\":\"ImageObject\",\"inLanguage\":\"en-US\",\"@id\":\"https:\\\/\\\/www.imep.pro\\\/#\\\/schema\\\/logo\\\/image\\\/\",\"url\":\"https:\\\/\\\/www.imep.pro\\\/wordpress\\\/wp-content\\\/uploads\\\/2016\\\/02\\\/cropped-imep_logo_original-favicon.png\",\"contentUrl\":\"https:\\\/\\\/www.imep.pro\\\/wordpress\\\/wp-content\\\/uploads\\\/2016\\\/02\\\/cropped-imep_logo_original-favicon.png\",\"width\":512,\"height\":512,\"caption\":\"IMEP Paris College of Music\"},\"image\":{\"@id\":\"https:\\\/\\\/www.imep.pro\\\/#\\\/schema\\\/logo\\\/image\\\/\"},\"sameAs\":[\"http:\\\/\\\/www.facebook.com\\\/imep.pro\",\"https:\\\/\\\/x.com\\\/imep_pro\",\"https:\\\/\\\/www.instagram.com\\\/imepparis\\\/\",\"https:\\\/\\\/www.linkedin.com\\\/company\\\/imep-paris-college-of-music\\\/\",\"https:\\\/\\\/www.youtube.com\\\/user\\\/imusicparis\"]},{\"@type\":\"Person\",\"@id\":\"https:\\\/\\\/www.imep.pro\\\/#\\\/schema\\\/person\\\/ed009e205d4f3fa4930c24daccc8b3b5\",\"name\":\"Anne Reinling\",\"image\":{\"@type\":\"ImageObject\",\"inLanguage\":\"en-US\",\"@id\":\"https:\\\/\\\/secure.gravatar.com\\\/avatar\\\/be0e3c9ae51dfb9a248487ec994111ccd1c9d8f5bb51d2e8fbf82339a62dfe4c?s=96&d=mm&r=g\",\"url\":\"https:\\\/\\\/secure.gravatar.com\\\/avatar\\\/be0e3c9ae51dfb9a248487ec994111ccd1c9d8f5bb51d2e8fbf82339a62dfe4c?s=96&d=mm&r=g\",\"contentUrl\":\"https:\\\/\\\/secure.gravatar.com\\\/avatar\\\/be0e3c9ae51dfb9a248487ec994111ccd1c9d8f5bb51d2e8fbf82339a62dfe4c?s=96&d=mm&r=g\",\"caption\":\"Anne Reinling\"},\"url\":\"https:\\\/\\\/www.imep.pro\\\/en\\\/author\\\/anne-reinling\\\/\"}]}<\/script>\n<!-- \/ Yoast SEO plugin. -->","yoast_head_json":{"title":"Academy of Composition 2024 - IMEP","description":"The third edition of the Composition Academy will take place from July 4 to 13 at the Pavillon de la Sir\u00e8ne. under the guidance of Fr\u00e9d\u00e9ric Maur...","robots":{"index":"index","follow":"follow","max-snippet":"max-snippet:-1","max-image-preview":"max-image-preview:large","max-video-preview":"max-video-preview:-1"},"canonical":"https:\/\/www.imep.pro\/en\/academy-of-composition-2024\/","og_locale":"en_US","og_type":"article","og_title":"Academy of Composition 2024 - IMEP","og_description":"The third edition of the Composition Academy will take place from July 4 to 13 at the Pavillon de la Sir\u00e8ne. under the guidance of Fr\u00e9d\u00e9ric Maur...","og_url":"https:\/\/www.imep.pro\/en\/academy-of-composition-2024\/","og_site_name":"IMEP","article_publisher":"http:\/\/www.facebook.com\/imep.pro","article_published_time":"2024-04-23T10:18:08+00:00","article_modified_time":"2024-07-15T14:59:12+00:00","og_image":[{"width":1320,"height":743,"url":"https:\/\/www.imep.pro\/wordpress\/wp-content\/uploads\/2024\/04\/academie-AC-2024-1320x743-1-e1713866291814.jpg","type":"image\/jpeg"}],"author":"Anne Reinling","twitter_card":"summary_large_image","twitter_creator":"@imep_pro","twitter_site":"@imep_pro","twitter_misc":{"Written by":"Anne Reinling","Est. reading time":"2 minutes"},"schema":{"@context":"https:\/\/schema.org","@graph":[{"@type":"Article","@id":"https:\/\/www.imep.pro\/en\/academy-of-composition-2024\/#article","isPartOf":{"@id":"https:\/\/www.imep.pro\/en\/academy-of-composition-2024\/"},"author":{"name":"Anne Reinling","@id":"https:\/\/www.imep.pro\/#\/schema\/person\/ed009e205d4f3fa4930c24daccc8b3b5"},"headline":"Academy of Composition 2024","datePublished":"2024-04-23T10:18:08+00:00","dateModified":"2024-07-15T14:59:12+00:00","mainEntityOfPage":{"@id":"https:\/\/www.imep.pro\/en\/academy-of-composition-2024\/"},"wordCount":371,"commentCount":0,"publisher":{"@id":"https:\/\/www.imep.pro\/#organization"},"image":{"@id":"https:\/\/www.imep.pro\/en\/academy-of-composition-2024\/#primaryimage"},"thumbnailUrl":"https:\/\/www.imep.pro\/wordpress\/wp-content\/uploads\/2024\/04\/academie-AC-2024-1320x743-1-e1713866291814.jpg","articleSection":["IMEP","Partenaire"],"inLanguage":"en-US","potentialAction":[{"@type":"CommentAction","name":"Comment","target":["https:\/\/www.imep.pro\/en\/academy-of-composition-2024\/#respond"]}]},{"@type":"WebPage","@id":"https:\/\/www.imep.pro\/en\/academy-of-composition-2024\/","url":"https:\/\/www.imep.pro\/en\/academy-of-composition-2024\/","name":"Academy of Composition 2024 - IMEP","isPartOf":{"@id":"https:\/\/www.imep.pro\/#website"},"primaryImageOfPage":{"@id":"https:\/\/www.imep.pro\/en\/academy-of-composition-2024\/#primaryimage"},"image":{"@id":"https:\/\/www.imep.pro\/en\/academy-of-composition-2024\/#primaryimage"},"thumbnailUrl":"https:\/\/www.imep.pro\/wordpress\/wp-content\/uploads\/2024\/04\/academie-AC-2024-1320x743-1-e1713866291814.jpg","datePublished":"2024-04-23T10:18:08+00:00","dateModified":"2024-07-15T14:59:12+00:00","description":"The third edition of the Composition Academy will take place from July 4 to 13 at the Pavillon de la Sir\u00e8ne. under the guidance of Fr\u00e9d\u00e9ric Maur...","breadcrumb":{"@id":"https:\/\/www.imep.pro\/en\/academy-of-composition-2024\/#breadcrumb"},"inLanguage":"en-US","potentialAction":[{"@type":"ReadAction","target":["https:\/\/www.imep.pro\/en\/academy-of-composition-2024\/"]}]},{"@type":"ImageObject","inLanguage":"en-US","@id":"https:\/\/www.imep.pro\/en\/academy-of-composition-2024\/#primaryimage","url":"https:\/\/www.imep.pro\/wordpress\/wp-content\/uploads\/2024\/04\/academie-AC-2024-1320x743-1-e1713866291814.jpg","contentUrl":"https:\/\/www.imep.pro\/wordpress\/wp-content\/uploads\/2024\/04\/academie-AC-2024-1320x743-1-e1713866291814.jpg","width":1320,"height":743},{"@type":"BreadcrumbList","@id":"https:\/\/www.imep.pro\/en\/academy-of-composition-2024\/#breadcrumb","itemListElement":[{"@type":"ListItem","position":1,"name":"Accueil","item":"https:\/\/www.imep.pro\/en\/music-school-paris\/"},{"@type":"ListItem","position":2,"name":"IMEP","item":"https:\/\/www.imep.pro\/en\/category\/imep-en\/"},{"@type":"ListItem","position":3,"name":"Academy of Composition 2024"}]},{"@type":"WebSite","@id":"https:\/\/www.imep.pro\/#website","url":"https:\/\/www.imep.pro\/","name":"IMEP","description":"\u266a Paris College of music \u266a","publisher":{"@id":"https:\/\/www.imep.pro\/#organization"},"potentialAction":[{"@type":"SearchAction","target":{"@type":"EntryPoint","urlTemplate":"https:\/\/www.imep.pro\/?s={search_term_string}"},"query-input":{"@type":"PropertyValueSpecification","valueRequired":true,"valueName":"search_term_string"}}],"inLanguage":"en-US"},{"@type":"Organization","@id":"https:\/\/www.imep.pro\/#organization","name":"IMEP Paris College of Music","url":"https:\/\/www.imep.pro\/","logo":{"@type":"ImageObject","inLanguage":"en-US","@id":"https:\/\/www.imep.pro\/#\/schema\/logo\/image\/","url":"https:\/\/www.imep.pro\/wordpress\/wp-content\/uploads\/2016\/02\/cropped-imep_logo_original-favicon.png","contentUrl":"https:\/\/www.imep.pro\/wordpress\/wp-content\/uploads\/2016\/02\/cropped-imep_logo_original-favicon.png","width":512,"height":512,"caption":"IMEP Paris College of Music"},"image":{"@id":"https:\/\/www.imep.pro\/#\/schema\/logo\/image\/"},"sameAs":["http:\/\/www.facebook.com\/imep.pro","https:\/\/x.com\/imep_pro","https:\/\/www.instagram.com\/imepparis\/","https:\/\/www.linkedin.com\/company\/imep-paris-college-of-music\/","https:\/\/www.youtube.com\/user\/imusicparis"]},{"@type":"Person","@id":"https:\/\/www.imep.pro\/#\/schema\/person\/ed009e205d4f3fa4930c24daccc8b3b5","name":"Anne Reinling","image":{"@type":"ImageObject","inLanguage":"en-US","@id":"https:\/\/secure.gravatar.com\/avatar\/be0e3c9ae51dfb9a248487ec994111ccd1c9d8f5bb51d2e8fbf82339a62dfe4c?s=96&d=mm&r=g","url":"https:\/\/secure.gravatar.com\/avatar\/be0e3c9ae51dfb9a248487ec994111ccd1c9d8f5bb51d2e8fbf82339a62dfe4c?s=96&d=mm&r=g","contentUrl":"https:\/\/secure.gravatar.com\/avatar\/be0e3c9ae51dfb9a248487ec994111ccd1c9d8f5bb51d2e8fbf82339a62dfe4c?s=96&d=mm&r=g","caption":"Anne Reinling"},"url":"https:\/\/www.imep.pro\/en\/author\/anne-reinling\/"}]}},"_links":{"self":[{"href":"https:\/\/www.imep.pro\/en\/wp-json\/wp\/v2\/posts\/255326","targetHints":{"allow":["GET"]}}],"collection":[{"href":"https:\/\/www.imep.pro\/en\/wp-json\/wp\/v2\/posts"}],"about":[{"href":"https:\/\/www.imep.pro\/en\/wp-json\/wp\/v2\/types\/post"}],"author":[{"embeddable":true,"href":"https:\/\/www.imep.pro\/en\/wp-json\/wp\/v2\/users\/7"}],"replies":[{"embeddable":true,"href":"https:\/\/www.imep.pro\/en\/wp-json\/wp\/v2\/comments?post=255326"}],"version-history":[{"count":15,"href":"https:\/\/www.imep.pro\/en\/wp-json\/wp\/v2\/posts\/255326\/revisions"}],"predecessor-version":[{"id":256536,"href":"https:\/\/www.imep.pro\/en\/wp-json\/wp\/v2\/posts\/255326\/revisions\/256536"}],"wp:featuredmedia":[{"embeddable":true,"href":"https:\/\/www.imep.pro\/en\/wp-json\/wp\/v2\/media\/255319"}],"wp:attachment":[{"href":"https:\/\/www.imep.pro\/en\/wp-json\/wp\/v2\/media?parent=255326"}],"wp:term":[{"taxonomy":"category","embeddable":true,"href":"https:\/\/www.imep.pro\/en\/wp-json\/wp\/v2\/categories?post=255326"},{"taxonomy":"post_tag","embeddable":true,"href":"https:\/\/www.imep.pro\/en\/wp-json\/wp\/v2\/tags?post=255326"},{"taxonomy":"dipi_cpt_category","embeddable":true,"href":"https:\/\/www.imep.pro\/en\/wp-json\/wp\/v2\/dipi_cpt_category?post=255326"}],"curies":[{"name":"wp","href":"https:\/\/api.w.org\/{rel}","templated":true}]}}