{"id":254795,"date":"2024-03-18T16:46:21","date_gmt":"2024-03-18T15:46:21","guid":{"rendered":"https:\/\/www.imep.pro\/black-label-with-selene-saint-aime\/"},"modified":"2024-06-13T14:18:01","modified_gmt":"2024-06-13T13:18:01","slug":"black-label-with-selene-saint-aime","status":"publish","type":"post","link":"https:\/\/www.imep.pro\/en\/black-label-with-selene-saint-aime\/","title":{"rendered":"Black Label with S\u00e9l\u00e8ne Saint-Aim\u00e9"},"content":{"rendered":"<p>[et_pb_section fb_built=&#8221;1&#8243; _builder_version=&#8221;4.24.2&#8243; _module_preset=&#8221;default&#8221; global_colors_info=&#8221;{}&#8221;][et_pb_row _builder_version=&#8221;4.24.2&#8243; _module_preset=&#8221;default&#8221; global_colors_info=&#8221;{}&#8221;][et_pb_column type=&#8221;4_4&#8243; _builder_version=&#8221;4.24.2&#8243; _module_preset=&#8221;default&#8221; global_colors_info=&#8221;{}&#8221;][et_pb_text _builder_version=&#8221;4.24.2&#8243; _module_preset=&#8221;default&#8221; hover_enabled=&#8221;0&#8243; global_colors_info=&#8221;{}&#8221; sticky_enabled=&#8221;0&#8243;]<\/p>\n<h5 style=\"text-align: left;\">A journey through literature, history and the world through the African diasporas, from Afro-descendant writings to today&#8217;s <em>Black Live Matters<\/em>. With S\u00e9l\u00e8ne Saint-Aim\u00e9 on double bass, alumna of IMEP \u2022 Paris College of Music.<\/h5>\n<p>Starting with the poetic work Black-Label, written in 1956 by L\u00e9on-Gontran Damas, actor and rapper JoeyStarr, stage director David Bob\u00e9e, jazz musician and singer S\u00e9l\u00e8ne Saint-Aim\u00e9 and singer and dancer Nicolas Moumbounou take on some of the greatest works of anti-racist poetry.<\/p>\n<p>A journey through literature, history and the world via the African diasporas, from Afro-descendant writings to today&#8217;s Black Live Matters.<\/p>\n<p>A lover of words, a mouthpiece for the periphery and counterculture. JoeyStarr brings his strength and unrivalled voice to these lyrics, which celebrate the courage and anger of those who have long been fighting for real equality.<\/p>\n<p>JoeyStarr brings his strength and unrivalled voice to these lyrics, which celebrate the courage and anger of those who have long been fighting for real equality.<\/p>\n<p>They will be on stage at the <a href=\"https:\/\/opera-rennes.fr\/fr\/evenement\/black-label\" target=\"_blank\" rel=\"noopener\">Op\u00e9ra de Rennes on April 6<\/a>, then <a href=\"https:\/\/www.nuitsdefourviere.com\/programme\/joeystarr-et-david-bobee-black-label\" target=\"_blank\" rel=\"noopener\">in Lyon on June 2 as part of the Les Nuits de Fourvi\u00e8res festival.<\/a><\/p>\n<p style=\"text-align: center;\"><iframe loading=\"lazy\" src=\"https:\/\/www.facebook.com\/plugins\/video.php?height=316&amp;href=https%3A%2F%2Fwww.facebook.com%2Fjoeystarr.officiel%2Fvideos%2F295878843196998%2F&amp;show_text=false&amp;width=560&amp;t=0\" width=\"560\" height=\"316\" scrolling=\"no\" frameborder=\"0\" allowfullscreen=\"true\" allow=\"autoplay; clipboard-write; encrypted-media; picture-in-picture; web-share\" style=\"border: none; overflow: hidden;\"><\/iframe><br \/><span class=\"wixui-rich-text__text\"><\/span><\/p>\n<p>[\/et_pb_text][et_pb_text _builder_version=&#8221;4.24.2&#8243; _module_preset=&#8221;default&#8221; global_colors_info=&#8221;{}&#8221;]<\/p>\n<p>S\u00e9l\u00e8ne Saint-Aim\u00e9 has released two albums, <em>Mare Undarum<\/em> and <em>Potomitan<\/em>. His debut album won him a <span class=\"wixui-rich-text__text\">2021 Victoire du jazz award in the &#8220;Revelation&#8221; category.<\/span> <\/p>\n<p><strong><span class=\"wixui-rich-text__text\">Follow S\u00e9l\u00e8ne Saint-Aim\u00e9 : <a href=\"https:\/\/linktr.ee\/selene.saintaime\">https:\/\/linktr.ee\/selene.saintaime<\/a><\/span><\/strong><\/p>\n<p><span class=\"wixui-rich-text__text\"><em>Photograph Cr\u00e9dit : Arnaud Bertereau<\/em><\/span><\/p>\n<p><span class=\"wixui-rich-text__text\"><\/span><\/p>\n<p>[\/et_pb_text][\/et_pb_column][\/et_pb_row][\/et_pb_section]<\/p>\n","protected":false},"excerpt":{"rendered":"<p>[et_pb_section fb_built=&#8221;1&#8243; _builder_version=&#8221;4.24.2&#8243; _module_preset=&#8221;default&#8221; global_colors_info=&#8221;{}&#8221;][et_pb_row _builder_version=&#8221;4.24.2&#8243; _module_preset=&#8221;default&#8221; global_colors_info=&#8221;{}&#8221;][et_pb_column type=&#8221;4_4&#8243; _builder_version=&#8221;4.24.2&#8243; _module_preset=&#8221;default&#8221; global_colors_info=&#8221;{}&#8221;][et_pb_text _builder_version=&#8221;4.24.2&#8243; _module_preset=&#8221;default&#8221; hover_enabled=&#8221;0&#8243; global_colors_info=&#8221;{}&#8221; sticky_enabled=&#8221;0&#8243;] A journey through literature, history and the world through the African diasporas, from [&hellip;]<\/p>\n","protected":false},"author":7,"featured_media":254571,"comment_status":"open","ping_status":"open","sticky":false,"template":"","format":"standard","meta":{"_et_pb_use_builder":"","_et_pb_old_content":"","_et_gb_content_width":"","footnotes":""},"categories":[159,184],"tags":[],"dipi_cpt_category":[],"class_list":["post-254795","post","type-post","status-publish","format-standard","has-post-thumbnail","hentry","category-alumni-en","category-show"],"yoast_head":"<!-- This site is optimized with the Yoast SEO plugin v27.4 - https:\/\/yoast.com\/product\/yoast-seo-wordpress\/ -->\n<title>Black Label with S\u00e9l\u00e8ne Saint-Aim\u00e9 - IMEP<\/title>\n<meta name=\"description\" content=\"A journey through literature, history and the world through the African diasporas: from Afro-descendant writings to...\" \/>\n<meta name=\"robots\" content=\"index, follow, max-snippet:-1, max-image-preview:large, max-video-preview:-1\" \/>\n<link rel=\"canonical\" href=\"https:\/\/www.imep.pro\/en\/black-label-with-selene-saint-aime\/\" \/>\n<meta property=\"og:locale\" content=\"en_US\" \/>\n<meta property=\"og:type\" content=\"article\" \/>\n<meta property=\"og:title\" content=\"Black Label with S\u00e9l\u00e8ne Saint-Aim\u00e9 - IMEP\" \/>\n<meta property=\"og:description\" content=\"A journey through literature, history and the world through the African diasporas: from Afro-descendant writings to...\" \/>\n<meta property=\"og:url\" content=\"https:\/\/www.imep.pro\/en\/black-label-with-selene-saint-aime\/\" \/>\n<meta property=\"og:site_name\" content=\"IMEP\" \/>\n<meta property=\"article:publisher\" content=\"http:\/\/www.facebook.com\/imep.pro\" \/>\n<meta property=\"article:published_time\" content=\"2024-03-18T15:46:21+00:00\" \/>\n<meta property=\"article:modified_time\" content=\"2024-06-13T13:18:01+00:00\" \/>\n<meta property=\"og:image\" content=\"https:\/\/www.imep.pro\/wordpress\/wp-content\/uploads\/2024\/02\/185237-_i1a1089_arnaud_bertereau-jpg-e1708702079820.webp\" \/>\n\t<meta property=\"og:image:width\" content=\"1920\" \/>\n\t<meta property=\"og:image:height\" content=\"1280\" \/>\n\t<meta property=\"og:image:type\" content=\"image\/jpeg\" \/>\n<meta name=\"author\" content=\"Anne Reinling\" \/>\n<meta name=\"twitter:card\" content=\"summary_large_image\" \/>\n<meta name=\"twitter:creator\" content=\"@imep_pro\" \/>\n<meta name=\"twitter:site\" content=\"@imep_pro\" \/>\n<meta name=\"twitter:label1\" content=\"Written by\" \/>\n\t<meta name=\"twitter:data1\" content=\"Anne Reinling\" \/>\n\t<meta name=\"twitter:label2\" content=\"Est. reading time\" \/>\n\t<meta name=\"twitter:data2\" content=\"2 minutes\" \/>\n<script type=\"application\/ld+json\" class=\"yoast-schema-graph\">{\"@context\":\"https:\\\/\\\/schema.org\",\"@graph\":[{\"@type\":\"Article\",\"@id\":\"https:\\\/\\\/www.imep.pro\\\/en\\\/black-label-with-selene-saint-aime\\\/#article\",\"isPartOf\":{\"@id\":\"https:\\\/\\\/www.imep.pro\\\/en\\\/black-label-with-selene-saint-aime\\\/\"},\"author\":{\"name\":\"Anne Reinling\",\"@id\":\"https:\\\/\\\/www.imep.pro\\\/#\\\/schema\\\/person\\\/ed009e205d4f3fa4930c24daccc8b3b5\"},\"headline\":\"Black Label with S\u00e9l\u00e8ne Saint-Aim\u00e9\",\"datePublished\":\"2024-03-18T15:46:21+00:00\",\"dateModified\":\"2024-06-13T13:18:01+00:00\",\"mainEntityOfPage\":{\"@id\":\"https:\\\/\\\/www.imep.pro\\\/en\\\/black-label-with-selene-saint-aime\\\/\"},\"wordCount\":318,\"commentCount\":0,\"publisher\":{\"@id\":\"https:\\\/\\\/www.imep.pro\\\/#organization\"},\"image\":{\"@id\":\"https:\\\/\\\/www.imep.pro\\\/en\\\/black-label-with-selene-saint-aime\\\/#primaryimage\"},\"thumbnailUrl\":\"https:\\\/\\\/www.imep.pro\\\/wordpress\\\/wp-content\\\/uploads\\\/2024\\\/02\\\/185237-_i1a1089_arnaud_bertereau-jpg-e1708702079820.webp\",\"articleSection\":[\"Alumni\",\"Show\"],\"inLanguage\":\"en-US\",\"potentialAction\":[{\"@type\":\"CommentAction\",\"name\":\"Comment\",\"target\":[\"https:\\\/\\\/www.imep.pro\\\/en\\\/black-label-with-selene-saint-aime\\\/#respond\"]}]},{\"@type\":\"WebPage\",\"@id\":\"https:\\\/\\\/www.imep.pro\\\/en\\\/black-label-with-selene-saint-aime\\\/\",\"url\":\"https:\\\/\\\/www.imep.pro\\\/en\\\/black-label-with-selene-saint-aime\\\/\",\"name\":\"Black Label with S\u00e9l\u00e8ne Saint-Aim\u00e9 - IMEP\",\"isPartOf\":{\"@id\":\"https:\\\/\\\/www.imep.pro\\\/#website\"},\"primaryImageOfPage\":{\"@id\":\"https:\\\/\\\/www.imep.pro\\\/en\\\/black-label-with-selene-saint-aime\\\/#primaryimage\"},\"image\":{\"@id\":\"https:\\\/\\\/www.imep.pro\\\/en\\\/black-label-with-selene-saint-aime\\\/#primaryimage\"},\"thumbnailUrl\":\"https:\\\/\\\/www.imep.pro\\\/wordpress\\\/wp-content\\\/uploads\\\/2024\\\/02\\\/185237-_i1a1089_arnaud_bertereau-jpg-e1708702079820.webp\",\"datePublished\":\"2024-03-18T15:46:21+00:00\",\"dateModified\":\"2024-06-13T13:18:01+00:00\",\"description\":\"A journey through literature, history and the world through the African diasporas: from Afro-descendant writings to...\",\"breadcrumb\":{\"@id\":\"https:\\\/\\\/www.imep.pro\\\/en\\\/black-label-with-selene-saint-aime\\\/#breadcrumb\"},\"inLanguage\":\"en-US\",\"potentialAction\":[{\"@type\":\"ReadAction\",\"target\":[\"https:\\\/\\\/www.imep.pro\\\/en\\\/black-label-with-selene-saint-aime\\\/\"]}]},{\"@type\":\"ImageObject\",\"inLanguage\":\"en-US\",\"@id\":\"https:\\\/\\\/www.imep.pro\\\/en\\\/black-label-with-selene-saint-aime\\\/#primaryimage\",\"url\":\"https:\\\/\\\/www.imep.pro\\\/wordpress\\\/wp-content\\\/uploads\\\/2024\\\/02\\\/185237-_i1a1089_arnaud_bertereau-jpg-e1708702079820.webp\",\"contentUrl\":\"https:\\\/\\\/www.imep.pro\\\/wordpress\\\/wp-content\\\/uploads\\\/2024\\\/02\\\/185237-_i1a1089_arnaud_bertereau-jpg-e1708702079820.webp\",\"width\":1920,\"height\":1280},{\"@type\":\"BreadcrumbList\",\"@id\":\"https:\\\/\\\/www.imep.pro\\\/en\\\/black-label-with-selene-saint-aime\\\/#breadcrumb\",\"itemListElement\":[{\"@type\":\"ListItem\",\"position\":1,\"name\":\"Accueil\",\"item\":\"https:\\\/\\\/www.imep.pro\\\/en\\\/music-school-paris\\\/\"},{\"@type\":\"ListItem\",\"position\":2,\"name\":\"Alumni\",\"item\":\"https:\\\/\\\/www.imep.pro\\\/category\\\/alumni\\\/\"},{\"@type\":\"ListItem\",\"position\":3,\"name\":\"Black Label with S\u00e9l\u00e8ne Saint-Aim\u00e9\"}]},{\"@type\":\"WebSite\",\"@id\":\"https:\\\/\\\/www.imep.pro\\\/#website\",\"url\":\"https:\\\/\\\/www.imep.pro\\\/\",\"name\":\"IMEP\",\"description\":\"\u266a Paris College of music \u266a\",\"publisher\":{\"@id\":\"https:\\\/\\\/www.imep.pro\\\/#organization\"},\"potentialAction\":[{\"@type\":\"SearchAction\",\"target\":{\"@type\":\"EntryPoint\",\"urlTemplate\":\"https:\\\/\\\/www.imep.pro\\\/?s={search_term_string}\"},\"query-input\":{\"@type\":\"PropertyValueSpecification\",\"valueRequired\":true,\"valueName\":\"search_term_string\"}}],\"inLanguage\":\"en-US\"},{\"@type\":\"Organization\",\"@id\":\"https:\\\/\\\/www.imep.pro\\\/#organization\",\"name\":\"IMEP Paris College of Music\",\"url\":\"https:\\\/\\\/www.imep.pro\\\/\",\"logo\":{\"@type\":\"ImageObject\",\"inLanguage\":\"en-US\",\"@id\":\"https:\\\/\\\/www.imep.pro\\\/#\\\/schema\\\/logo\\\/image\\\/\",\"url\":\"https:\\\/\\\/www.imep.pro\\\/wordpress\\\/wp-content\\\/uploads\\\/2016\\\/02\\\/cropped-imep_logo_original-favicon.png\",\"contentUrl\":\"https:\\\/\\\/www.imep.pro\\\/wordpress\\\/wp-content\\\/uploads\\\/2016\\\/02\\\/cropped-imep_logo_original-favicon.png\",\"width\":512,\"height\":512,\"caption\":\"IMEP Paris College of Music\"},\"image\":{\"@id\":\"https:\\\/\\\/www.imep.pro\\\/#\\\/schema\\\/logo\\\/image\\\/\"},\"sameAs\":[\"http:\\\/\\\/www.facebook.com\\\/imep.pro\",\"https:\\\/\\\/x.com\\\/imep_pro\",\"https:\\\/\\\/www.instagram.com\\\/imepparis\\\/\",\"https:\\\/\\\/www.linkedin.com\\\/company\\\/imep-paris-college-of-music\\\/\",\"https:\\\/\\\/www.youtube.com\\\/user\\\/imusicparis\"]},{\"@type\":\"Person\",\"@id\":\"https:\\\/\\\/www.imep.pro\\\/#\\\/schema\\\/person\\\/ed009e205d4f3fa4930c24daccc8b3b5\",\"name\":\"Anne Reinling\",\"image\":{\"@type\":\"ImageObject\",\"inLanguage\":\"en-US\",\"@id\":\"https:\\\/\\\/secure.gravatar.com\\\/avatar\\\/be0e3c9ae51dfb9a248487ec994111ccd1c9d8f5bb51d2e8fbf82339a62dfe4c?s=96&d=mm&r=g\",\"url\":\"https:\\\/\\\/secure.gravatar.com\\\/avatar\\\/be0e3c9ae51dfb9a248487ec994111ccd1c9d8f5bb51d2e8fbf82339a62dfe4c?s=96&d=mm&r=g\",\"contentUrl\":\"https:\\\/\\\/secure.gravatar.com\\\/avatar\\\/be0e3c9ae51dfb9a248487ec994111ccd1c9d8f5bb51d2e8fbf82339a62dfe4c?s=96&d=mm&r=g\",\"caption\":\"Anne Reinling\"},\"url\":\"https:\\\/\\\/www.imep.pro\\\/en\\\/author\\\/anne-reinling\\\/\"}]}<\/script>\n<!-- \/ Yoast SEO plugin. -->","yoast_head_json":{"title":"Black Label with S\u00e9l\u00e8ne Saint-Aim\u00e9 - IMEP","description":"A journey through literature, history and the world through the African diasporas: from Afro-descendant writings to...","robots":{"index":"index","follow":"follow","max-snippet":"max-snippet:-1","max-image-preview":"max-image-preview:large","max-video-preview":"max-video-preview:-1"},"canonical":"https:\/\/www.imep.pro\/en\/black-label-with-selene-saint-aime\/","og_locale":"en_US","og_type":"article","og_title":"Black Label with S\u00e9l\u00e8ne Saint-Aim\u00e9 - IMEP","og_description":"A journey through literature, history and the world through the African diasporas: from Afro-descendant writings to...","og_url":"https:\/\/www.imep.pro\/en\/black-label-with-selene-saint-aime\/","og_site_name":"IMEP","article_publisher":"http:\/\/www.facebook.com\/imep.pro","article_published_time":"2024-03-18T15:46:21+00:00","article_modified_time":"2024-06-13T13:18:01+00:00","og_image":[{"width":1920,"height":1280,"url":"https:\/\/www.imep.pro\/wordpress\/wp-content\/uploads\/2024\/02\/185237-_i1a1089_arnaud_bertereau-jpg-e1708702079820.webp","type":"image\/jpeg"}],"author":"Anne Reinling","twitter_card":"summary_large_image","twitter_creator":"@imep_pro","twitter_site":"@imep_pro","twitter_misc":{"Written by":"Anne Reinling","Est. reading time":"2 minutes"},"schema":{"@context":"https:\/\/schema.org","@graph":[{"@type":"Article","@id":"https:\/\/www.imep.pro\/en\/black-label-with-selene-saint-aime\/#article","isPartOf":{"@id":"https:\/\/www.imep.pro\/en\/black-label-with-selene-saint-aime\/"},"author":{"name":"Anne Reinling","@id":"https:\/\/www.imep.pro\/#\/schema\/person\/ed009e205d4f3fa4930c24daccc8b3b5"},"headline":"Black Label with S\u00e9l\u00e8ne Saint-Aim\u00e9","datePublished":"2024-03-18T15:46:21+00:00","dateModified":"2024-06-13T13:18:01+00:00","mainEntityOfPage":{"@id":"https:\/\/www.imep.pro\/en\/black-label-with-selene-saint-aime\/"},"wordCount":318,"commentCount":0,"publisher":{"@id":"https:\/\/www.imep.pro\/#organization"},"image":{"@id":"https:\/\/www.imep.pro\/en\/black-label-with-selene-saint-aime\/#primaryimage"},"thumbnailUrl":"https:\/\/www.imep.pro\/wordpress\/wp-content\/uploads\/2024\/02\/185237-_i1a1089_arnaud_bertereau-jpg-e1708702079820.webp","articleSection":["Alumni","Show"],"inLanguage":"en-US","potentialAction":[{"@type":"CommentAction","name":"Comment","target":["https:\/\/www.imep.pro\/en\/black-label-with-selene-saint-aime\/#respond"]}]},{"@type":"WebPage","@id":"https:\/\/www.imep.pro\/en\/black-label-with-selene-saint-aime\/","url":"https:\/\/www.imep.pro\/en\/black-label-with-selene-saint-aime\/","name":"Black Label with S\u00e9l\u00e8ne Saint-Aim\u00e9 - IMEP","isPartOf":{"@id":"https:\/\/www.imep.pro\/#website"},"primaryImageOfPage":{"@id":"https:\/\/www.imep.pro\/en\/black-label-with-selene-saint-aime\/#primaryimage"},"image":{"@id":"https:\/\/www.imep.pro\/en\/black-label-with-selene-saint-aime\/#primaryimage"},"thumbnailUrl":"https:\/\/www.imep.pro\/wordpress\/wp-content\/uploads\/2024\/02\/185237-_i1a1089_arnaud_bertereau-jpg-e1708702079820.webp","datePublished":"2024-03-18T15:46:21+00:00","dateModified":"2024-06-13T13:18:01+00:00","description":"A journey through literature, history and the world through the African diasporas: from Afro-descendant writings to...","breadcrumb":{"@id":"https:\/\/www.imep.pro\/en\/black-label-with-selene-saint-aime\/#breadcrumb"},"inLanguage":"en-US","potentialAction":[{"@type":"ReadAction","target":["https:\/\/www.imep.pro\/en\/black-label-with-selene-saint-aime\/"]}]},{"@type":"ImageObject","inLanguage":"en-US","@id":"https:\/\/www.imep.pro\/en\/black-label-with-selene-saint-aime\/#primaryimage","url":"https:\/\/www.imep.pro\/wordpress\/wp-content\/uploads\/2024\/02\/185237-_i1a1089_arnaud_bertereau-jpg-e1708702079820.webp","contentUrl":"https:\/\/www.imep.pro\/wordpress\/wp-content\/uploads\/2024\/02\/185237-_i1a1089_arnaud_bertereau-jpg-e1708702079820.webp","width":1920,"height":1280},{"@type":"BreadcrumbList","@id":"https:\/\/www.imep.pro\/en\/black-label-with-selene-saint-aime\/#breadcrumb","itemListElement":[{"@type":"ListItem","position":1,"name":"Accueil","item":"https:\/\/www.imep.pro\/en\/music-school-paris\/"},{"@type":"ListItem","position":2,"name":"Alumni","item":"https:\/\/www.imep.pro\/category\/alumni\/"},{"@type":"ListItem","position":3,"name":"Black Label with S\u00e9l\u00e8ne Saint-Aim\u00e9"}]},{"@type":"WebSite","@id":"https:\/\/www.imep.pro\/#website","url":"https:\/\/www.imep.pro\/","name":"IMEP","description":"\u266a Paris College of music \u266a","publisher":{"@id":"https:\/\/www.imep.pro\/#organization"},"potentialAction":[{"@type":"SearchAction","target":{"@type":"EntryPoint","urlTemplate":"https:\/\/www.imep.pro\/?s={search_term_string}"},"query-input":{"@type":"PropertyValueSpecification","valueRequired":true,"valueName":"search_term_string"}}],"inLanguage":"en-US"},{"@type":"Organization","@id":"https:\/\/www.imep.pro\/#organization","name":"IMEP Paris College of Music","url":"https:\/\/www.imep.pro\/","logo":{"@type":"ImageObject","inLanguage":"en-US","@id":"https:\/\/www.imep.pro\/#\/schema\/logo\/image\/","url":"https:\/\/www.imep.pro\/wordpress\/wp-content\/uploads\/2016\/02\/cropped-imep_logo_original-favicon.png","contentUrl":"https:\/\/www.imep.pro\/wordpress\/wp-content\/uploads\/2016\/02\/cropped-imep_logo_original-favicon.png","width":512,"height":512,"caption":"IMEP Paris College of Music"},"image":{"@id":"https:\/\/www.imep.pro\/#\/schema\/logo\/image\/"},"sameAs":["http:\/\/www.facebook.com\/imep.pro","https:\/\/x.com\/imep_pro","https:\/\/www.instagram.com\/imepparis\/","https:\/\/www.linkedin.com\/company\/imep-paris-college-of-music\/","https:\/\/www.youtube.com\/user\/imusicparis"]},{"@type":"Person","@id":"https:\/\/www.imep.pro\/#\/schema\/person\/ed009e205d4f3fa4930c24daccc8b3b5","name":"Anne Reinling","image":{"@type":"ImageObject","inLanguage":"en-US","@id":"https:\/\/secure.gravatar.com\/avatar\/be0e3c9ae51dfb9a248487ec994111ccd1c9d8f5bb51d2e8fbf82339a62dfe4c?s=96&d=mm&r=g","url":"https:\/\/secure.gravatar.com\/avatar\/be0e3c9ae51dfb9a248487ec994111ccd1c9d8f5bb51d2e8fbf82339a62dfe4c?s=96&d=mm&r=g","contentUrl":"https:\/\/secure.gravatar.com\/avatar\/be0e3c9ae51dfb9a248487ec994111ccd1c9d8f5bb51d2e8fbf82339a62dfe4c?s=96&d=mm&r=g","caption":"Anne Reinling"},"url":"https:\/\/www.imep.pro\/en\/author\/anne-reinling\/"}]}},"_links":{"self":[{"href":"https:\/\/www.imep.pro\/en\/wp-json\/wp\/v2\/posts\/254795","targetHints":{"allow":["GET"]}}],"collection":[{"href":"https:\/\/www.imep.pro\/en\/wp-json\/wp\/v2\/posts"}],"about":[{"href":"https:\/\/www.imep.pro\/en\/wp-json\/wp\/v2\/types\/post"}],"author":[{"embeddable":true,"href":"https:\/\/www.imep.pro\/en\/wp-json\/wp\/v2\/users\/7"}],"replies":[{"embeddable":true,"href":"https:\/\/www.imep.pro\/en\/wp-json\/wp\/v2\/comments?post=254795"}],"version-history":[{"count":4,"href":"https:\/\/www.imep.pro\/en\/wp-json\/wp\/v2\/posts\/254795\/revisions"}],"predecessor-version":[{"id":256198,"href":"https:\/\/www.imep.pro\/en\/wp-json\/wp\/v2\/posts\/254795\/revisions\/256198"}],"wp:featuredmedia":[{"embeddable":true,"href":"https:\/\/www.imep.pro\/en\/wp-json\/wp\/v2\/media\/254571"}],"wp:attachment":[{"href":"https:\/\/www.imep.pro\/en\/wp-json\/wp\/v2\/media?parent=254795"}],"wp:term":[{"taxonomy":"category","embeddable":true,"href":"https:\/\/www.imep.pro\/en\/wp-json\/wp\/v2\/categories?post=254795"},{"taxonomy":"post_tag","embeddable":true,"href":"https:\/\/www.imep.pro\/en\/wp-json\/wp\/v2\/tags?post=254795"},{"taxonomy":"dipi_cpt_category","embeddable":true,"href":"https:\/\/www.imep.pro\/en\/wp-json\/wp\/v2\/dipi_cpt_category?post=254795"}],"curies":[{"name":"wp","href":"https:\/\/api.w.org\/{rel}","templated":true}]}}