{"id":254240,"date":"2024-02-01T12:32:07","date_gmt":"2024-02-01T11:32:07","guid":{"rendered":"https:\/\/www.imep.pro\/esaie-menou-receives-full-tuition-scholarship-from-berklee-college-of-music\/"},"modified":"2024-02-01T12:32:15","modified_gmt":"2024-02-01T11:32:15","slug":"esaie-menou-receives-full-tuition-scholarship-from-berklee-college-of-music","status":"publish","type":"post","link":"https:\/\/www.imep.pro\/en\/esaie-menou-receives-full-tuition-scholarship-from-berklee-college-of-music\/","title":{"rendered":"Esa\u00efe Menou receives full-tuition scholarship from Berklee College of Music"},"content":{"rendered":"<p>[et_pb_section fb_built=&#8221;1&#8243; _builder_version=&#8221;4.24.0&#8243; _module_preset=&#8221;default&#8221; global_colors_info=&#8221;{}&#8221;][et_pb_row _builder_version=&#8221;4.24.0&#8243; _module_preset=&#8221;default&#8221; global_colors_info=&#8221;{}&#8221;][et_pb_column type=&#8221;4_4&#8243; _builder_version=&#8221;4.24.0&#8243; _module_preset=&#8221;default&#8221; global_colors_info=&#8221;{}&#8221;][et_pb_text _builder_version=&#8221;4.24.0&#8243; _module_preset=&#8221;default&#8221; global_colors_info=&#8221;{}&#8221;]<\/p>\n<h4>Esa\u00efe menou, guitarist and 5th year Professional Cycle student at IMEP \u2022 Paris College of Music, has been awarded the Berklee College of Music&#8217;s full-tuition scholarship! <\/h4>\n<p>&nbsp;<\/p>\n<p>[\/et_pb_text][et_pb_text _builder_version=&#8221;4.24.0&#8243; _module_preset=&#8221;default&#8221; hover_enabled=&#8221;0&#8243; global_colors_info=&#8221;{}&#8221; sticky_enabled=&#8221;0&#8243;]<\/p>\n<h6>He will follow the <a href=\"https:\/\/college.berklee.edu\/undergraduate\/bachelor-of-music-in-performance\" target=\"_blank\" rel=\"noopener\">Performance<\/a> major at the prestigious American school. The whole IMEP team wishes him its most sincere congratulations!<\/h6>\n<h6>THIS SCHOLARSHIP WILL COVER THE FULL COST OF HER BERKLEE EDUCATION. THIS YEAR, ANOTHER IMEP STUDENT, <a href=\"https:\/\/www.imep.pro\/en\/jazz-angarny-receives-full-tuition-scholarship-from-berklee-college-of-music\/\" target=\"_blank\" rel=\"noopener\">JAZZ ANGARNY<\/a>, ALSO RECEIVED THE FULL-TUITION SCHOLARSHIP.<\/h6>\n<p>Esaie Menou will graduate from IMEP &#8211; Paris College of Music on <a href=\"https:\/\/www.imep.pro\/en\/?post_type=tribe_events&#038;p=253566\" target=\"_blank\" rel=\"noopener\">June 23, 2024<\/a> at the Studio de l&#8217;Ermitage under the mentorship of guitarist Manu Codjia.<\/p>\n<p>Numerous scholarships have been awarded to our most deserving students over the years, as well as two presidential scholarships* in 2017 for <span>.<\/span><a href=\"https:\/\/www.imep.pro\/en\/bourse-detudes-integrale-pour-jemina-brechoire\/\" target=\"_blank\" rel=\"noopener\">Jemina Br\u00e9choire<\/a><span>.<\/span> and in 2020 <span>for<\/span> <a href=\"https:\/\/www.imep.pro\/bourses-detudes-a-berklee-nos-etudiants-selectionnes\/\" target=\"_blank\" rel=\"noopener\">Luan Pommier<\/a><span>!<\/span><\/p>\n<p dir=\"ltr\">Pour rappel, l&#8217;IMEP \u2022 Paris College of Music est la seule \u00e9cole de musique en France \u00e0 \u00eatre l&#8217;un des partenaires acad\u00e9miques de Berklee. This status gives its students the opportunity, by studying at IMEP, to validate study credits transferable to Berklee College of Music in Boston.<\/p>\n<p dir=\"ltr\"><strong>*<\/strong>The full scholarship covers the student&#8217;s entire tuition (approximately $50,000 per year).<br \/><strong>*<\/strong>The Presidential Scholarship is the most honorary scholarship, with Berklee paying the student&#8217;s full tuition, room and board on campus.<\/p>\n<p>[\/et_pb_text][et_pb_button button_url=&#8221;https:\/\/www.imep.pro\/en\/the-route-to-berklee\/&#8221; url_new_window=&#8221;on&#8221; button_text=&#8221;ALL ABOUT THE ACADEMIC PARTNERSHIP BETWEEN BERKLEE AND IMEP&#8221; button_alignment=&#8221;center&#8221; _builder_version=&#8221;4.24.0&#8243; _module_preset=&#8221;default&#8221; global_colors_info=&#8221;{}&#8221;][\/et_pb_button][\/et_pb_column][\/et_pb_row][et_pb_row _builder_version=&#8221;4.24.0&#8243; _module_preset=&#8221;default&#8221; global_colors_info=&#8221;{}&#8221;][et_pb_column type=&#8221;4_4&#8243; _builder_version=&#8221;4.24.0&#8243; _module_preset=&#8221;default&#8221; global_colors_info=&#8221;{}&#8221;][et_pb_text _builder_version=&#8221;4.24.0&#8243; _module_preset=&#8221;default&#8221; global_colors_info=&#8221;{}&#8221;]<\/p>\n<h6 style=\"text-align: center;\"><strong>Esa\u00efe Menou Quartet Live Session<\/strong><\/h6>\n<p>[\/et_pb_text][et_pb_video src=&#8221;https:\/\/www.youtube.com\/watch?v=87LhRjtN2SU&#8221; image_src=&#8221;\/\/i.ytimg.com\/vi\/87LhRjtN2SU\/hqdefault.jpg&#8221; _builder_version=&#8221;4.24.0&#8243; _module_preset=&#8221;default&#8221; global_colors_info=&#8221;{}&#8221;][\/et_pb_video][\/et_pb_column][\/et_pb_row][\/et_pb_section]<\/p>\n","protected":false},"excerpt":{"rendered":"<p>[et_pb_section fb_built=&#8221;1&#8243; _builder_version=&#8221;4.24.0&#8243; _module_preset=&#8221;default&#8221; global_colors_info=&#8221;{}&#8221;][et_pb_row _builder_version=&#8221;4.24.0&#8243; _module_preset=&#8221;default&#8221; global_colors_info=&#8221;{}&#8221;][et_pb_column type=&#8221;4_4&#8243; _builder_version=&#8221;4.24.0&#8243; _module_preset=&#8221;default&#8221; global_colors_info=&#8221;{}&#8221;][et_pb_text _builder_version=&#8221;4.24.0&#8243; _module_preset=&#8221;default&#8221; global_colors_info=&#8221;{}&#8221;] Esa\u00efe menou, guitarist and 5th year Professional Cycle student at IMEP \u2022 Paris College of [&hellip;]<\/p>\n","protected":false},"author":7,"featured_media":254233,"comment_status":"open","ping_status":"open","sticky":false,"template":"","format":"standard","meta":{"_et_pb_use_builder":"","_et_pb_old_content":"","_et_gb_content_width":"","footnotes":""},"categories":[18,103,44,156],"tags":[],"dipi_cpt_category":[],"class_list":["post-254240","post","type-post","status-publish","format-standard","has-post-thumbnail","hentry","category-agenda-en","category-berklee-global-partners-en","category-eleves-anciens-eleves-en","category-imep-en"],"yoast_head":"<!-- This site is optimized with the Yoast SEO plugin v27.4 - https:\/\/yoast.com\/product\/yoast-seo-wordpress\/ -->\n<title>Esa\u00efe Menou receives full-tuition scholarship from Berklee College of Music - IMEP<\/title>\n<meta name=\"robots\" content=\"index, follow, max-snippet:-1, max-image-preview:large, max-video-preview:-1\" \/>\n<link rel=\"canonical\" href=\"https:\/\/www.imep.pro\/en\/esaie-menou-receives-full-tuition-scholarship-from-berklee-college-of-music\/\" \/>\n<meta property=\"og:locale\" content=\"en_US\" \/>\n<meta property=\"og:type\" content=\"article\" \/>\n<meta property=\"og:title\" content=\"Esa\u00efe Menou receives full-tuition scholarship from Berklee College of Music - IMEP\" \/>\n<meta property=\"og:description\" content=\"[et_pb_section fb_built=&#8221;1&#8243; _builder_version=&#8221;4.24.0&#8243; _module_preset=&#8221;default&#8221; global_colors_info=&#8221;{}&#8221;][et_pb_row _builder_version=&#8221;4.24.0&#8243; _module_preset=&#8221;default&#8221; global_colors_info=&#8221;{}&#8221;][et_pb_column type=&#8221;4_4&#8243; _builder_version=&#8221;4.24.0&#8243; _module_preset=&#8221;default&#8221; global_colors_info=&#8221;{}&#8221;][et_pb_text _builder_version=&#8221;4.24.0&#8243; _module_preset=&#8221;default&#8221; global_colors_info=&#8221;{}&#8221;] Esa\u00efe menou, guitarist and 5th year Professional Cycle student at IMEP \u2022 Paris College of [&hellip;]\" \/>\n<meta property=\"og:url\" content=\"https:\/\/www.imep.pro\/en\/esaie-menou-receives-full-tuition-scholarship-from-berklee-college-of-music\/\" \/>\n<meta property=\"og:site_name\" content=\"IMEP\" \/>\n<meta property=\"article:publisher\" content=\"http:\/\/www.facebook.com\/imep.pro\" \/>\n<meta property=\"article:published_time\" content=\"2024-02-01T11:32:07+00:00\" \/>\n<meta property=\"article:modified_time\" content=\"2024-02-01T11:32:15+00:00\" \/>\n<meta property=\"og:image\" content=\"https:\/\/www.imep.pro\/wordpress\/wp-content\/uploads\/2024\/02\/esaie-menou-quartet-jpg.webp\" \/>\n\t<meta property=\"og:image:width\" content=\"1920\" \/>\n\t<meta property=\"og:image:height\" content=\"1080\" \/>\n\t<meta property=\"og:image:type\" content=\"image\/jpeg\" \/>\n<meta name=\"author\" content=\"Anne Reinling\" \/>\n<meta name=\"twitter:card\" content=\"summary_large_image\" \/>\n<meta name=\"twitter:creator\" content=\"@imep_pro\" \/>\n<meta name=\"twitter:site\" content=\"@imep_pro\" \/>\n<meta name=\"twitter:label1\" content=\"Written by\" \/>\n\t<meta name=\"twitter:data1\" content=\"Anne Reinling\" \/>\n\t<meta name=\"twitter:label2\" content=\"Est. reading time\" \/>\n\t<meta name=\"twitter:data2\" content=\"2 minutes\" \/>\n<script type=\"application\/ld+json\" class=\"yoast-schema-graph\">{\"@context\":\"https:\\\/\\\/schema.org\",\"@graph\":[{\"@type\":\"Article\",\"@id\":\"https:\\\/\\\/www.imep.pro\\\/en\\\/esaie-menou-receives-full-tuition-scholarship-from-berklee-college-of-music\\\/#article\",\"isPartOf\":{\"@id\":\"https:\\\/\\\/www.imep.pro\\\/en\\\/esaie-menou-receives-full-tuition-scholarship-from-berklee-college-of-music\\\/\"},\"author\":{\"name\":\"Anne Reinling\",\"@id\":\"https:\\\/\\\/www.imep.pro\\\/#\\\/schema\\\/person\\\/ed009e205d4f3fa4930c24daccc8b3b5\"},\"headline\":\"Esa\u00efe Menou receives full-tuition scholarship from Berklee College of Music\",\"datePublished\":\"2024-02-01T11:32:07+00:00\",\"dateModified\":\"2024-02-01T11:32:15+00:00\",\"mainEntityOfPage\":{\"@id\":\"https:\\\/\\\/www.imep.pro\\\/en\\\/esaie-menou-receives-full-tuition-scholarship-from-berklee-college-of-music\\\/\"},\"wordCount\":418,\"commentCount\":0,\"publisher\":{\"@id\":\"https:\\\/\\\/www.imep.pro\\\/#organization\"},\"image\":{\"@id\":\"https:\\\/\\\/www.imep.pro\\\/en\\\/esaie-menou-receives-full-tuition-scholarship-from-berklee-college-of-music\\\/#primaryimage\"},\"thumbnailUrl\":\"https:\\\/\\\/www.imep.pro\\\/wordpress\\\/wp-content\\\/uploads\\\/2024\\\/02\\\/esaie-menou-quartet-jpg.webp\",\"articleSection\":[\"Agenda\",\"Berklee Global Partners\",\"El\u00e8ves \\\/ anciens \u00e9l\u00e8ves\",\"IMEP\"],\"inLanguage\":\"en-US\",\"potentialAction\":[{\"@type\":\"CommentAction\",\"name\":\"Comment\",\"target\":[\"https:\\\/\\\/www.imep.pro\\\/en\\\/esaie-menou-receives-full-tuition-scholarship-from-berklee-college-of-music\\\/#respond\"]}]},{\"@type\":\"WebPage\",\"@id\":\"https:\\\/\\\/www.imep.pro\\\/en\\\/esaie-menou-receives-full-tuition-scholarship-from-berklee-college-of-music\\\/\",\"url\":\"https:\\\/\\\/www.imep.pro\\\/en\\\/esaie-menou-receives-full-tuition-scholarship-from-berklee-college-of-music\\\/\",\"name\":\"Esa\u00efe Menou receives full-tuition scholarship from Berklee College of Music - IMEP\",\"isPartOf\":{\"@id\":\"https:\\\/\\\/www.imep.pro\\\/#website\"},\"primaryImageOfPage\":{\"@id\":\"https:\\\/\\\/www.imep.pro\\\/en\\\/esaie-menou-receives-full-tuition-scholarship-from-berklee-college-of-music\\\/#primaryimage\"},\"image\":{\"@id\":\"https:\\\/\\\/www.imep.pro\\\/en\\\/esaie-menou-receives-full-tuition-scholarship-from-berklee-college-of-music\\\/#primaryimage\"},\"thumbnailUrl\":\"https:\\\/\\\/www.imep.pro\\\/wordpress\\\/wp-content\\\/uploads\\\/2024\\\/02\\\/esaie-menou-quartet-jpg.webp\",\"datePublished\":\"2024-02-01T11:32:07+00:00\",\"dateModified\":\"2024-02-01T11:32:15+00:00\",\"breadcrumb\":{\"@id\":\"https:\\\/\\\/www.imep.pro\\\/en\\\/esaie-menou-receives-full-tuition-scholarship-from-berklee-college-of-music\\\/#breadcrumb\"},\"inLanguage\":\"en-US\",\"potentialAction\":[{\"@type\":\"ReadAction\",\"target\":[\"https:\\\/\\\/www.imep.pro\\\/en\\\/esaie-menou-receives-full-tuition-scholarship-from-berklee-college-of-music\\\/\"]}]},{\"@type\":\"ImageObject\",\"inLanguage\":\"en-US\",\"@id\":\"https:\\\/\\\/www.imep.pro\\\/en\\\/esaie-menou-receives-full-tuition-scholarship-from-berklee-college-of-music\\\/#primaryimage\",\"url\":\"https:\\\/\\\/www.imep.pro\\\/wordpress\\\/wp-content\\\/uploads\\\/2024\\\/02\\\/esaie-menou-quartet-jpg.webp\",\"contentUrl\":\"https:\\\/\\\/www.imep.pro\\\/wordpress\\\/wp-content\\\/uploads\\\/2024\\\/02\\\/esaie-menou-quartet-jpg.webp\",\"width\":1920,\"height\":1080},{\"@type\":\"BreadcrumbList\",\"@id\":\"https:\\\/\\\/www.imep.pro\\\/en\\\/esaie-menou-receives-full-tuition-scholarship-from-berklee-college-of-music\\\/#breadcrumb\",\"itemListElement\":[{\"@type\":\"ListItem\",\"position\":1,\"name\":\"Accueil\",\"item\":\"https:\\\/\\\/www.imep.pro\\\/en\\\/music-school-paris\\\/\"},{\"@type\":\"ListItem\",\"position\":2,\"name\":\"Berklee Global Partners\",\"item\":\"https:\\\/\\\/www.imep.pro\\\/category\\\/berklee-global-partners\\\/\"},{\"@type\":\"ListItem\",\"position\":3,\"name\":\"Esa\u00efe Menou receives full-tuition scholarship from Berklee College of Music\"}]},{\"@type\":\"WebSite\",\"@id\":\"https:\\\/\\\/www.imep.pro\\\/#website\",\"url\":\"https:\\\/\\\/www.imep.pro\\\/\",\"name\":\"IMEP\",\"description\":\"\u266a Paris College of music \u266a\",\"publisher\":{\"@id\":\"https:\\\/\\\/www.imep.pro\\\/#organization\"},\"potentialAction\":[{\"@type\":\"SearchAction\",\"target\":{\"@type\":\"EntryPoint\",\"urlTemplate\":\"https:\\\/\\\/www.imep.pro\\\/?s={search_term_string}\"},\"query-input\":{\"@type\":\"PropertyValueSpecification\",\"valueRequired\":true,\"valueName\":\"search_term_string\"}}],\"inLanguage\":\"en-US\"},{\"@type\":\"Organization\",\"@id\":\"https:\\\/\\\/www.imep.pro\\\/#organization\",\"name\":\"IMEP Paris College of Music\",\"url\":\"https:\\\/\\\/www.imep.pro\\\/\",\"logo\":{\"@type\":\"ImageObject\",\"inLanguage\":\"en-US\",\"@id\":\"https:\\\/\\\/www.imep.pro\\\/#\\\/schema\\\/logo\\\/image\\\/\",\"url\":\"https:\\\/\\\/www.imep.pro\\\/wordpress\\\/wp-content\\\/uploads\\\/2016\\\/02\\\/cropped-imep_logo_original-favicon.png\",\"contentUrl\":\"https:\\\/\\\/www.imep.pro\\\/wordpress\\\/wp-content\\\/uploads\\\/2016\\\/02\\\/cropped-imep_logo_original-favicon.png\",\"width\":512,\"height\":512,\"caption\":\"IMEP Paris College of Music\"},\"image\":{\"@id\":\"https:\\\/\\\/www.imep.pro\\\/#\\\/schema\\\/logo\\\/image\\\/\"},\"sameAs\":[\"http:\\\/\\\/www.facebook.com\\\/imep.pro\",\"https:\\\/\\\/x.com\\\/imep_pro\",\"https:\\\/\\\/www.instagram.com\\\/imepparis\\\/\",\"https:\\\/\\\/www.linkedin.com\\\/company\\\/imep-paris-college-of-music\\\/\",\"https:\\\/\\\/www.youtube.com\\\/user\\\/imusicparis\"]},{\"@type\":\"Person\",\"@id\":\"https:\\\/\\\/www.imep.pro\\\/#\\\/schema\\\/person\\\/ed009e205d4f3fa4930c24daccc8b3b5\",\"name\":\"Anne Reinling\",\"image\":{\"@type\":\"ImageObject\",\"inLanguage\":\"en-US\",\"@id\":\"https:\\\/\\\/secure.gravatar.com\\\/avatar\\\/be0e3c9ae51dfb9a248487ec994111ccd1c9d8f5bb51d2e8fbf82339a62dfe4c?s=96&d=mm&r=g\",\"url\":\"https:\\\/\\\/secure.gravatar.com\\\/avatar\\\/be0e3c9ae51dfb9a248487ec994111ccd1c9d8f5bb51d2e8fbf82339a62dfe4c?s=96&d=mm&r=g\",\"contentUrl\":\"https:\\\/\\\/secure.gravatar.com\\\/avatar\\\/be0e3c9ae51dfb9a248487ec994111ccd1c9d8f5bb51d2e8fbf82339a62dfe4c?s=96&d=mm&r=g\",\"caption\":\"Anne Reinling\"},\"url\":\"https:\\\/\\\/www.imep.pro\\\/en\\\/author\\\/anne-reinling\\\/\"}]}<\/script>\n<!-- \/ Yoast SEO plugin. -->","yoast_head_json":{"title":"Esa\u00efe Menou receives full-tuition scholarship from Berklee College of Music - IMEP","robots":{"index":"index","follow":"follow","max-snippet":"max-snippet:-1","max-image-preview":"max-image-preview:large","max-video-preview":"max-video-preview:-1"},"canonical":"https:\/\/www.imep.pro\/en\/esaie-menou-receives-full-tuition-scholarship-from-berklee-college-of-music\/","og_locale":"en_US","og_type":"article","og_title":"Esa\u00efe Menou receives full-tuition scholarship from Berklee College of Music - IMEP","og_description":"[et_pb_section fb_built=&#8221;1&#8243; _builder_version=&#8221;4.24.0&#8243; _module_preset=&#8221;default&#8221; global_colors_info=&#8221;{}&#8221;][et_pb_row _builder_version=&#8221;4.24.0&#8243; _module_preset=&#8221;default&#8221; global_colors_info=&#8221;{}&#8221;][et_pb_column type=&#8221;4_4&#8243; _builder_version=&#8221;4.24.0&#8243; _module_preset=&#8221;default&#8221; global_colors_info=&#8221;{}&#8221;][et_pb_text _builder_version=&#8221;4.24.0&#8243; _module_preset=&#8221;default&#8221; global_colors_info=&#8221;{}&#8221;] Esa\u00efe menou, guitarist and 5th year Professional Cycle student at IMEP \u2022 Paris College of [&hellip;]","og_url":"https:\/\/www.imep.pro\/en\/esaie-menou-receives-full-tuition-scholarship-from-berklee-college-of-music\/","og_site_name":"IMEP","article_publisher":"http:\/\/www.facebook.com\/imep.pro","article_published_time":"2024-02-01T11:32:07+00:00","article_modified_time":"2024-02-01T11:32:15+00:00","og_image":[{"width":1920,"height":1080,"url":"https:\/\/www.imep.pro\/wordpress\/wp-content\/uploads\/2024\/02\/esaie-menou-quartet-jpg.webp","type":"image\/jpeg"}],"author":"Anne Reinling","twitter_card":"summary_large_image","twitter_creator":"@imep_pro","twitter_site":"@imep_pro","twitter_misc":{"Written by":"Anne Reinling","Est. reading time":"2 minutes"},"schema":{"@context":"https:\/\/schema.org","@graph":[{"@type":"Article","@id":"https:\/\/www.imep.pro\/en\/esaie-menou-receives-full-tuition-scholarship-from-berklee-college-of-music\/#article","isPartOf":{"@id":"https:\/\/www.imep.pro\/en\/esaie-menou-receives-full-tuition-scholarship-from-berklee-college-of-music\/"},"author":{"name":"Anne Reinling","@id":"https:\/\/www.imep.pro\/#\/schema\/person\/ed009e205d4f3fa4930c24daccc8b3b5"},"headline":"Esa\u00efe Menou receives full-tuition scholarship from Berklee College of Music","datePublished":"2024-02-01T11:32:07+00:00","dateModified":"2024-02-01T11:32:15+00:00","mainEntityOfPage":{"@id":"https:\/\/www.imep.pro\/en\/esaie-menou-receives-full-tuition-scholarship-from-berklee-college-of-music\/"},"wordCount":418,"commentCount":0,"publisher":{"@id":"https:\/\/www.imep.pro\/#organization"},"image":{"@id":"https:\/\/www.imep.pro\/en\/esaie-menou-receives-full-tuition-scholarship-from-berklee-college-of-music\/#primaryimage"},"thumbnailUrl":"https:\/\/www.imep.pro\/wordpress\/wp-content\/uploads\/2024\/02\/esaie-menou-quartet-jpg.webp","articleSection":["Agenda","Berklee Global Partners","El\u00e8ves \/ anciens \u00e9l\u00e8ves","IMEP"],"inLanguage":"en-US","potentialAction":[{"@type":"CommentAction","name":"Comment","target":["https:\/\/www.imep.pro\/en\/esaie-menou-receives-full-tuition-scholarship-from-berklee-college-of-music\/#respond"]}]},{"@type":"WebPage","@id":"https:\/\/www.imep.pro\/en\/esaie-menou-receives-full-tuition-scholarship-from-berklee-college-of-music\/","url":"https:\/\/www.imep.pro\/en\/esaie-menou-receives-full-tuition-scholarship-from-berklee-college-of-music\/","name":"Esa\u00efe Menou receives full-tuition scholarship from Berklee College of Music - IMEP","isPartOf":{"@id":"https:\/\/www.imep.pro\/#website"},"primaryImageOfPage":{"@id":"https:\/\/www.imep.pro\/en\/esaie-menou-receives-full-tuition-scholarship-from-berklee-college-of-music\/#primaryimage"},"image":{"@id":"https:\/\/www.imep.pro\/en\/esaie-menou-receives-full-tuition-scholarship-from-berklee-college-of-music\/#primaryimage"},"thumbnailUrl":"https:\/\/www.imep.pro\/wordpress\/wp-content\/uploads\/2024\/02\/esaie-menou-quartet-jpg.webp","datePublished":"2024-02-01T11:32:07+00:00","dateModified":"2024-02-01T11:32:15+00:00","breadcrumb":{"@id":"https:\/\/www.imep.pro\/en\/esaie-menou-receives-full-tuition-scholarship-from-berklee-college-of-music\/#breadcrumb"},"inLanguage":"en-US","potentialAction":[{"@type":"ReadAction","target":["https:\/\/www.imep.pro\/en\/esaie-menou-receives-full-tuition-scholarship-from-berklee-college-of-music\/"]}]},{"@type":"ImageObject","inLanguage":"en-US","@id":"https:\/\/www.imep.pro\/en\/esaie-menou-receives-full-tuition-scholarship-from-berklee-college-of-music\/#primaryimage","url":"https:\/\/www.imep.pro\/wordpress\/wp-content\/uploads\/2024\/02\/esaie-menou-quartet-jpg.webp","contentUrl":"https:\/\/www.imep.pro\/wordpress\/wp-content\/uploads\/2024\/02\/esaie-menou-quartet-jpg.webp","width":1920,"height":1080},{"@type":"BreadcrumbList","@id":"https:\/\/www.imep.pro\/en\/esaie-menou-receives-full-tuition-scholarship-from-berklee-college-of-music\/#breadcrumb","itemListElement":[{"@type":"ListItem","position":1,"name":"Accueil","item":"https:\/\/www.imep.pro\/en\/music-school-paris\/"},{"@type":"ListItem","position":2,"name":"Berklee Global Partners","item":"https:\/\/www.imep.pro\/category\/berklee-global-partners\/"},{"@type":"ListItem","position":3,"name":"Esa\u00efe Menou receives full-tuition scholarship from Berklee College of Music"}]},{"@type":"WebSite","@id":"https:\/\/www.imep.pro\/#website","url":"https:\/\/www.imep.pro\/","name":"IMEP","description":"\u266a Paris College of music \u266a","publisher":{"@id":"https:\/\/www.imep.pro\/#organization"},"potentialAction":[{"@type":"SearchAction","target":{"@type":"EntryPoint","urlTemplate":"https:\/\/www.imep.pro\/?s={search_term_string}"},"query-input":{"@type":"PropertyValueSpecification","valueRequired":true,"valueName":"search_term_string"}}],"inLanguage":"en-US"},{"@type":"Organization","@id":"https:\/\/www.imep.pro\/#organization","name":"IMEP Paris College of Music","url":"https:\/\/www.imep.pro\/","logo":{"@type":"ImageObject","inLanguage":"en-US","@id":"https:\/\/www.imep.pro\/#\/schema\/logo\/image\/","url":"https:\/\/www.imep.pro\/wordpress\/wp-content\/uploads\/2016\/02\/cropped-imep_logo_original-favicon.png","contentUrl":"https:\/\/www.imep.pro\/wordpress\/wp-content\/uploads\/2016\/02\/cropped-imep_logo_original-favicon.png","width":512,"height":512,"caption":"IMEP Paris College of Music"},"image":{"@id":"https:\/\/www.imep.pro\/#\/schema\/logo\/image\/"},"sameAs":["http:\/\/www.facebook.com\/imep.pro","https:\/\/x.com\/imep_pro","https:\/\/www.instagram.com\/imepparis\/","https:\/\/www.linkedin.com\/company\/imep-paris-college-of-music\/","https:\/\/www.youtube.com\/user\/imusicparis"]},{"@type":"Person","@id":"https:\/\/www.imep.pro\/#\/schema\/person\/ed009e205d4f3fa4930c24daccc8b3b5","name":"Anne Reinling","image":{"@type":"ImageObject","inLanguage":"en-US","@id":"https:\/\/secure.gravatar.com\/avatar\/be0e3c9ae51dfb9a248487ec994111ccd1c9d8f5bb51d2e8fbf82339a62dfe4c?s=96&d=mm&r=g","url":"https:\/\/secure.gravatar.com\/avatar\/be0e3c9ae51dfb9a248487ec994111ccd1c9d8f5bb51d2e8fbf82339a62dfe4c?s=96&d=mm&r=g","contentUrl":"https:\/\/secure.gravatar.com\/avatar\/be0e3c9ae51dfb9a248487ec994111ccd1c9d8f5bb51d2e8fbf82339a62dfe4c?s=96&d=mm&r=g","caption":"Anne Reinling"},"url":"https:\/\/www.imep.pro\/en\/author\/anne-reinling\/"}]}},"_links":{"self":[{"href":"https:\/\/www.imep.pro\/en\/wp-json\/wp\/v2\/posts\/254240","targetHints":{"allow":["GET"]}}],"collection":[{"href":"https:\/\/www.imep.pro\/en\/wp-json\/wp\/v2\/posts"}],"about":[{"href":"https:\/\/www.imep.pro\/en\/wp-json\/wp\/v2\/types\/post"}],"author":[{"embeddable":true,"href":"https:\/\/www.imep.pro\/en\/wp-json\/wp\/v2\/users\/7"}],"replies":[{"embeddable":true,"href":"https:\/\/www.imep.pro\/en\/wp-json\/wp\/v2\/comments?post=254240"}],"version-history":[{"count":9,"href":"https:\/\/www.imep.pro\/en\/wp-json\/wp\/v2\/posts\/254240\/revisions"}],"predecessor-version":[{"id":254249,"href":"https:\/\/www.imep.pro\/en\/wp-json\/wp\/v2\/posts\/254240\/revisions\/254249"}],"wp:featuredmedia":[{"embeddable":true,"href":"https:\/\/www.imep.pro\/en\/wp-json\/wp\/v2\/media\/254233"}],"wp:attachment":[{"href":"https:\/\/www.imep.pro\/en\/wp-json\/wp\/v2\/media?parent=254240"}],"wp:term":[{"taxonomy":"category","embeddable":true,"href":"https:\/\/www.imep.pro\/en\/wp-json\/wp\/v2\/categories?post=254240"},{"taxonomy":"post_tag","embeddable":true,"href":"https:\/\/www.imep.pro\/en\/wp-json\/wp\/v2\/tags?post=254240"},{"taxonomy":"dipi_cpt_category","embeddable":true,"href":"https:\/\/www.imep.pro\/en\/wp-json\/wp\/v2\/dipi_cpt_category?post=254240"}],"curies":[{"name":"wp","href":"https:\/\/api.w.org\/{rel}","templated":true}]}}