{"id":251711,"date":"2023-05-26T14:58:27","date_gmt":"2023-05-26T13:58:27","guid":{"rendered":"https:\/\/www.imep.pro\/a-musical-june-at-imep\/"},"modified":"2023-05-26T14:58:30","modified_gmt":"2023-05-26T13:58:30","slug":"a-musical-june-at-imep","status":"publish","type":"post","link":"https:\/\/www.imep.pro\/en\/a-musical-june-at-imep\/","title":{"rendered":"A musical June at IMEP"},"content":{"rendered":"<p>[et_pb_section fb_built=&#8221;1&#8243; _builder_version=&#8221;4.21.0&#8243; _module_preset=&#8221;default&#8221; global_colors_info=&#8221;{}&#8221;][et_pb_row _builder_version=&#8221;4.21.0&#8243; _module_preset=&#8221;default&#8221; global_colors_info=&#8221;{}&#8221;][et_pb_column type=&#8221;4_4&#8243; _builder_version=&#8221;4.21.0&#8243; _module_preset=&#8221;default&#8221; global_colors_info=&#8221;{}&#8221;][et_pb_text _builder_version=&#8221;4.21.0&#8243; _module_preset=&#8221;default&#8221; global_colors_info=&#8221;{}&#8221;]<\/p>\n<h6>The IMEP &#8211; Paris College of Music is delighted to present its concert series for June. If you&#8217;re a jazz fan (but not just a jazz fan!), come and listen to the different groups at our school and enjoy some great music together.<\/h6>\n<p>[\/et_pb_text][\/et_pb_column][\/et_pb_row][et_pb_row column_structure=&#8221;1_2,1_2&#8243; _builder_version=&#8221;4.21.0&#8243; _module_preset=&#8221;default&#8221; global_colors_info=&#8221;{}&#8221;][et_pb_column type=&#8221;1_2&#8243; _builder_version=&#8221;4.21.0&#8243; _module_preset=&#8221;default&#8221; global_colors_info=&#8221;{}&#8221;][et_pb_image src=&#8221;https:\/\/www.imep.pro\/wordpress\/wp-content\/uploads\/2023\/05\/insta-masterclass-14-300&#215;300.webp&#8221; title_text=&#8221;insta masterclass 1(4)&#8221; _builder_version=&#8221;4.21.0&#8243; _module_preset=&#8221;default&#8221; hover_enabled=&#8221;0&#8243; global_colors_info=&#8221;{}&#8221; sticky_enabled=&#8221;0&#8243;][\/et_pb_image][\/et_pb_column][et_pb_column type=&#8221;1_2&#8243; _builder_version=&#8221;4.21.0&#8243; _module_preset=&#8221;default&#8221; global_colors_info=&#8221;{}&#8221;][et_pb_text _builder_version=&#8221;4.21.0&#8243; _module_preset=&#8221;default&#8221; global_colors_info=&#8221;{}&#8221;]<\/p>\n<h6 style=\"text-align: left;\">The end-of-year concert at Sunside on 4 June<\/h6>\n<p>We kick off the month with the Cycle Sup\u00e9rieur ensembles, directed by Josiah Woodson and Manuel Rocheman, performing on the legendary Sunset-Sunside stage.<\/p>\n<p>They&#8217;re preparing a concert with a varied jazz repertoire featuring swing, funky and modern tunes, from the 80s to today.<\/p>\n<p>[\/et_pb_text][et_pb_button button_url=&#8221;https:\/\/www.billetweb.fr\/concert-de-fin-dannee-de-limep&#8221; url_new_window=&#8221;on&#8221; button_text=&#8221;BILLETTERIE&#8221; button_alignment=&#8221;right&#8221; _builder_version=&#8221;4.21.0&#8243; _module_preset=&#8221;default&#8221; global_colors_info=&#8221;{}&#8221;][\/et_pb_button][\/et_pb_column][\/et_pb_row][et_pb_row column_structure=&#8221;1_2,1_2&#8243; _builder_version=&#8221;4.21.0&#8243; _module_preset=&#8221;default&#8221; global_colors_info=&#8221;{}&#8221;][et_pb_column type=&#8221;1_2&#8243; _builder_version=&#8221;4.21.0&#8243; _module_preset=&#8221;default&#8221; global_colors_info=&#8221;{}&#8221;][et_pb_text _builder_version=&#8221;4.21.0&#8243; _module_preset=&#8221;default&#8221; global_colors_info=&#8221;{}&#8221;]<\/p>\n<h6>Cycle Libre concerts from 9 to 11 June, Pamela or Barbizon, make your choice<\/h6>\n<p>Pop-rock ou jazz moderne, venez \u00e9couter les \u00e9l\u00e8ves du Cycle Libre de l&#8217;IMEP pr\u00e9senter les projets sur lesquels ils ont travaill\u00e9 avec leurs professeurs tout au long de l&#8217;ann\u00e9e scolaire.<\/p>\n<p>The little extra: it&#8217;s free!<\/p>\n<p>[\/et_pb_text][et_pb_button button_url=&#8221;https:\/\/www.imep.pro\/event\/concerts-cycle-libre\/&#8221; url_new_window=&#8221;on&#8221; button_text=&#8221;en savoir plus&#8221; button_alignment=&#8221;left&#8221; _builder_version=&#8221;4.21.0&#8243; _module_preset=&#8221;default&#8221; global_colors_info=&#8221;{}&#8221;][\/et_pb_button][\/et_pb_column][et_pb_column type=&#8221;1_2&#8243; _builder_version=&#8221;4.21.0&#8243; _module_preset=&#8221;default&#8221; global_colors_info=&#8221;{}&#8221;][et_pb_image src=&#8221;https:\/\/www.imep.pro\/wordpress\/wp-content\/uploads\/2023\/05\/insta-masterclass-13-300&#215;300.webp&#8221; title_text=&#8221;insta masterclass 1(3)&#8221; align=&#8221;right&#8221; _builder_version=&#8221;4.21.0&#8243; _module_preset=&#8221;default&#8221; global_colors_info=&#8221;{}&#8221;][\/et_pb_image][\/et_pb_column][\/et_pb_row][et_pb_row column_structure=&#8221;1_2,1_2&#8243; _builder_version=&#8221;4.21.0&#8243; _module_preset=&#8221;default&#8221; global_colors_info=&#8221;{}&#8221;][et_pb_column type=&#8221;1_2&#8243; _builder_version=&#8221;4.21.0&#8243; _module_preset=&#8221;default&#8221; global_colors_info=&#8221;{}&#8221;][et_pb_image src=&#8221;https:\/\/www.imep.pro\/wordpress\/wp-content\/uploads\/2023\/05\/insta-masterclass-12-300&#215;300.webp&#8221; title_text=&#8221;insta masterclass 1(2)&#8221; _builder_version=&#8221;4.21.0&#8243; _module_preset=&#8221;default&#8221; global_colors_info=&#8221;{}&#8221;][\/et_pb_image][\/et_pb_column][et_pb_column type=&#8221;1_2&#8243; _builder_version=&#8221;4.21.0&#8243; _module_preset=&#8221;default&#8221; global_colors_info=&#8221;{}&#8221;][et_pb_text _builder_version=&#8221;4.21.0&#8243; _module_preset=&#8221;default&#8221; global_colors_info=&#8221;{}&#8221;]<\/p>\n<h6>The graduation ceremony concert on 18 June at the Studio de l&#8217;Ermitage<\/h6>\n<p>With saxophonist Baptiste Herbin as the guest of honour and patron of our Class of 2023, don&#8217;t miss this evening of festivities as we celebrate our 5th year graduates!<\/p>\n<p>[\/et_pb_text][et_pb_button button_url=&#8221;https:\/\/www.billetweb.fr\/ceremonie-de-remise-de-diplomes-2023&#8243; url_new_window=&#8221;on&#8221; button_text=&#8221;BILLETTERIE&#8221; button_alignment=&#8221;right&#8221; _builder_version=&#8221;4.21.0&#8243; _module_preset=&#8221;default&#8221; global_colors_info=&#8221;{}&#8221;][\/et_pb_button][\/et_pb_column][\/et_pb_row][et_pb_row _builder_version=&#8221;4.21.0&#8243; _module_preset=&#8221;default&#8221; global_colors_info=&#8221;{}&#8221;][et_pb_column type=&#8221;4_4&#8243; _builder_version=&#8221;4.21.0&#8243; _module_preset=&#8221;default&#8221; global_colors_info=&#8221;{}&#8221;][et_pb_text _builder_version=&#8221;4.21.0&#8243; _module_preset=&#8221;default&#8221; global_colors_info=&#8221;{}&#8221;]<\/p>\n<p>With a variety of styles and performances by musicians each more talented than the last, these concerts are a must for all music lovers, so come and join us!<\/p>\n<p>[\/et_pb_text][\/et_pb_column][\/et_pb_row][et_pb_row _builder_version=&#8221;4.21.0&#8243; _module_preset=&#8221;default&#8221; global_colors_info=&#8221;{}&#8221;][et_pb_column type=&#8221;4_4&#8243; _builder_version=&#8221;4.21.0&#8243; _module_preset=&#8221;default&#8221; global_colors_info=&#8221;{}&#8221;][et_pb_text _builder_version=&#8221;4.21.0&#8243; _module_preset=&#8221;default&#8221; global_colors_info=&#8221;{}&#8221;]<\/p>\n<p>Still not sure? Take our quiz and find out which IMEP evening is right for you?<\/p>\n<p>&nbsp;<\/p>\n<div data-tf-widget=\"oKy4tZTK\" data-tf-opacity=\"100\" data-tf-iframe-props=\"title=Trivia Quiz (copy)\" data-tf-transitive-search-params=\"\" data-tf-medium=\"snippet\" style=\"width: 100%; height: 500px;\"><\/div>\n<p>\n<script src=\"\/\/embed.typeform.com\/next\/embed.js\"><\/script>\n <\/p>\n<p>[\/et_pb_text][\/et_pb_column][\/et_pb_row][\/et_pb_section]<\/p>\n","protected":false},"excerpt":{"rendered":"<p>[et_pb_section fb_built=&#8221;1&#8243; _builder_version=&#8221;4.21.0&#8243; _module_preset=&#8221;default&#8221; global_colors_info=&#8221;{}&#8221;][et_pb_row _builder_version=&#8221;4.21.0&#8243; _module_preset=&#8221;default&#8221; global_colors_info=&#8221;{}&#8221;][et_pb_column type=&#8221;4_4&#8243; _builder_version=&#8221;4.21.0&#8243; _module_preset=&#8221;default&#8221; global_colors_info=&#8221;{}&#8221;][et_pb_text _builder_version=&#8221;4.21.0&#8243; _module_preset=&#8221;default&#8221; global_colors_info=&#8221;{}&#8221;] The IMEP &#8211; Paris College of Music is delighted to present its concert series for [&hellip;]<\/p>\n","protected":false},"author":7,"featured_media":251466,"comment_status":"open","ping_status":"open","sticky":false,"template":"","format":"standard","meta":{"_et_pb_use_builder":"","_et_pb_old_content":"","_et_gb_content_width":"","footnotes":""},"categories":[80,158,111,156,17],"tags":[],"dipi_cpt_category":[],"class_list":["post-251711","post","type-post","status-publish","format-standard","has-post-thumbnail","hentry","category-concerts-en","category-cycle-libre-en","category-cycle-pro-en","category-imep-en","category-actus-en"],"yoast_head":"<!-- This site is optimized with the Yoast SEO plugin v27.4 - https:\/\/yoast.com\/product\/yoast-seo-wordpress\/ -->\n<title>A musical June at IMEP - IMEP<\/title>\n<meta name=\"robots\" content=\"index, follow, max-snippet:-1, max-image-preview:large, max-video-preview:-1\" \/>\n<link rel=\"canonical\" href=\"https:\/\/www.imep.pro\/en\/a-musical-june-at-imep\/\" \/>\n<meta property=\"og:locale\" content=\"en_US\" \/>\n<meta property=\"og:type\" content=\"article\" \/>\n<meta property=\"og:title\" content=\"A musical June at IMEP - IMEP\" \/>\n<meta property=\"og:description\" content=\"[et_pb_section fb_built=&#8221;1&#8243; _builder_version=&#8221;4.21.0&#8243; _module_preset=&#8221;default&#8221; global_colors_info=&#8221;{}&#8221;][et_pb_row _builder_version=&#8221;4.21.0&#8243; _module_preset=&#8221;default&#8221; global_colors_info=&#8221;{}&#8221;][et_pb_column type=&#8221;4_4&#8243; _builder_version=&#8221;4.21.0&#8243; _module_preset=&#8221;default&#8221; global_colors_info=&#8221;{}&#8221;][et_pb_text _builder_version=&#8221;4.21.0&#8243; _module_preset=&#8221;default&#8221; global_colors_info=&#8221;{}&#8221;] The IMEP &#8211; Paris College of Music is delighted to present its concert series for [&hellip;]\" \/>\n<meta property=\"og:url\" content=\"https:\/\/www.imep.pro\/en\/a-musical-june-at-imep\/\" \/>\n<meta property=\"og:site_name\" content=\"IMEP\" \/>\n<meta property=\"article:publisher\" content=\"http:\/\/www.facebook.com\/imep.pro\" \/>\n<meta property=\"article:published_time\" content=\"2023-05-26T13:58:27+00:00\" \/>\n<meta property=\"article:modified_time\" content=\"2023-05-26T13:58:30+00:00\" \/>\n<meta property=\"og:image\" content=\"https:\/\/www.imep.pro\/wordpress\/wp-content\/uploads\/2023\/04\/169-1-jpg-e1717750473121.webp\" \/>\n\t<meta property=\"og:image:width\" content=\"1920\" \/>\n\t<meta property=\"og:image:height\" content=\"1080\" \/>\n\t<meta property=\"og:image:type\" content=\"image\/jpeg\" \/>\n<meta name=\"author\" content=\"Anne Reinling\" \/>\n<meta name=\"twitter:card\" content=\"summary_large_image\" \/>\n<meta name=\"twitter:creator\" content=\"@imep_pro\" \/>\n<meta name=\"twitter:site\" content=\"@imep_pro\" \/>\n<meta name=\"twitter:label1\" content=\"Written by\" \/>\n\t<meta name=\"twitter:data1\" content=\"Anne Reinling\" \/>\n\t<meta name=\"twitter:label2\" content=\"Est. reading time\" \/>\n\t<meta name=\"twitter:data2\" content=\"4 minutes\" \/>\n<script type=\"application\/ld+json\" class=\"yoast-schema-graph\">{\"@context\":\"https:\\\/\\\/schema.org\",\"@graph\":[{\"@type\":\"Article\",\"@id\":\"https:\\\/\\\/www.imep.pro\\\/en\\\/a-musical-june-at-imep\\\/#article\",\"isPartOf\":{\"@id\":\"https:\\\/\\\/www.imep.pro\\\/en\\\/a-musical-june-at-imep\\\/\"},\"author\":{\"name\":\"Anne Reinling\",\"@id\":\"https:\\\/\\\/www.imep.pro\\\/#\\\/schema\\\/person\\\/ed009e205d4f3fa4930c24daccc8b3b5\"},\"headline\":\"A musical June at IMEP\",\"datePublished\":\"2023-05-26T13:58:27+00:00\",\"dateModified\":\"2023-05-26T13:58:30+00:00\",\"mainEntityOfPage\":{\"@id\":\"https:\\\/\\\/www.imep.pro\\\/en\\\/a-musical-june-at-imep\\\/\"},\"wordCount\":758,\"commentCount\":0,\"publisher\":{\"@id\":\"https:\\\/\\\/www.imep.pro\\\/#organization\"},\"image\":{\"@id\":\"https:\\\/\\\/www.imep.pro\\\/en\\\/a-musical-june-at-imep\\\/#primaryimage\"},\"thumbnailUrl\":\"https:\\\/\\\/www.imep.pro\\\/wordpress\\\/wp-content\\\/uploads\\\/2023\\\/04\\\/169-1-jpg-e1717750473121.webp\",\"articleSection\":[\"Concerts\",\"cycle libre\",\"Cycle Pro\",\"IMEP\",\"News\"],\"inLanguage\":\"en-US\",\"potentialAction\":[{\"@type\":\"CommentAction\",\"name\":\"Comment\",\"target\":[\"https:\\\/\\\/www.imep.pro\\\/en\\\/a-musical-june-at-imep\\\/#respond\"]}]},{\"@type\":\"WebPage\",\"@id\":\"https:\\\/\\\/www.imep.pro\\\/en\\\/a-musical-june-at-imep\\\/\",\"url\":\"https:\\\/\\\/www.imep.pro\\\/en\\\/a-musical-june-at-imep\\\/\",\"name\":\"A musical June at IMEP - IMEP\",\"isPartOf\":{\"@id\":\"https:\\\/\\\/www.imep.pro\\\/#website\"},\"primaryImageOfPage\":{\"@id\":\"https:\\\/\\\/www.imep.pro\\\/en\\\/a-musical-june-at-imep\\\/#primaryimage\"},\"image\":{\"@id\":\"https:\\\/\\\/www.imep.pro\\\/en\\\/a-musical-june-at-imep\\\/#primaryimage\"},\"thumbnailUrl\":\"https:\\\/\\\/www.imep.pro\\\/wordpress\\\/wp-content\\\/uploads\\\/2023\\\/04\\\/169-1-jpg-e1717750473121.webp\",\"datePublished\":\"2023-05-26T13:58:27+00:00\",\"dateModified\":\"2023-05-26T13:58:30+00:00\",\"breadcrumb\":{\"@id\":\"https:\\\/\\\/www.imep.pro\\\/en\\\/a-musical-june-at-imep\\\/#breadcrumb\"},\"inLanguage\":\"en-US\",\"potentialAction\":[{\"@type\":\"ReadAction\",\"target\":[\"https:\\\/\\\/www.imep.pro\\\/en\\\/a-musical-june-at-imep\\\/\"]}]},{\"@type\":\"ImageObject\",\"inLanguage\":\"en-US\",\"@id\":\"https:\\\/\\\/www.imep.pro\\\/en\\\/a-musical-june-at-imep\\\/#primaryimage\",\"url\":\"https:\\\/\\\/www.imep.pro\\\/wordpress\\\/wp-content\\\/uploads\\\/2023\\\/04\\\/169-1-jpg-e1717750473121.webp\",\"contentUrl\":\"https:\\\/\\\/www.imep.pro\\\/wordpress\\\/wp-content\\\/uploads\\\/2023\\\/04\\\/169-1-jpg-e1717750473121.webp\",\"width\":1920,\"height\":1080},{\"@type\":\"BreadcrumbList\",\"@id\":\"https:\\\/\\\/www.imep.pro\\\/en\\\/a-musical-june-at-imep\\\/#breadcrumb\",\"itemListElement\":[{\"@type\":\"ListItem\",\"position\":1,\"name\":\"Accueil\",\"item\":\"https:\\\/\\\/www.imep.pro\\\/en\\\/music-school-paris\\\/\"},{\"@type\":\"ListItem\",\"position\":2,\"name\":\"Concerts\",\"item\":\"https:\\\/\\\/www.imep.pro\\\/category\\\/concerts\\\/\"},{\"@type\":\"ListItem\",\"position\":3,\"name\":\"A musical June at IMEP\"}]},{\"@type\":\"WebSite\",\"@id\":\"https:\\\/\\\/www.imep.pro\\\/#website\",\"url\":\"https:\\\/\\\/www.imep.pro\\\/\",\"name\":\"IMEP\",\"description\":\"\u266a Paris College of music \u266a\",\"publisher\":{\"@id\":\"https:\\\/\\\/www.imep.pro\\\/#organization\"},\"potentialAction\":[{\"@type\":\"SearchAction\",\"target\":{\"@type\":\"EntryPoint\",\"urlTemplate\":\"https:\\\/\\\/www.imep.pro\\\/?s={search_term_string}\"},\"query-input\":{\"@type\":\"PropertyValueSpecification\",\"valueRequired\":true,\"valueName\":\"search_term_string\"}}],\"inLanguage\":\"en-US\"},{\"@type\":\"Organization\",\"@id\":\"https:\\\/\\\/www.imep.pro\\\/#organization\",\"name\":\"IMEP Paris College of Music\",\"url\":\"https:\\\/\\\/www.imep.pro\\\/\",\"logo\":{\"@type\":\"ImageObject\",\"inLanguage\":\"en-US\",\"@id\":\"https:\\\/\\\/www.imep.pro\\\/#\\\/schema\\\/logo\\\/image\\\/\",\"url\":\"https:\\\/\\\/www.imep.pro\\\/wordpress\\\/wp-content\\\/uploads\\\/2016\\\/02\\\/cropped-imep_logo_original-favicon.png\",\"contentUrl\":\"https:\\\/\\\/www.imep.pro\\\/wordpress\\\/wp-content\\\/uploads\\\/2016\\\/02\\\/cropped-imep_logo_original-favicon.png\",\"width\":512,\"height\":512,\"caption\":\"IMEP Paris College of Music\"},\"image\":{\"@id\":\"https:\\\/\\\/www.imep.pro\\\/#\\\/schema\\\/logo\\\/image\\\/\"},\"sameAs\":[\"http:\\\/\\\/www.facebook.com\\\/imep.pro\",\"https:\\\/\\\/x.com\\\/imep_pro\",\"https:\\\/\\\/www.instagram.com\\\/imepparis\\\/\",\"https:\\\/\\\/www.linkedin.com\\\/company\\\/imep-paris-college-of-music\\\/\",\"https:\\\/\\\/www.youtube.com\\\/user\\\/imusicparis\"]},{\"@type\":\"Person\",\"@id\":\"https:\\\/\\\/www.imep.pro\\\/#\\\/schema\\\/person\\\/ed009e205d4f3fa4930c24daccc8b3b5\",\"name\":\"Anne Reinling\",\"image\":{\"@type\":\"ImageObject\",\"inLanguage\":\"en-US\",\"@id\":\"https:\\\/\\\/secure.gravatar.com\\\/avatar\\\/be0e3c9ae51dfb9a248487ec994111ccd1c9d8f5bb51d2e8fbf82339a62dfe4c?s=96&d=mm&r=g\",\"url\":\"https:\\\/\\\/secure.gravatar.com\\\/avatar\\\/be0e3c9ae51dfb9a248487ec994111ccd1c9d8f5bb51d2e8fbf82339a62dfe4c?s=96&d=mm&r=g\",\"contentUrl\":\"https:\\\/\\\/secure.gravatar.com\\\/avatar\\\/be0e3c9ae51dfb9a248487ec994111ccd1c9d8f5bb51d2e8fbf82339a62dfe4c?s=96&d=mm&r=g\",\"caption\":\"Anne Reinling\"},\"url\":\"https:\\\/\\\/www.imep.pro\\\/en\\\/author\\\/anne-reinling\\\/\"}]}<\/script>\n<!-- \/ Yoast SEO plugin. -->","yoast_head_json":{"title":"A musical June at IMEP - IMEP","robots":{"index":"index","follow":"follow","max-snippet":"max-snippet:-1","max-image-preview":"max-image-preview:large","max-video-preview":"max-video-preview:-1"},"canonical":"https:\/\/www.imep.pro\/en\/a-musical-june-at-imep\/","og_locale":"en_US","og_type":"article","og_title":"A musical June at IMEP - IMEP","og_description":"[et_pb_section fb_built=&#8221;1&#8243; _builder_version=&#8221;4.21.0&#8243; _module_preset=&#8221;default&#8221; global_colors_info=&#8221;{}&#8221;][et_pb_row _builder_version=&#8221;4.21.0&#8243; _module_preset=&#8221;default&#8221; global_colors_info=&#8221;{}&#8221;][et_pb_column type=&#8221;4_4&#8243; _builder_version=&#8221;4.21.0&#8243; _module_preset=&#8221;default&#8221; global_colors_info=&#8221;{}&#8221;][et_pb_text _builder_version=&#8221;4.21.0&#8243; _module_preset=&#8221;default&#8221; global_colors_info=&#8221;{}&#8221;] The IMEP &#8211; Paris College of Music is delighted to present its concert series for [&hellip;]","og_url":"https:\/\/www.imep.pro\/en\/a-musical-june-at-imep\/","og_site_name":"IMEP","article_publisher":"http:\/\/www.facebook.com\/imep.pro","article_published_time":"2023-05-26T13:58:27+00:00","article_modified_time":"2023-05-26T13:58:30+00:00","og_image":[{"width":1920,"height":1080,"url":"https:\/\/www.imep.pro\/wordpress\/wp-content\/uploads\/2023\/04\/169-1-jpg-e1717750473121.webp","type":"image\/jpeg"}],"author":"Anne Reinling","twitter_card":"summary_large_image","twitter_creator":"@imep_pro","twitter_site":"@imep_pro","twitter_misc":{"Written by":"Anne Reinling","Est. reading time":"4 minutes"},"schema":{"@context":"https:\/\/schema.org","@graph":[{"@type":"Article","@id":"https:\/\/www.imep.pro\/en\/a-musical-june-at-imep\/#article","isPartOf":{"@id":"https:\/\/www.imep.pro\/en\/a-musical-june-at-imep\/"},"author":{"name":"Anne Reinling","@id":"https:\/\/www.imep.pro\/#\/schema\/person\/ed009e205d4f3fa4930c24daccc8b3b5"},"headline":"A musical June at IMEP","datePublished":"2023-05-26T13:58:27+00:00","dateModified":"2023-05-26T13:58:30+00:00","mainEntityOfPage":{"@id":"https:\/\/www.imep.pro\/en\/a-musical-june-at-imep\/"},"wordCount":758,"commentCount":0,"publisher":{"@id":"https:\/\/www.imep.pro\/#organization"},"image":{"@id":"https:\/\/www.imep.pro\/en\/a-musical-june-at-imep\/#primaryimage"},"thumbnailUrl":"https:\/\/www.imep.pro\/wordpress\/wp-content\/uploads\/2023\/04\/169-1-jpg-e1717750473121.webp","articleSection":["Concerts","cycle libre","Cycle Pro","IMEP","News"],"inLanguage":"en-US","potentialAction":[{"@type":"CommentAction","name":"Comment","target":["https:\/\/www.imep.pro\/en\/a-musical-june-at-imep\/#respond"]}]},{"@type":"WebPage","@id":"https:\/\/www.imep.pro\/en\/a-musical-june-at-imep\/","url":"https:\/\/www.imep.pro\/en\/a-musical-june-at-imep\/","name":"A musical June at IMEP - IMEP","isPartOf":{"@id":"https:\/\/www.imep.pro\/#website"},"primaryImageOfPage":{"@id":"https:\/\/www.imep.pro\/en\/a-musical-june-at-imep\/#primaryimage"},"image":{"@id":"https:\/\/www.imep.pro\/en\/a-musical-june-at-imep\/#primaryimage"},"thumbnailUrl":"https:\/\/www.imep.pro\/wordpress\/wp-content\/uploads\/2023\/04\/169-1-jpg-e1717750473121.webp","datePublished":"2023-05-26T13:58:27+00:00","dateModified":"2023-05-26T13:58:30+00:00","breadcrumb":{"@id":"https:\/\/www.imep.pro\/en\/a-musical-june-at-imep\/#breadcrumb"},"inLanguage":"en-US","potentialAction":[{"@type":"ReadAction","target":["https:\/\/www.imep.pro\/en\/a-musical-june-at-imep\/"]}]},{"@type":"ImageObject","inLanguage":"en-US","@id":"https:\/\/www.imep.pro\/en\/a-musical-june-at-imep\/#primaryimage","url":"https:\/\/www.imep.pro\/wordpress\/wp-content\/uploads\/2023\/04\/169-1-jpg-e1717750473121.webp","contentUrl":"https:\/\/www.imep.pro\/wordpress\/wp-content\/uploads\/2023\/04\/169-1-jpg-e1717750473121.webp","width":1920,"height":1080},{"@type":"BreadcrumbList","@id":"https:\/\/www.imep.pro\/en\/a-musical-june-at-imep\/#breadcrumb","itemListElement":[{"@type":"ListItem","position":1,"name":"Accueil","item":"https:\/\/www.imep.pro\/en\/music-school-paris\/"},{"@type":"ListItem","position":2,"name":"Concerts","item":"https:\/\/www.imep.pro\/category\/concerts\/"},{"@type":"ListItem","position":3,"name":"A musical June at IMEP"}]},{"@type":"WebSite","@id":"https:\/\/www.imep.pro\/#website","url":"https:\/\/www.imep.pro\/","name":"IMEP","description":"\u266a Paris College of music \u266a","publisher":{"@id":"https:\/\/www.imep.pro\/#organization"},"potentialAction":[{"@type":"SearchAction","target":{"@type":"EntryPoint","urlTemplate":"https:\/\/www.imep.pro\/?s={search_term_string}"},"query-input":{"@type":"PropertyValueSpecification","valueRequired":true,"valueName":"search_term_string"}}],"inLanguage":"en-US"},{"@type":"Organization","@id":"https:\/\/www.imep.pro\/#organization","name":"IMEP Paris College of Music","url":"https:\/\/www.imep.pro\/","logo":{"@type":"ImageObject","inLanguage":"en-US","@id":"https:\/\/www.imep.pro\/#\/schema\/logo\/image\/","url":"https:\/\/www.imep.pro\/wordpress\/wp-content\/uploads\/2016\/02\/cropped-imep_logo_original-favicon.png","contentUrl":"https:\/\/www.imep.pro\/wordpress\/wp-content\/uploads\/2016\/02\/cropped-imep_logo_original-favicon.png","width":512,"height":512,"caption":"IMEP Paris College of Music"},"image":{"@id":"https:\/\/www.imep.pro\/#\/schema\/logo\/image\/"},"sameAs":["http:\/\/www.facebook.com\/imep.pro","https:\/\/x.com\/imep_pro","https:\/\/www.instagram.com\/imepparis\/","https:\/\/www.linkedin.com\/company\/imep-paris-college-of-music\/","https:\/\/www.youtube.com\/user\/imusicparis"]},{"@type":"Person","@id":"https:\/\/www.imep.pro\/#\/schema\/person\/ed009e205d4f3fa4930c24daccc8b3b5","name":"Anne Reinling","image":{"@type":"ImageObject","inLanguage":"en-US","@id":"https:\/\/secure.gravatar.com\/avatar\/be0e3c9ae51dfb9a248487ec994111ccd1c9d8f5bb51d2e8fbf82339a62dfe4c?s=96&d=mm&r=g","url":"https:\/\/secure.gravatar.com\/avatar\/be0e3c9ae51dfb9a248487ec994111ccd1c9d8f5bb51d2e8fbf82339a62dfe4c?s=96&d=mm&r=g","contentUrl":"https:\/\/secure.gravatar.com\/avatar\/be0e3c9ae51dfb9a248487ec994111ccd1c9d8f5bb51d2e8fbf82339a62dfe4c?s=96&d=mm&r=g","caption":"Anne Reinling"},"url":"https:\/\/www.imep.pro\/en\/author\/anne-reinling\/"}]}},"_links":{"self":[{"href":"https:\/\/www.imep.pro\/en\/wp-json\/wp\/v2\/posts\/251711","targetHints":{"allow":["GET"]}}],"collection":[{"href":"https:\/\/www.imep.pro\/en\/wp-json\/wp\/v2\/posts"}],"about":[{"href":"https:\/\/www.imep.pro\/en\/wp-json\/wp\/v2\/types\/post"}],"author":[{"embeddable":true,"href":"https:\/\/www.imep.pro\/en\/wp-json\/wp\/v2\/users\/7"}],"replies":[{"embeddable":true,"href":"https:\/\/www.imep.pro\/en\/wp-json\/wp\/v2\/comments?post=251711"}],"version-history":[{"count":1,"href":"https:\/\/www.imep.pro\/en\/wp-json\/wp\/v2\/posts\/251711\/revisions"}],"predecessor-version":[{"id":251712,"href":"https:\/\/www.imep.pro\/en\/wp-json\/wp\/v2\/posts\/251711\/revisions\/251712"}],"wp:featuredmedia":[{"embeddable":true,"href":"https:\/\/www.imep.pro\/en\/wp-json\/wp\/v2\/media\/251466"}],"wp:attachment":[{"href":"https:\/\/www.imep.pro\/en\/wp-json\/wp\/v2\/media?parent=251711"}],"wp:term":[{"taxonomy":"category","embeddable":true,"href":"https:\/\/www.imep.pro\/en\/wp-json\/wp\/v2\/categories?post=251711"},{"taxonomy":"post_tag","embeddable":true,"href":"https:\/\/www.imep.pro\/en\/wp-json\/wp\/v2\/tags?post=251711"},{"taxonomy":"dipi_cpt_category","embeddable":true,"href":"https:\/\/www.imep.pro\/en\/wp-json\/wp\/v2\/dipi_cpt_category?post=251711"}],"curies":[{"name":"wp","href":"https:\/\/api.w.org\/{rel}","templated":true}]}}