{"id":249267,"date":"2022-09-21T10:06:43","date_gmt":"2022-09-21T09:06:43","guid":{"rendered":"https:\/\/www.imep.pro\/alumni-sebastien-moreaux-trio\/"},"modified":"2022-09-21T10:06:48","modified_gmt":"2022-09-21T09:06:48","slug":"alumni-sebastien-moreaux-trio","status":"publish","type":"post","link":"https:\/\/www.imep.pro\/en\/alumni-sebastien-moreaux-trio\/","title":{"rendered":"Alumni : S\u00e9bastien Moreaux Trio"},"content":{"rendered":"<h3><b>Pianist and IMEP alumnus S\u00e9bastien Moreaux founded his trio in 2020 during<\/b> <a href=\"https:\/\/www.imep.pro\/stage-dete-de-bernard-vidal\/\"><b>the summer workshop of Bernard Vidal<\/b><\/a>, <b>co-founder of the school.<\/b> <\/h3>\n<p>S\u00e9bastien Moreaux Trio is a new, modern music, which is part of the new generation of jazz musicians. A refined, accessible and sensitive music. A bewitching and dynamic artistic project by its personality and its spontaneity.<\/p>\n<p>S\u00e9bastien Moreaux composes all the music, accompanied by Cyril Drap\u00e9 on double bass and Alexis Leonardon on drums, also former students of the school and the teaching staff. Mixing different currents of jazz and various influences (Gerald Clayton, Avishai Cohen, Esbj\u00f6rn Svensson among others), they were able to create a music that is their own both by the sound and by the energy of the trio.<\/p>\n<p><b>The first album<\/b> <b><i>Interseasons<\/i><\/b><b> will be released on September 30th. The trio will be in concert at the Sunside on October 13th. <\/b><\/p>\n<p><a href=\"https:\/\/bfan.link\/mirages?fbclid=IwAR2Kl6NXWJK20p3VH3ZkuzqhGZ8leDSOyWKCzCCnC1DkXutUzidnnSkEjkI\" target=\"_blank\" rel=\"noopener\">Follow S\u00e9bastien Moreaux<\/a><\/p>\n<p><iframe loading=\"lazy\" title=\"YouTube video player\" src=\"https:\/\/www.youtube.com\/embed\/VsE8LYaXHfY\" width=\"560\" height=\"315\" frameborder=\"0\" allowfullscreen=\"allowfullscreen\"><\/iframe><\/p>\n","protected":false},"excerpt":{"rendered":"<p>Pianist and IMEP alumnus S\u00e9bastien Moreaux founded his trio in 2020 during the summer workshop of Bernard Vidal, co-founder of the school. S\u00e9bastien Moreaux Trio is a new, modern music, [&hellip;]<\/p>\n","protected":false},"author":7,"featured_media":249263,"comment_status":"open","ping_status":"open","sticky":false,"template":"","format":"standard","meta":{"_et_pb_use_builder":"","_et_pb_old_content":"","_et_gb_content_width":"","footnotes":""},"categories":[159,109,80],"tags":[],"dipi_cpt_category":[],"class_list":["post-249267","post","type-post","status-publish","format-standard","has-post-thumbnail","hentry","category-alumni-en","category-anciens-eleves-en","category-concerts-en"],"yoast_head":"<!-- This site is optimized with the Yoast SEO plugin v27.4 - https:\/\/yoast.com\/product\/yoast-seo-wordpress\/ -->\n<title>Alumni : S\u00e9bastien Moreaux Trio - IMEP<\/title>\n<meta name=\"robots\" content=\"index, follow, max-snippet:-1, max-image-preview:large, max-video-preview:-1\" \/>\n<link rel=\"canonical\" href=\"https:\/\/www.imep.pro\/en\/alumni-sebastien-moreaux-trio\/\" \/>\n<meta property=\"og:locale\" content=\"en_US\" \/>\n<meta property=\"og:type\" content=\"article\" \/>\n<meta property=\"og:title\" content=\"Alumni : S\u00e9bastien Moreaux Trio - IMEP\" \/>\n<meta property=\"og:description\" content=\"Pianist and IMEP alumnus S\u00e9bastien Moreaux founded his trio in 2020 during the summer workshop of Bernard Vidal, co-founder of the school. S\u00e9bastien Moreaux Trio is a new, modern music, [&hellip;]\" \/>\n<meta property=\"og:url\" content=\"https:\/\/www.imep.pro\/en\/alumni-sebastien-moreaux-trio\/\" \/>\n<meta property=\"og:site_name\" content=\"IMEP\" \/>\n<meta property=\"article:publisher\" content=\"http:\/\/www.facebook.com\/imep.pro\" \/>\n<meta property=\"article:published_time\" content=\"2022-09-21T09:06:43+00:00\" \/>\n<meta property=\"article:modified_time\" content=\"2022-09-21T09:06:48+00:00\" \/>\n<meta property=\"og:image\" content=\"https:\/\/www.imep.pro\/wordpress\/wp-content\/uploads\/2022\/09\/interseasons-sebastien-moreaux-trio.jpg\" \/>\n\t<meta property=\"og:image:width\" content=\"2000\" \/>\n\t<meta property=\"og:image:height\" content=\"1782\" \/>\n\t<meta property=\"og:image:type\" content=\"image\/jpeg\" \/>\n<meta name=\"author\" content=\"Anne Reinling\" \/>\n<meta name=\"twitter:card\" content=\"summary_large_image\" \/>\n<meta name=\"twitter:creator\" content=\"@imep_pro\" \/>\n<meta name=\"twitter:site\" content=\"@imep_pro\" \/>\n<meta name=\"twitter:label1\" content=\"Written by\" \/>\n\t<meta name=\"twitter:data1\" content=\"Anne Reinling\" \/>\n\t<meta name=\"twitter:label2\" content=\"Est. reading time\" \/>\n\t<meta name=\"twitter:data2\" content=\"1 minute\" \/>\n<script type=\"application\/ld+json\" class=\"yoast-schema-graph\">{\"@context\":\"https:\\\/\\\/schema.org\",\"@graph\":[{\"@type\":\"Article\",\"@id\":\"https:\\\/\\\/www.imep.pro\\\/en\\\/alumni-sebastien-moreaux-trio\\\/#article\",\"isPartOf\":{\"@id\":\"https:\\\/\\\/www.imep.pro\\\/en\\\/alumni-sebastien-moreaux-trio\\\/\"},\"author\":{\"name\":\"Anne Reinling\",\"@id\":\"https:\\\/\\\/www.imep.pro\\\/#\\\/schema\\\/person\\\/ed009e205d4f3fa4930c24daccc8b3b5\"},\"headline\":\"Alumni : S\u00e9bastien Moreaux Trio\",\"datePublished\":\"2022-09-21T09:06:43+00:00\",\"dateModified\":\"2022-09-21T09:06:48+00:00\",\"mainEntityOfPage\":{\"@id\":\"https:\\\/\\\/www.imep.pro\\\/en\\\/alumni-sebastien-moreaux-trio\\\/\"},\"wordCount\":158,\"commentCount\":0,\"publisher\":{\"@id\":\"https:\\\/\\\/www.imep.pro\\\/#organization\"},\"image\":{\"@id\":\"https:\\\/\\\/www.imep.pro\\\/en\\\/alumni-sebastien-moreaux-trio\\\/#primaryimage\"},\"thumbnailUrl\":\"https:\\\/\\\/www.imep.pro\\\/wordpress\\\/wp-content\\\/uploads\\\/2022\\\/09\\\/interseasons-sebastien-moreaux-trio.jpg\",\"articleSection\":[\"Alumni\",\"Anciens \u00e9l\u00e8ves\",\"Concerts\"],\"inLanguage\":\"en-US\",\"potentialAction\":[{\"@type\":\"CommentAction\",\"name\":\"Comment\",\"target\":[\"https:\\\/\\\/www.imep.pro\\\/en\\\/alumni-sebastien-moreaux-trio\\\/#respond\"]}]},{\"@type\":\"WebPage\",\"@id\":\"https:\\\/\\\/www.imep.pro\\\/en\\\/alumni-sebastien-moreaux-trio\\\/\",\"url\":\"https:\\\/\\\/www.imep.pro\\\/en\\\/alumni-sebastien-moreaux-trio\\\/\",\"name\":\"Alumni : S\u00e9bastien Moreaux Trio - IMEP\",\"isPartOf\":{\"@id\":\"https:\\\/\\\/www.imep.pro\\\/#website\"},\"primaryImageOfPage\":{\"@id\":\"https:\\\/\\\/www.imep.pro\\\/en\\\/alumni-sebastien-moreaux-trio\\\/#primaryimage\"},\"image\":{\"@id\":\"https:\\\/\\\/www.imep.pro\\\/en\\\/alumni-sebastien-moreaux-trio\\\/#primaryimage\"},\"thumbnailUrl\":\"https:\\\/\\\/www.imep.pro\\\/wordpress\\\/wp-content\\\/uploads\\\/2022\\\/09\\\/interseasons-sebastien-moreaux-trio.jpg\",\"datePublished\":\"2022-09-21T09:06:43+00:00\",\"dateModified\":\"2022-09-21T09:06:48+00:00\",\"breadcrumb\":{\"@id\":\"https:\\\/\\\/www.imep.pro\\\/en\\\/alumni-sebastien-moreaux-trio\\\/#breadcrumb\"},\"inLanguage\":\"en-US\",\"potentialAction\":[{\"@type\":\"ReadAction\",\"target\":[\"https:\\\/\\\/www.imep.pro\\\/en\\\/alumni-sebastien-moreaux-trio\\\/\"]}]},{\"@type\":\"ImageObject\",\"inLanguage\":\"en-US\",\"@id\":\"https:\\\/\\\/www.imep.pro\\\/en\\\/alumni-sebastien-moreaux-trio\\\/#primaryimage\",\"url\":\"https:\\\/\\\/www.imep.pro\\\/wordpress\\\/wp-content\\\/uploads\\\/2022\\\/09\\\/interseasons-sebastien-moreaux-trio.jpg\",\"contentUrl\":\"https:\\\/\\\/www.imep.pro\\\/wordpress\\\/wp-content\\\/uploads\\\/2022\\\/09\\\/interseasons-sebastien-moreaux-trio.jpg\",\"width\":2000,\"height\":1782},{\"@type\":\"BreadcrumbList\",\"@id\":\"https:\\\/\\\/www.imep.pro\\\/en\\\/alumni-sebastien-moreaux-trio\\\/#breadcrumb\",\"itemListElement\":[{\"@type\":\"ListItem\",\"position\":1,\"name\":\"Accueil\",\"item\":\"https:\\\/\\\/www.imep.pro\\\/en\\\/music-school-paris\\\/\"},{\"@type\":\"ListItem\",\"position\":2,\"name\":\"Alumni\",\"item\":\"https:\\\/\\\/www.imep.pro\\\/category\\\/alumni\\\/\"},{\"@type\":\"ListItem\",\"position\":3,\"name\":\"Alumni : S\u00e9bastien Moreaux Trio\"}]},{\"@type\":\"WebSite\",\"@id\":\"https:\\\/\\\/www.imep.pro\\\/#website\",\"url\":\"https:\\\/\\\/www.imep.pro\\\/\",\"name\":\"IMEP\",\"description\":\"\u266a Paris College of music \u266a\",\"publisher\":{\"@id\":\"https:\\\/\\\/www.imep.pro\\\/#organization\"},\"potentialAction\":[{\"@type\":\"SearchAction\",\"target\":{\"@type\":\"EntryPoint\",\"urlTemplate\":\"https:\\\/\\\/www.imep.pro\\\/?s={search_term_string}\"},\"query-input\":{\"@type\":\"PropertyValueSpecification\",\"valueRequired\":true,\"valueName\":\"search_term_string\"}}],\"inLanguage\":\"en-US\"},{\"@type\":\"Organization\",\"@id\":\"https:\\\/\\\/www.imep.pro\\\/#organization\",\"name\":\"IMEP Paris College of Music\",\"url\":\"https:\\\/\\\/www.imep.pro\\\/\",\"logo\":{\"@type\":\"ImageObject\",\"inLanguage\":\"en-US\",\"@id\":\"https:\\\/\\\/www.imep.pro\\\/#\\\/schema\\\/logo\\\/image\\\/\",\"url\":\"https:\\\/\\\/www.imep.pro\\\/wordpress\\\/wp-content\\\/uploads\\\/2016\\\/02\\\/cropped-imep_logo_original-favicon.png\",\"contentUrl\":\"https:\\\/\\\/www.imep.pro\\\/wordpress\\\/wp-content\\\/uploads\\\/2016\\\/02\\\/cropped-imep_logo_original-favicon.png\",\"width\":512,\"height\":512,\"caption\":\"IMEP Paris College of Music\"},\"image\":{\"@id\":\"https:\\\/\\\/www.imep.pro\\\/#\\\/schema\\\/logo\\\/image\\\/\"},\"sameAs\":[\"http:\\\/\\\/www.facebook.com\\\/imep.pro\",\"https:\\\/\\\/x.com\\\/imep_pro\",\"https:\\\/\\\/www.instagram.com\\\/imepparis\\\/\",\"https:\\\/\\\/www.linkedin.com\\\/company\\\/imep-paris-college-of-music\\\/\",\"https:\\\/\\\/www.youtube.com\\\/user\\\/imusicparis\"]},{\"@type\":\"Person\",\"@id\":\"https:\\\/\\\/www.imep.pro\\\/#\\\/schema\\\/person\\\/ed009e205d4f3fa4930c24daccc8b3b5\",\"name\":\"Anne Reinling\",\"image\":{\"@type\":\"ImageObject\",\"inLanguage\":\"en-US\",\"@id\":\"https:\\\/\\\/secure.gravatar.com\\\/avatar\\\/be0e3c9ae51dfb9a248487ec994111ccd1c9d8f5bb51d2e8fbf82339a62dfe4c?s=96&d=mm&r=g\",\"url\":\"https:\\\/\\\/secure.gravatar.com\\\/avatar\\\/be0e3c9ae51dfb9a248487ec994111ccd1c9d8f5bb51d2e8fbf82339a62dfe4c?s=96&d=mm&r=g\",\"contentUrl\":\"https:\\\/\\\/secure.gravatar.com\\\/avatar\\\/be0e3c9ae51dfb9a248487ec994111ccd1c9d8f5bb51d2e8fbf82339a62dfe4c?s=96&d=mm&r=g\",\"caption\":\"Anne Reinling\"},\"url\":\"https:\\\/\\\/www.imep.pro\\\/en\\\/author\\\/anne-reinling\\\/\"}]}<\/script>\n<!-- \/ Yoast SEO plugin. -->","yoast_head_json":{"title":"Alumni : S\u00e9bastien Moreaux Trio - IMEP","robots":{"index":"index","follow":"follow","max-snippet":"max-snippet:-1","max-image-preview":"max-image-preview:large","max-video-preview":"max-video-preview:-1"},"canonical":"https:\/\/www.imep.pro\/en\/alumni-sebastien-moreaux-trio\/","og_locale":"en_US","og_type":"article","og_title":"Alumni : S\u00e9bastien Moreaux Trio - IMEP","og_description":"Pianist and IMEP alumnus S\u00e9bastien Moreaux founded his trio in 2020 during the summer workshop of Bernard Vidal, co-founder of the school. S\u00e9bastien Moreaux Trio is a new, modern music, [&hellip;]","og_url":"https:\/\/www.imep.pro\/en\/alumni-sebastien-moreaux-trio\/","og_site_name":"IMEP","article_publisher":"http:\/\/www.facebook.com\/imep.pro","article_published_time":"2022-09-21T09:06:43+00:00","article_modified_time":"2022-09-21T09:06:48+00:00","og_image":[{"width":2000,"height":1782,"url":"https:\/\/www.imep.pro\/wordpress\/wp-content\/uploads\/2022\/09\/interseasons-sebastien-moreaux-trio.jpg","type":"image\/jpeg"}],"author":"Anne Reinling","twitter_card":"summary_large_image","twitter_creator":"@imep_pro","twitter_site":"@imep_pro","twitter_misc":{"Written by":"Anne Reinling","Est. reading time":"1 minute"},"schema":{"@context":"https:\/\/schema.org","@graph":[{"@type":"Article","@id":"https:\/\/www.imep.pro\/en\/alumni-sebastien-moreaux-trio\/#article","isPartOf":{"@id":"https:\/\/www.imep.pro\/en\/alumni-sebastien-moreaux-trio\/"},"author":{"name":"Anne Reinling","@id":"https:\/\/www.imep.pro\/#\/schema\/person\/ed009e205d4f3fa4930c24daccc8b3b5"},"headline":"Alumni : S\u00e9bastien Moreaux Trio","datePublished":"2022-09-21T09:06:43+00:00","dateModified":"2022-09-21T09:06:48+00:00","mainEntityOfPage":{"@id":"https:\/\/www.imep.pro\/en\/alumni-sebastien-moreaux-trio\/"},"wordCount":158,"commentCount":0,"publisher":{"@id":"https:\/\/www.imep.pro\/#organization"},"image":{"@id":"https:\/\/www.imep.pro\/en\/alumni-sebastien-moreaux-trio\/#primaryimage"},"thumbnailUrl":"https:\/\/www.imep.pro\/wordpress\/wp-content\/uploads\/2022\/09\/interseasons-sebastien-moreaux-trio.jpg","articleSection":["Alumni","Anciens \u00e9l\u00e8ves","Concerts"],"inLanguage":"en-US","potentialAction":[{"@type":"CommentAction","name":"Comment","target":["https:\/\/www.imep.pro\/en\/alumni-sebastien-moreaux-trio\/#respond"]}]},{"@type":"WebPage","@id":"https:\/\/www.imep.pro\/en\/alumni-sebastien-moreaux-trio\/","url":"https:\/\/www.imep.pro\/en\/alumni-sebastien-moreaux-trio\/","name":"Alumni : S\u00e9bastien Moreaux Trio - IMEP","isPartOf":{"@id":"https:\/\/www.imep.pro\/#website"},"primaryImageOfPage":{"@id":"https:\/\/www.imep.pro\/en\/alumni-sebastien-moreaux-trio\/#primaryimage"},"image":{"@id":"https:\/\/www.imep.pro\/en\/alumni-sebastien-moreaux-trio\/#primaryimage"},"thumbnailUrl":"https:\/\/www.imep.pro\/wordpress\/wp-content\/uploads\/2022\/09\/interseasons-sebastien-moreaux-trio.jpg","datePublished":"2022-09-21T09:06:43+00:00","dateModified":"2022-09-21T09:06:48+00:00","breadcrumb":{"@id":"https:\/\/www.imep.pro\/en\/alumni-sebastien-moreaux-trio\/#breadcrumb"},"inLanguage":"en-US","potentialAction":[{"@type":"ReadAction","target":["https:\/\/www.imep.pro\/en\/alumni-sebastien-moreaux-trio\/"]}]},{"@type":"ImageObject","inLanguage":"en-US","@id":"https:\/\/www.imep.pro\/en\/alumni-sebastien-moreaux-trio\/#primaryimage","url":"https:\/\/www.imep.pro\/wordpress\/wp-content\/uploads\/2022\/09\/interseasons-sebastien-moreaux-trio.jpg","contentUrl":"https:\/\/www.imep.pro\/wordpress\/wp-content\/uploads\/2022\/09\/interseasons-sebastien-moreaux-trio.jpg","width":2000,"height":1782},{"@type":"BreadcrumbList","@id":"https:\/\/www.imep.pro\/en\/alumni-sebastien-moreaux-trio\/#breadcrumb","itemListElement":[{"@type":"ListItem","position":1,"name":"Accueil","item":"https:\/\/www.imep.pro\/en\/music-school-paris\/"},{"@type":"ListItem","position":2,"name":"Alumni","item":"https:\/\/www.imep.pro\/category\/alumni\/"},{"@type":"ListItem","position":3,"name":"Alumni : S\u00e9bastien Moreaux Trio"}]},{"@type":"WebSite","@id":"https:\/\/www.imep.pro\/#website","url":"https:\/\/www.imep.pro\/","name":"IMEP","description":"\u266a Paris College of music \u266a","publisher":{"@id":"https:\/\/www.imep.pro\/#organization"},"potentialAction":[{"@type":"SearchAction","target":{"@type":"EntryPoint","urlTemplate":"https:\/\/www.imep.pro\/?s={search_term_string}"},"query-input":{"@type":"PropertyValueSpecification","valueRequired":true,"valueName":"search_term_string"}}],"inLanguage":"en-US"},{"@type":"Organization","@id":"https:\/\/www.imep.pro\/#organization","name":"IMEP Paris College of Music","url":"https:\/\/www.imep.pro\/","logo":{"@type":"ImageObject","inLanguage":"en-US","@id":"https:\/\/www.imep.pro\/#\/schema\/logo\/image\/","url":"https:\/\/www.imep.pro\/wordpress\/wp-content\/uploads\/2016\/02\/cropped-imep_logo_original-favicon.png","contentUrl":"https:\/\/www.imep.pro\/wordpress\/wp-content\/uploads\/2016\/02\/cropped-imep_logo_original-favicon.png","width":512,"height":512,"caption":"IMEP Paris College of Music"},"image":{"@id":"https:\/\/www.imep.pro\/#\/schema\/logo\/image\/"},"sameAs":["http:\/\/www.facebook.com\/imep.pro","https:\/\/x.com\/imep_pro","https:\/\/www.instagram.com\/imepparis\/","https:\/\/www.linkedin.com\/company\/imep-paris-college-of-music\/","https:\/\/www.youtube.com\/user\/imusicparis"]},{"@type":"Person","@id":"https:\/\/www.imep.pro\/#\/schema\/person\/ed009e205d4f3fa4930c24daccc8b3b5","name":"Anne Reinling","image":{"@type":"ImageObject","inLanguage":"en-US","@id":"https:\/\/secure.gravatar.com\/avatar\/be0e3c9ae51dfb9a248487ec994111ccd1c9d8f5bb51d2e8fbf82339a62dfe4c?s=96&d=mm&r=g","url":"https:\/\/secure.gravatar.com\/avatar\/be0e3c9ae51dfb9a248487ec994111ccd1c9d8f5bb51d2e8fbf82339a62dfe4c?s=96&d=mm&r=g","contentUrl":"https:\/\/secure.gravatar.com\/avatar\/be0e3c9ae51dfb9a248487ec994111ccd1c9d8f5bb51d2e8fbf82339a62dfe4c?s=96&d=mm&r=g","caption":"Anne Reinling"},"url":"https:\/\/www.imep.pro\/en\/author\/anne-reinling\/"}]}},"_links":{"self":[{"href":"https:\/\/www.imep.pro\/en\/wp-json\/wp\/v2\/posts\/249267","targetHints":{"allow":["GET"]}}],"collection":[{"href":"https:\/\/www.imep.pro\/en\/wp-json\/wp\/v2\/posts"}],"about":[{"href":"https:\/\/www.imep.pro\/en\/wp-json\/wp\/v2\/types\/post"}],"author":[{"embeddable":true,"href":"https:\/\/www.imep.pro\/en\/wp-json\/wp\/v2\/users\/7"}],"replies":[{"embeddable":true,"href":"https:\/\/www.imep.pro\/en\/wp-json\/wp\/v2\/comments?post=249267"}],"version-history":[{"count":0,"href":"https:\/\/www.imep.pro\/en\/wp-json\/wp\/v2\/posts\/249267\/revisions"}],"wp:featuredmedia":[{"embeddable":true,"href":"https:\/\/www.imep.pro\/en\/wp-json\/wp\/v2\/media\/249263"}],"wp:attachment":[{"href":"https:\/\/www.imep.pro\/en\/wp-json\/wp\/v2\/media?parent=249267"}],"wp:term":[{"taxonomy":"category","embeddable":true,"href":"https:\/\/www.imep.pro\/en\/wp-json\/wp\/v2\/categories?post=249267"},{"taxonomy":"post_tag","embeddable":true,"href":"https:\/\/www.imep.pro\/en\/wp-json\/wp\/v2\/tags?post=249267"},{"taxonomy":"dipi_cpt_category","embeddable":true,"href":"https:\/\/www.imep.pro\/en\/wp-json\/wp\/v2\/dipi_cpt_category?post=249267"}],"curies":[{"name":"wp","href":"https:\/\/api.w.org\/{rel}","templated":true}]}}