{"id":2386,"date":"2016-05-21T06:07:59","date_gmt":"2016-05-21T05:07:59","guid":{"rendered":"http:\/\/www.imep.pro\/en\/prochains-concerts-imep-paris-college-of-music\/"},"modified":"2019-08-21T21:09:51","modified_gmt":"2019-08-21T20:09:51","slug":"concerts-2016","status":"publish","type":"post","link":"https:\/\/www.imep.pro\/en\/concerts-2016\/","title":{"rendered":"Prochains Concerts 2016"},"content":{"rendered":"<p>[et_pb_section bb_built=&#8221;1&#8243; admin_label=&#8221;section&#8221; inner_width=&#8221;auto&#8221; inner_max_width=&#8221;1080px&#8221;][et_pb_row admin_label=&#8221;row&#8221; background_position=&#8221;top_left&#8221; background_repeat=&#8221;repeat&#8221; background_size=&#8221;initial&#8221; width=&#8221;80%&#8221; max_width=&#8221;1080px&#8221;][et_pb_column type=&#8221;4_4&#8243; custom_padding__hover=&#8221;|||&#8221; custom_padding=&#8221;|||&#8221;][et_pb_text background_layout=&#8221;light&#8221; text_orientation=&#8221;left&#8221; use_border_color=&#8221;off&#8221; border_color=&#8221;#ffffff&#8221; border_style=&#8221;solid&#8221; background_position=&#8221;top_left&#8221; background_repeat=&#8221;repeat&#8221; background_size=&#8221;initial&#8221; _builder_version=&#8221;3.27.2&#8243;]<\/p>\n<h2 class=\"sous-section\">Concerts IMEP<\/h2>\n<p>Les concerts de saison que nous organisons\u00a0sont l&#8217;occasion de d\u00e9couvrir nos meilleures formations pr\u00e9sentant leur travail au sein\u00a0d&#8217;un r\u00e9pertoire vari\u00e9, et de passer une bonne soir\u00e9e. C&#8217;est aussi l&#8217;opportunit\u00e9\u00a0pour les \u00e9tudiants, anciens et nouveaux, de se rencontrer, de partager, et d&#8217;\u00e9changer musicalement\u00a0entre eux. Les professeurs de l&#8217; IMEP ne sont g\u00e9n\u00e9ralement pas loin et sont heureux de pouvoir \u00e9changer avec les \u00e9tudiants dans un contexte diff\u00e9rent de celui des cours. Nos concerts IMEP donnent vie \u00e0 de beaux moments de musique, de f\u00eate et de convivialit\u00e9 \u00e0 ne pas manquer!<\/p>\n<p>[\/et_pb_text][\/et_pb_column][\/et_pb_row][et_pb_row admin_label=&#8221;row&#8221; background_position=&#8221;top_left&#8221; background_repeat=&#8221;repeat&#8221; background_size=&#8221;initial&#8221; width=&#8221;80%&#8221; max_width=&#8221;1080px&#8221;][et_pb_column type=&#8221;1_3&#8243; custom_padding__hover=&#8221;|||&#8221; custom_padding=&#8221;|||&#8221;][et_pb_text background_layout=&#8221;light&#8221; text_orientation=&#8221;left&#8221; use_border_color=&#8221;off&#8221; border_color=&#8221;#ffffff&#8221; border_style=&#8221;solid&#8221; background_position=&#8221;top_left&#8221; background_repeat=&#8221;repeat&#8221; background_size=&#8221;initial&#8221;]<\/p>\n<h2 class=\"sous-section\">Grand concert de fin d&#8217;ann\u00e9e avec ensembles et\u00a0Big Band<\/h2>\n<p style=\"text-align: left;\">Dimanche 5 juin 2016 au\u00a0Studio de l&#8217;Ermitage\u00a08 rue de l\u2019ermitage\u00a075020 PARIS\u00a0T\u00e9l : 01 44 62 02 86<\/p>\n<p style=\"text-align: left;\"><strong>Les \u00e9tudiants de 5\u00e8me ann\u00e9e dirigeront leurs arrangements\u00a0assortis de quelques reprises avec le Big Band de l&#8217;IMEP Paris College of Music<\/strong><\/p>\n<p>En 1ere partie vous pourrez d\u00e9couvrir trois ensembles de 5\u00e8me ann\u00e9e<\/p>\n<p>[\/et_pb_text][\/et_pb_column][et_pb_column type=&#8221;2_3&#8243; custom_padding__hover=&#8221;|||&#8221; custom_padding=&#8221;|||&#8221;][et_pb_image admin_label=&#8221;affiche BB 5 juin 2016&#8243; src=&#8221;http:\/\/www.imep.pro\/wordpress\/wp-content\/uploads\/2016\/05\/Concert-Ermitage-5-juin-2016.jpg&#8221; show_in_lightbox=&#8221;off&#8221; url_new_window=&#8221;off&#8221; use_overlay=&#8221;off&#8221; animation=&#8221;left&#8221; sticky=&#8221;off&#8221; align=&#8221;left&#8221; force_fullwidth=&#8221;off&#8221; always_center_on_mobile=&#8221;on&#8221; use_border_color=&#8221;off&#8221; border_color=&#8221;#ffffff&#8221; border_style=&#8221;solid&#8221; animation_style=&#8221;slide&#8221; animation_duration=&#8221;500ms&#8221; animation_intensity_slide=&#8221;10%&#8221; animation_direction=&#8221;left&#8221; show_bottom_space=&#8221;on&#8221; align_last_edited=&#8221;on|desktop&#8221; align_tablet=&#8221;center&#8221;]<\/p>\n<p><\/p>\n<p>[\/et_pb_image][\/et_pb_column][\/et_pb_row][et_pb_row background_position=&#8221;top_left&#8221; background_repeat=&#8221;repeat&#8221; background_size=&#8221;initial&#8221; width=&#8221;80%&#8221; max_width=&#8221;1080px&#8221;][et_pb_column type=&#8221;4_4&#8243; custom_padding__hover=&#8221;|||&#8221; custom_padding=&#8221;|||&#8221;][et_pb_text admin_label=&#8221;Combos&#8221; background_layout=&#8221;light&#8221; text_orientation=&#8221;left&#8221; use_border_color=&#8221;off&#8221; border_color=&#8221;#ffffff&#8221; border_style=&#8221;solid&#8221; background_position=&#8221;top_left&#8221; background_repeat=&#8221;repeat&#8221; background_size=&#8221;initial&#8221;]<\/p>\n<p style=\"text-align: left;\"><strong>Direction musicale Ensembles : Rick Margitza, Tony Saba, Bernard Vidal<\/strong><\/p>\n<p>Johann Beaudufe \u2013 guitare, \u00a0Jeremy Quentin \u2013 guitare, Paul Oxby \u2013 contrebasse, Gabriel Lopez &#8211; batterie<br \/>\nThomas Nivert \u2013 guitare, Eyal Naim &#8211; piano,\u00a0Felix Bussienne &#8211; basse, Leopold Godart &#8211; batterie<br \/>\nRobin Nitram \u2013 guitare, Bastien Legros &#8211; guitare, Camille Molinos \u2013 guitare ,Eric Delblond &#8211; basse, Camille Dupeyron &#8211; batterie<br \/>\nTommy Lasnier &#8211; guitare, Edgar Meunier &#8211; guitare, Elliot Langlois &#8211; basse, Jordan Caron &#8211; batterie<\/p>\n<p>&nbsp;<\/p>\n<p>[\/et_pb_text][et_pb_text admin_label=&#8221;Programme BB&#8221; background_layout=&#8221;light&#8221; text_orientation=&#8221;left&#8221; use_border_color=&#8221;off&#8221; border_color=&#8221;#ffffff&#8221; border_style=&#8221;solid&#8221; background_position=&#8221;top_left&#8221; background_repeat=&#8221;repeat&#8221; background_size=&#8221;initial&#8221;]<\/p>\n<p style=\"text-align: left;\"><strong>Programme du Big Band<\/strong><\/p>\n<p style=\"text-align: center;\"><strong>1\u00e8re partie<\/strong><\/p>\n<p><strong>The Chicken\u00a0<\/strong>(Alfred James Ellis) transcription-arrangement Fran\u00e7ois Fichu<\/p>\n<p><strong>Birdland<\/strong> (Wether Report), arrang\u00e9 par George Dessaux<\/p>\n<p><em>&#8220;Weather Report est un groupe que j&#8217;ai d\u00e9couvert tr\u00e8s t\u00f4t dans mon initiation au jazz, notamment \u00e0\u00a0travers le c\u00e9l\u00e8bre\u00a0bassiste Jaco Pastorius. Leurs compositions m\u00ealant des\u00a0m\u00e9lodies simples,\u00a0\u00e0 des\u00a0\u00a0grooves nerveux\u00a0m&#8217;ont toujours \u00a0\u00e9norm\u00e9ment plu et\u00a0beaucoup influenc\u00e9. Le morceau Birdland, sorti sur l&#8217;album &#8220;Heavy Weather&#8221; en 1977,\u00a0est un des premiers morceaux que j&#8217;ai entendu de ce groupe mythique et je n&#8217;arrive toujours pas \u00e0 m&#8217;en lasser\u00a0! &#8220;<\/em><\/p>\n<p><strong>Retour vers le Futur\u00a0<\/strong>(Alan Silvestri), arrang\u00e9 par Camille Molinos<\/p>\n<p><em>&#8221; Il est int\u00e9ressant de voir comment trois notes peuvent \u00eatre utilis\u00e9es et d\u00e9velopp\u00e9es en musique, c&#8217;est ce qu&#8217;\u00e0 r\u00e9ussi \u00e0 faire avec brio Alan Silvestri pour la bande originale du film retour vers le futur, un des films qui m&#8217;a le plus marqu\u00e9 durant mon enfance. La t\u00e2che n&#8217;\u00e9tait vraiment pas \u00e9vidente puisqu&#8217;en effet ce th\u00e8me est d\u00e9j\u00e0 arrang\u00e9. Comme le morceau original est interpr\u00e9t\u00e9 par un orchestre symphonique, j&#8217;ai du faire une r\u00e9duction pour le big band. Ce morceau a donc \u00e9t\u00e9 un bon challenge pour moi&#8221;<\/em><\/p>\n<p><strong>Tempo de Amor \/ Mas que Nada<\/strong>\u00a0(Vinicius de Moraes, Baden Powell, George Ben); meddley arrang\u00e9 par Lorenzo Liuzzi<\/p>\n<p><em>&#8220;Je suis tomb\u00e9 amoureux tr\u00e8s jeune de la musique br\u00e9silienne, avant m\u00eame de conna\u00eetre le jazz, comme d\u2019un univers plein de couleurs et po\u00e9sie, de rythme et \u00e9nergie qui viennent de la terre, et de saudade, l\u2019aigre-douce m\u00e9lancolie de vivre et d\u2019aimer que nous appelons le blues. Pendant ces ann\u00e9es d\u2019\u00e9cole, en passant par le jazz, qui en est cousin, j\u2019ai retrouv\u00e9 cette musique qui a toujours \u00e9t\u00e9 la pour moi, et j\u2019ai voulu la faire vivre, cette fois-ci en tant que musicien.&#8221;<\/em><\/p>\n<p><strong>Punjab<\/strong> (Joe Henderson) arrang\u00e9 par Oscar Richardson<\/p>\n<p><em>\u00ab\u00a0cette composition (\u00e0 mes yeux) rassemble les ingr\u00e9dients fondamentaux du jazz : un zeste de Bop, 1 litre de modernit\u00e9 harmonique, 10kg de swing et la possibilit\u00e9 de d\u00e9guster en petite formation ou en Big Band (\u00e0 consommer sans mod\u00e9ration)\u00bb\u00a0<\/em><\/p>\n<p><strong>Carmen<\/strong> (Georges Bizet), arrang\u00e9 par Eric Delblond<\/p>\n<p><em>\u00ab\u00a0J\u2019ai eu la chance il y a quelques ann\u00e9es de cela, de chanter en choral \u00ab \u00a0l\u2019amour est un oiseau rebelle\u00a0\u00bb , magnifique th\u00e8me issu du 1er acte de l\u2019op\u00e9ra \u00ab\u00a0Carmen\u00a0\u00bb de Georges Bizet. Cette m\u00e9lodie, que nous avons \u00e9t\u00e9 nombreux \u00e0 fredonner un jour, m\u2019est revenue \u00e0 l\u2019esprit il y a peu. La curiosit\u00e9, l\u2019exploration de l\u2019inconnu sont pour moi dans la vie, comme dans la musique de vrais stimulateurs. Je suis ainsi parti en prospection d\u2019une r\u00e9interpr\u00e9tation de cet air populaire classique, en un arrangement pour big band jazz.\u00a0\u00bb<\/em><\/p>\n<p><strong>Lady Madonna<\/strong> (Arr. Julien Droz-Vincent\u00a0)<\/p>\n<p><em>\u00ab\u00a0Les Beatles font partie de mes racines. Ce sont les premi\u00e8res m\u00e9lodies que j\u2019ai apprises \u00e0 fredonner. Cl\u00f4turer mes 5 ans \u00e0 l\u2019IMEP avec cet arrangement de \u00ab\u00a0Lady Madonna\u00a0\u00bb est autant un retour aux sources qu\u2019un t\u00e9moignage de mon \u00e9volution en tant que musicien et arrangeur. Mon choix s\u2019est port\u00e9 sur ce titre en particulier pour son th\u00e8me simple et son riff central, accrocheur, qui permet une relecture swing au service du Big Band\u00bb<\/em><\/p>\n<p><strong>Beat It<\/strong> (Michael Jackson), arrang\u00e9 par Alexandre Sacleux<br \/>\n<em> &#8220;Depuis le d\u00e9but j\u2019ai con\u00e7u ce projet comme la conclusion de mon temps \u00e0 L\u2019IMEP , l\u2019avant et\u00a0apr\u00e8s captur\u00e9s dans un morceau. C\u2019est pourquoi j\u2019ai voulu regrouper mes racines musicales , mes influences et \u00a0mes acquis pendant 5 ans d\u2019aventure dans ce projet final .\u00a0Quoi de mieux qu\u2019 un morceau aussi mythique que Beat it revisit\u00e9 dans un style latin et arrang\u00e9 pour Big Band ?&#8221;<\/em><\/p>\n<p style=\"text-align: center;\"><strong>2\u00e8me partie<\/strong><\/p>\n<p><strong>Avenue C<\/strong> (Buck Clayton) version Count Basie orchestra, enregistr\u00e9e en mai 1945<\/p>\n<p><strong>Hold Tight<\/strong>\u00a0(paroles et musique Brandow, Robinson et De Sylva), tel qu&#8217;enregistr\u00e9 par les Andrews Sisters avec le Jimmy Dorsey Orchestra en novembre 1938<\/p>\n<p><strong>Isn&#8217;t She Lovely<\/strong>\u00a0(Stevie Wonder), arrang\u00e9 par Iantra Razanamaehfa<\/p>\n<p><em>\u00ab\u00a0La musique motown et ses d\u00e9riv\u00e9s m&#8217;a toujours berc\u00e9 depuis longtemps. Les tous premiers artistes internationaux que j&#8217;ai connu \u00e9tait Michael Jackson, Whitney Houston et Stevie Wonder. Isn&#8217;t she lovely est un des morceaux les plus connus de Stevie Wonder, un titre universel. Je propose ici un arrangement qui r\u00e9unit le jazz et le rythme le plus populaire de Madagascar : le Salegy. Ca sera le tout premier salegy arrang\u00e9 et jou\u00e9 par un orchestre complet de bigband. Retour aux sources et au roots!\u00a0\u00bb<\/em><\/p>\n<p><strong>Starless<\/strong> (Comp. John Wetton, King Crimson), arrang\u00e9 par Bastien Legros<\/p>\n<p><em>&#8220;La premi\u00e8re fois que j&#8217;ai entendu King Crimson, ce fut avec l&#8217;album In the \u00ab\u00a0Court of the Crimson King\u00a0\u00bb. Ce son unique eut sur moi un impact imm\u00e9diat, je n&#8217;avais alors jamais entendu une musique aussi ambigu\u00eb, entre joie et peine, tant\u00f4t triomphante puis plaintive. Cette atmosph\u00e8re musicale \u00e9tait pour moi une r\u00e9v\u00e9lation. Si j&#8217;ai choisi Starless\u00a0(originellement Starless and Bible Black, de l&#8217;album\u00a0\u00e9ponyme), c&#8217;est parce que, \u00e0 mon sens, ce morceau repr\u00e9sente tout \u00e0 fait cette ambigu\u00eft\u00e9. Cet arrangement pour Big Band a \u00e9t\u00e9 pour moi l&#8217;occasion d&#8217;essayer de nouvelles couleurs, tout en gardant cette atmosph\u00e8re si particuli\u00e8re.&#8221;<\/em><\/p>\n<p><strong>Money<\/strong> (Roger Waters), arrang\u00e9 par Robin Nitram<\/p>\n<p><em>\u00ab\u00a0Cet arrangement Big Band est l&#8217;aboutissement de cinq ann\u00e9es d&#8217;\u00e9tudes du jazz bebop au jazz moderne.\u00a0Mon choix s&#8217;est donc port\u00e9 sur Money (Roger Waters), ce qui m&#8217;a inspir\u00e9 un arrangement assez in\u00e9dit entre modernit\u00e9 et tradition. Bonne \u00e9coute.\u00a0\u00bb<\/em><\/p>\n<p><strong>Whole lotta love<\/strong> (Led Zepplin), arrang\u00e9 par Johann Beaudufe<\/p>\n<p><em>\u00ab\u00a0Retour aux sources pour ce projet de fin d\u2019\u00e9tude. Hommage \u00e0 un groupe culte dont la musique est toujours dans un recoin de ma t\u00eate, Led Zeppelin. Quand au morceaux, un riff simple mais ravageur qui puise sa source et sa simplicit\u00e9 dans la plus grande tradition du blues. Par d\u00e9fi et par curiosit\u00e9 j\u2019ai donc essay\u00e9 de m\u00ealer ces \u00e9l\u00e9ments \u00e0 la puissance et la richesse du Big band gr\u00e2ce \u00e0 mes diverses influences\u00a0et de cr\u00e9er un pont entre deux styles de musique que j\u2019affectionne tout particuli\u00e8rement, le hard rock et le jazz.\u00a0\u00bb<\/em><\/p>\n<p style=\"text-align: center;\"><strong>Musiciens<\/strong><\/p>\n<p><strong>Saxophones<\/strong>\u00a0: Philippe Hilfiker, Martin Tedeschi, Iantra Razanamahefa, Antoine Lebouc, J\u00e9r\u00f4me Paoletti<\/p>\n<p><strong>Trompettes<\/strong>\u00a0: Philippe Larrere, Jean-Marie Barrere, Denis Jusseaume, R\u00e9mi Roux-Probel, Axel Touron<\/p>\n<p><strong>Trombones<\/strong>\u00a0: Ramon Fossati, Fran\u00e7ois Fichu, Guy Von Gaudecker, Olivier Llugani<\/p>\n<p><strong>Section rythmique<\/strong>\u00a0: Lorenzo Liuzzi (piano), Alex Sacleux (guitare), George Dessaux (basse), Gustav Gyrst (batterie)<\/p>\n<p><strong>Chant<\/strong>\u00a0: avec le Big Band sur \u00ab\u00a0Hold Tight\u00a0\u00bb\u00a0: Alfya Magdeeva, Emilie Forbin, Clara Barry. sur Beat it\u00a0: Johanne Vik, sur le Meddley Tempo de Amor \/ Mas que Nada\u00a0: Sara Longo<\/p>\n<p><strong>Autres invit\u00e9s<\/strong>\u00a0: Eric Delblond,\u00a0(basse sur Birdland), Radoniaina Rakotorahalahy (Batterie sur Isn&#8217;t She Lovely)<\/p>\n<p><strong>Direction artistique et musicale<\/strong>\u00a0: Fran\u00e7ois Fichu, Phil Hilfiker, Sylvain Bellegarde<\/p>\n<p style=\"text-align: center;\"><strong>Un concert\u00a0IMEP\u00a0<\/strong><\/p>\n<p>[\/et_pb_text][\/et_pb_column][\/et_pb_row][et_pb_row background_position=&#8221;top_left&#8221; background_repeat=&#8221;repeat&#8221; background_size=&#8221;initial&#8221; width=&#8221;80%&#8221; max_width=&#8221;1080px&#8221;][et_pb_column type=&#8221;1_3&#8243; custom_padding__hover=&#8221;|||&#8221; custom_padding=&#8221;|||&#8221;][et_pb_text admin_label=&#8221;Concert 12 juin sunside&#8221; background_layout=&#8221;light&#8221; text_orientation=&#8221;left&#8221; use_border_color=&#8221;off&#8221; border_color=&#8221;#ffffff&#8221; border_style=&#8221;solid&#8221; background_position=&#8221;top_left&#8221; background_repeat=&#8221;repeat&#8221; background_size=&#8221;initial&#8221;]<\/p>\n<h2 class=\"sous-section\"><a id=\"12 juin Sunset 2016\"><\/a>Concert IMEP ensembles du Cycle pro\u00a0au <a href=\"http:\/\/www.sunset-sunside.com\/concert\/2016\/6\/\" target=\"_blank\" rel=\"noopener noreferrer\">Sunside<\/a><\/h2>\n<p>&nbsp;<\/p>\n<p>Dimanche\u00a012 juin \u00e0 partir de 20h<\/p>\n<p>&nbsp;<\/p>\n<p>&nbsp;<\/p>\n<p>&nbsp;<\/p>\n<p>&nbsp;<\/p>\n<p>&nbsp;<\/p>\n<p>&nbsp;<\/p>\n<p>&nbsp;<\/p>\n<p>.<\/p>\n<p>[\/et_pb_text][\/et_pb_column][et_pb_column type=&#8221;2_3&#8243; custom_padding__hover=&#8221;|||&#8221; custom_padding=&#8221;|||&#8221;][et_pb_image admin_label=&#8221;affiche sunside 12 juin&#8221; src=&#8221;http:\/\/www.imep.pro\/wordpress\/wp-content\/uploads\/2016\/05\/Concert-Sunside-2016.jpg&#8221; show_in_lightbox=&#8221;off&#8221; url_new_window=&#8221;off&#8221; use_overlay=&#8221;off&#8221; animation=&#8221;left&#8221; sticky=&#8221;off&#8221; align=&#8221;left&#8221; force_fullwidth=&#8221;off&#8221; always_center_on_mobile=&#8221;on&#8221; use_border_color=&#8221;off&#8221; border_color=&#8221;#ffffff&#8221; border_style=&#8221;solid&#8221; animation_style=&#8221;slide&#8221; animation_duration=&#8221;500ms&#8221; animation_intensity_slide=&#8221;10%&#8221; animation_direction=&#8221;left&#8221; show_bottom_space=&#8221;on&#8221; align_last_edited=&#8221;on|desktop&#8221; align_tablet=&#8221;center&#8221;]<\/p>\n<p><\/p>\n<p>[\/et_pb_image][\/et_pb_column][\/et_pb_row][et_pb_row background_position=&#8221;top_left&#8221; background_repeat=&#8221;repeat&#8221; background_size=&#8221;initial&#8221; width=&#8221;80%&#8221; max_width=&#8221;1080px&#8221;][et_pb_column type=&#8221;1_3&#8243; custom_padding__hover=&#8221;|||&#8221; custom_padding=&#8221;|||&#8221;][et_pb_text admin_label=&#8221;Concert CL 13 juin&#8221; background_layout=&#8221;light&#8221; text_orientation=&#8221;left&#8221; use_border_color=&#8221;off&#8221; border_color=&#8221;#ffffff&#8221; border_style=&#8221;solid&#8221; background_position=&#8221;top_left&#8221; background_repeat=&#8221;repeat&#8221; background_size=&#8221;initial&#8221;]<\/p>\n<h2 class=\"sous-section\">Concert\u00a0IMEP\u00a0Cycle libre au <a href=\"http:\/\/www.cafeuniversel.com\" target=\"_blank\" rel=\"noopener noreferrer\">Caf\u00e9 Universel<\/a><\/h2>\n<p>&nbsp;<\/p>\n<p>Lundi 13\u00a0juin \u00e0 partir de 20h<\/p>\n<p>&nbsp;<\/p>\n<p>&nbsp;<\/p>\n<p>&nbsp;<\/p>\n<p>&nbsp;<\/p>\n<p>&nbsp;<\/p>\n<p>&nbsp;<\/p>\n<p>&nbsp;<\/p>\n<p>.<\/p>\n<p>[\/et_pb_text][\/et_pb_column][et_pb_column type=&#8221;2_3&#8243; custom_padding__hover=&#8221;|||&#8221; custom_padding=&#8221;|||&#8221;][et_pb_image admin_label=&#8221;affiche kfu &#8221; src=&#8221;http:\/\/www.imep.pro\/wordpress\/wp-content\/uploads\/2016\/05\/concert-kfu-CL-2016.jpg&#8221; show_in_lightbox=&#8221;off&#8221; url_new_window=&#8221;off&#8221; use_overlay=&#8221;off&#8221; animation=&#8221;left&#8221; sticky=&#8221;off&#8221; align=&#8221;left&#8221; force_fullwidth=&#8221;off&#8221; always_center_on_mobile=&#8221;on&#8221; use_border_color=&#8221;off&#8221; border_color=&#8221;#ffffff&#8221; border_style=&#8221;solid&#8221; animation_style=&#8221;slide&#8221; animation_duration=&#8221;500ms&#8221; animation_intensity_slide=&#8221;10%&#8221; animation_direction=&#8221;left&#8221; show_bottom_space=&#8221;on&#8221; align_last_edited=&#8221;on|desktop&#8221; align_tablet=&#8221;center&#8221;]<\/p>\n<p><\/p>\n<p>[\/et_pb_image][\/et_pb_column][\/et_pb_row][et_pb_row background_position=&#8221;top_left&#8221; background_repeat=&#8221;repeat&#8221; background_size=&#8221;initial&#8221; width=&#8221;80%&#8221; max_width=&#8221;1080px&#8221;][et_pb_column type=&#8221;1_3&#8243; custom_padding__hover=&#8221;|||&#8221; custom_padding=&#8221;|||&#8221;][et_pb_text admin_label=&#8221;Concert 14 juin entrep\u00f4t&#8221; background_layout=&#8221;light&#8221; text_orientation=&#8221;left&#8221; use_border_color=&#8221;off&#8221; border_color=&#8221;#ffffff&#8221; border_style=&#8221;solid&#8221; background_position=&#8221;top_left&#8221; background_repeat=&#8221;repeat&#8221; background_size=&#8221;initial&#8221;]<\/p>\n<h2 class=\"sous-section\">Concert IMEP Cycle libre \u00e0 l&#8217;<a href=\"http:\/\/lentrepot.fr\" target=\"_blank\" rel=\"noopener noreferrer\">Entrep\u00f4t<\/a><\/h2>\n<p>&nbsp;<\/p>\n<p>Mardi 14\u00a0juin \u00e0 partir de 20h<\/p>\n<p>&nbsp;<\/p>\n<p>&nbsp;<\/p>\n<p>&nbsp;<\/p>\n<p>&nbsp;<\/p>\n<p>&nbsp;<\/p>\n<p>&nbsp;<\/p>\n<p>&nbsp;<\/p>\n<p>.<\/p>\n<p>[\/et_pb_text][\/et_pb_column][et_pb_column type=&#8221;2_3&#8243; custom_padding__hover=&#8221;|||&#8221; custom_padding=&#8221;|||&#8221;][et_pb_image admin_label=&#8221;affiche entrep\u00f4t 14 juin&#8221; src=&#8221;http:\/\/www.imep.pro\/wordpress\/wp-content\/uploads\/2016\/05\/Concert-CL-Entrepot-CL-2016.jpg&#8221; show_in_lightbox=&#8221;off&#8221; url_new_window=&#8221;off&#8221; use_overlay=&#8221;off&#8221; animation=&#8221;left&#8221; sticky=&#8221;off&#8221; align=&#8221;left&#8221; force_fullwidth=&#8221;off&#8221; always_center_on_mobile=&#8221;on&#8221; use_border_color=&#8221;off&#8221; border_color=&#8221;#ffffff&#8221; border_style=&#8221;solid&#8221; animation_style=&#8221;slide&#8221; animation_duration=&#8221;500ms&#8221; animation_intensity_slide=&#8221;10%&#8221; animation_direction=&#8221;left&#8221; show_bottom_space=&#8221;on&#8221; align_last_edited=&#8221;on|desktop&#8221; align_tablet=&#8221;center&#8221;]<\/p>\n<p><\/p>\n<p>[\/et_pb_image][\/et_pb_column][\/et_pb_row][\/et_pb_section]<\/p>\n","protected":false},"excerpt":{"rendered":"<p>[et_pb_section bb_built=&#8221;1&#8243; admin_label=&#8221;section&#8221; inner_width=&#8221;auto&#8221; inner_max_width=&#8221;1080px&#8221;][et_pb_row admin_label=&#8221;row&#8221; background_position=&#8221;top_left&#8221; background_repeat=&#8221;repeat&#8221; background_size=&#8221;initial&#8221; width=&#8221;80%&#8221; max_width=&#8221;1080px&#8221;][et_pb_column type=&#8221;4_4&#8243; custom_padding__hover=&#8221;|||&#8221; custom_padding=&#8221;|||&#8221;][et_pb_text background_layout=&#8221;light&#8221; text_orientation=&#8221;left&#8221; use_border_color=&#8221;off&#8221; border_color=&#8221;#ffffff&#8221; border_style=&#8221;solid&#8221; background_position=&#8221;top_left&#8221; background_repeat=&#8221;repeat&#8221; background_size=&#8221;initial&#8221; _builder_version=&#8221;3.27.2&#8243;] Concerts IMEP Les concerts de saison que [&hellip;]<\/p>\n","protected":false},"author":5,"featured_media":7560,"comment_status":"open","ping_status":"open","sticky":false,"template":"","format":"standard","meta":{"_et_pb_use_builder":"","_et_pb_old_content":"","_et_gb_content_width":"","footnotes":""},"categories":[80],"tags":[],"dipi_cpt_category":[],"class_list":["post-2386","post","type-post","status-publish","format-standard","has-post-thumbnail","hentry","category-concerts-en"],"yoast_head":"<!-- This site is optimized with the Yoast SEO plugin v27.4 - https:\/\/yoast.com\/product\/yoast-seo-wordpress\/ -->\n<title>Prochains Concerts 2016 - IMEP<\/title>\n<meta name=\"description\" content=\"D\u00e9couvrez les prochains concerts 2016 de l&#039;IMEP et jam sessions. IMEP Paris College of Music, \u00e9cole de jazz et de formation musicale \u00e0 Paris\" \/>\n<meta name=\"robots\" content=\"index, follow, max-snippet:-1, max-image-preview:large, max-video-preview:-1\" \/>\n<link rel=\"canonical\" href=\"https:\/\/www.imep.pro\/en\/concerts-2016\/\" \/>\n<meta property=\"og:locale\" content=\"en_US\" \/>\n<meta property=\"og:type\" content=\"article\" \/>\n<meta property=\"og:title\" content=\"Prochains Concerts 2016 - IMEP\" \/>\n<meta property=\"og:description\" content=\"D\u00e9couvrez les prochains concerts 2016 de l&#039;IMEP et jam sessions. IMEP Paris College of Music, \u00e9cole de jazz et de formation musicale \u00e0 Paris\" \/>\n<meta property=\"og:url\" content=\"https:\/\/www.imep.pro\/en\/concerts-2016\/\" \/>\n<meta property=\"og:site_name\" content=\"IMEP\" \/>\n<meta property=\"article:publisher\" content=\"http:\/\/www.facebook.com\/imep.pro\" \/>\n<meta property=\"article:author\" content=\"https:\/\/www.facebook.com\/monartagency\/\" \/>\n<meta property=\"article:published_time\" content=\"2016-05-21T05:07:59+00:00\" \/>\n<meta property=\"article:modified_time\" content=\"2019-08-21T20:09:51+00:00\" \/>\n<meta property=\"og:image\" content=\"https:\/\/www.imep.pro\/wordpress\/wp-content\/uploads\/2016\/05\/Studioermitage.jpg\" \/>\n\t<meta property=\"og:image:width\" content=\"1000\" \/>\n\t<meta property=\"og:image:height\" content=\"314\" \/>\n\t<meta property=\"og:image:type\" content=\"image\/jpeg\" \/>\n<meta name=\"author\" content=\"Monart Agency\" \/>\n<meta name=\"twitter:card\" content=\"summary_large_image\" \/>\n<meta name=\"twitter:creator\" content=\"@monartagency\" \/>\n<meta name=\"twitter:site\" content=\"@imep_pro\" \/>\n<meta name=\"twitter:label1\" content=\"Written by\" \/>\n\t<meta name=\"twitter:data1\" content=\"Monart Agency\" \/>\n\t<meta name=\"twitter:label2\" content=\"Est. reading time\" \/>\n\t<meta name=\"twitter:data2\" content=\"11 minutes\" \/>\n<script type=\"application\/ld+json\" class=\"yoast-schema-graph\">{\"@context\":\"https:\\\/\\\/schema.org\",\"@graph\":[{\"@type\":\"Article\",\"@id\":\"https:\\\/\\\/www.imep.pro\\\/en\\\/concerts-2016\\\/#article\",\"isPartOf\":{\"@id\":\"https:\\\/\\\/www.imep.pro\\\/en\\\/concerts-2016\\\/\"},\"author\":{\"name\":\"Monart Agency\",\"@id\":\"https:\\\/\\\/www.imep.pro\\\/#\\\/schema\\\/person\\\/47604aeec7b3f95425adb978491a0bcb\"},\"headline\":\"Prochains Concerts 2016\",\"datePublished\":\"2016-05-21T05:07:59+00:00\",\"dateModified\":\"2019-08-21T20:09:51+00:00\",\"mainEntityOfPage\":{\"@id\":\"https:\\\/\\\/www.imep.pro\\\/en\\\/concerts-2016\\\/\"},\"wordCount\":2323,\"commentCount\":0,\"publisher\":{\"@id\":\"https:\\\/\\\/www.imep.pro\\\/#organization\"},\"image\":{\"@id\":\"https:\\\/\\\/www.imep.pro\\\/en\\\/concerts-2016\\\/#primaryimage\"},\"thumbnailUrl\":\"https:\\\/\\\/www.imep.pro\\\/wordpress\\\/wp-content\\\/uploads\\\/2016\\\/05\\\/Studioermitage.jpg\",\"articleSection\":[\"Concerts\"],\"inLanguage\":\"en-US\",\"potentialAction\":[{\"@type\":\"CommentAction\",\"name\":\"Comment\",\"target\":[\"https:\\\/\\\/www.imep.pro\\\/en\\\/concerts-2016\\\/#respond\"]}]},{\"@type\":\"WebPage\",\"@id\":\"https:\\\/\\\/www.imep.pro\\\/en\\\/concerts-2016\\\/\",\"url\":\"https:\\\/\\\/www.imep.pro\\\/en\\\/concerts-2016\\\/\",\"name\":\"Prochains Concerts 2016 - IMEP\",\"isPartOf\":{\"@id\":\"https:\\\/\\\/www.imep.pro\\\/#website\"},\"primaryImageOfPage\":{\"@id\":\"https:\\\/\\\/www.imep.pro\\\/en\\\/concerts-2016\\\/#primaryimage\"},\"image\":{\"@id\":\"https:\\\/\\\/www.imep.pro\\\/en\\\/concerts-2016\\\/#primaryimage\"},\"thumbnailUrl\":\"https:\\\/\\\/www.imep.pro\\\/wordpress\\\/wp-content\\\/uploads\\\/2016\\\/05\\\/Studioermitage.jpg\",\"datePublished\":\"2016-05-21T05:07:59+00:00\",\"dateModified\":\"2019-08-21T20:09:51+00:00\",\"description\":\"D\u00e9couvrez les prochains concerts 2016 de l'IMEP et jam sessions. IMEP Paris College of Music, \u00e9cole de jazz et de formation musicale \u00e0 Paris\",\"breadcrumb\":{\"@id\":\"https:\\\/\\\/www.imep.pro\\\/en\\\/concerts-2016\\\/#breadcrumb\"},\"inLanguage\":\"en-US\",\"potentialAction\":[{\"@type\":\"ReadAction\",\"target\":[\"https:\\\/\\\/www.imep.pro\\\/en\\\/concerts-2016\\\/\"]}]},{\"@type\":\"ImageObject\",\"inLanguage\":\"en-US\",\"@id\":\"https:\\\/\\\/www.imep.pro\\\/en\\\/concerts-2016\\\/#primaryimage\",\"url\":\"https:\\\/\\\/www.imep.pro\\\/wordpress\\\/wp-content\\\/uploads\\\/2016\\\/05\\\/Studioermitage.jpg\",\"contentUrl\":\"https:\\\/\\\/www.imep.pro\\\/wordpress\\\/wp-content\\\/uploads\\\/2016\\\/05\\\/Studioermitage.jpg\",\"width\":1000,\"height\":314},{\"@type\":\"BreadcrumbList\",\"@id\":\"https:\\\/\\\/www.imep.pro\\\/en\\\/concerts-2016\\\/#breadcrumb\",\"itemListElement\":[{\"@type\":\"ListItem\",\"position\":1,\"name\":\"Accueil\",\"item\":\"https:\\\/\\\/www.imep.pro\\\/en\\\/music-school-paris\\\/\"},{\"@type\":\"ListItem\",\"position\":2,\"name\":\"Concerts\",\"item\":\"https:\\\/\\\/www.imep.pro\\\/category\\\/concerts\\\/\"},{\"@type\":\"ListItem\",\"position\":3,\"name\":\"Prochains Concerts 2016\"}]},{\"@type\":\"WebSite\",\"@id\":\"https:\\\/\\\/www.imep.pro\\\/#website\",\"url\":\"https:\\\/\\\/www.imep.pro\\\/\",\"name\":\"IMEP\",\"description\":\"\u266a Paris College of music \u266a\",\"publisher\":{\"@id\":\"https:\\\/\\\/www.imep.pro\\\/#organization\"},\"potentialAction\":[{\"@type\":\"SearchAction\",\"target\":{\"@type\":\"EntryPoint\",\"urlTemplate\":\"https:\\\/\\\/www.imep.pro\\\/?s={search_term_string}\"},\"query-input\":{\"@type\":\"PropertyValueSpecification\",\"valueRequired\":true,\"valueName\":\"search_term_string\"}}],\"inLanguage\":\"en-US\"},{\"@type\":\"Organization\",\"@id\":\"https:\\\/\\\/www.imep.pro\\\/#organization\",\"name\":\"IMEP Paris College of Music\",\"url\":\"https:\\\/\\\/www.imep.pro\\\/\",\"logo\":{\"@type\":\"ImageObject\",\"inLanguage\":\"en-US\",\"@id\":\"https:\\\/\\\/www.imep.pro\\\/#\\\/schema\\\/logo\\\/image\\\/\",\"url\":\"https:\\\/\\\/www.imep.pro\\\/wordpress\\\/wp-content\\\/uploads\\\/2016\\\/02\\\/cropped-imep_logo_original-favicon.png\",\"contentUrl\":\"https:\\\/\\\/www.imep.pro\\\/wordpress\\\/wp-content\\\/uploads\\\/2016\\\/02\\\/cropped-imep_logo_original-favicon.png\",\"width\":512,\"height\":512,\"caption\":\"IMEP Paris College of Music\"},\"image\":{\"@id\":\"https:\\\/\\\/www.imep.pro\\\/#\\\/schema\\\/logo\\\/image\\\/\"},\"sameAs\":[\"http:\\\/\\\/www.facebook.com\\\/imep.pro\",\"https:\\\/\\\/x.com\\\/imep_pro\",\"https:\\\/\\\/www.instagram.com\\\/imepparis\\\/\",\"https:\\\/\\\/www.linkedin.com\\\/company\\\/imep-paris-college-of-music\\\/\",\"https:\\\/\\\/www.youtube.com\\\/user\\\/imusicparis\"]},{\"@type\":\"Person\",\"@id\":\"https:\\\/\\\/www.imep.pro\\\/#\\\/schema\\\/person\\\/47604aeec7b3f95425adb978491a0bcb\",\"name\":\"Monart Agency\",\"image\":{\"@type\":\"ImageObject\",\"inLanguage\":\"en-US\",\"@id\":\"https:\\\/\\\/secure.gravatar.com\\\/avatar\\\/e140a68304568537b5ef59a50a21e9d951951179ecfb5a88c0fdfbb9131182cd?s=96&d=mm&r=g\",\"url\":\"https:\\\/\\\/secure.gravatar.com\\\/avatar\\\/e140a68304568537b5ef59a50a21e9d951951179ecfb5a88c0fdfbb9131182cd?s=96&d=mm&r=g\",\"contentUrl\":\"https:\\\/\\\/secure.gravatar.com\\\/avatar\\\/e140a68304568537b5ef59a50a21e9d951951179ecfb5a88c0fdfbb9131182cd?s=96&d=mm&r=g\",\"caption\":\"Monart Agency\"},\"description\":\"Monart est une agence sp\u00e9cialis\u00e9e en communication musicale, pour des professionnels de la musique, \u00e0 la recherche de ce qui se fait de mieux dans le milieu artistique et musical du jazz, de la musique contemporaine et de la musique du monde et ce, dans le monde entier.\",\"sameAs\":[\"https:\\\/\\\/www.monartagency.com\\\/agence-communication-musicale\",\"https:\\\/\\\/www.facebook.com\\\/monartagency\\\/\",\"https:\\\/\\\/www.instagram.com\\\/monartagency\\\/\",\"https:\\\/\\\/www.linkedin.com\\\/company\\\/monart-agency\",\"https:\\\/\\\/x.com\\\/monartagency\",\"https:\\\/\\\/www.youtube.com\\\/channel\\\/UC9H-2xb6TtKzqVT3XY-lcXw\",\"https:\\\/\\\/soundcloud.com\\\/user-617326834\"],\"url\":\"https:\\\/\\\/www.imep.pro\\\/en\\\/author\\\/gustavo\\\/\"}]}<\/script>\n<!-- \/ Yoast SEO plugin. -->","yoast_head_json":{"title":"Prochains Concerts 2016 - IMEP","description":"D\u00e9couvrez les prochains concerts 2016 de l'IMEP et jam sessions. IMEP Paris College of Music, \u00e9cole de jazz et de formation musicale \u00e0 Paris","robots":{"index":"index","follow":"follow","max-snippet":"max-snippet:-1","max-image-preview":"max-image-preview:large","max-video-preview":"max-video-preview:-1"},"canonical":"https:\/\/www.imep.pro\/en\/concerts-2016\/","og_locale":"en_US","og_type":"article","og_title":"Prochains Concerts 2016 - IMEP","og_description":"D\u00e9couvrez les prochains concerts 2016 de l'IMEP et jam sessions. IMEP Paris College of Music, \u00e9cole de jazz et de formation musicale \u00e0 Paris","og_url":"https:\/\/www.imep.pro\/en\/concerts-2016\/","og_site_name":"IMEP","article_publisher":"http:\/\/www.facebook.com\/imep.pro","article_author":"https:\/\/www.facebook.com\/monartagency\/","article_published_time":"2016-05-21T05:07:59+00:00","article_modified_time":"2019-08-21T20:09:51+00:00","og_image":[{"width":1000,"height":314,"url":"https:\/\/www.imep.pro\/wordpress\/wp-content\/uploads\/2016\/05\/Studioermitage.jpg","type":"image\/jpeg"}],"author":"Monart Agency","twitter_card":"summary_large_image","twitter_creator":"@monartagency","twitter_site":"@imep_pro","twitter_misc":{"Written by":"Monart Agency","Est. reading time":"11 minutes"},"schema":{"@context":"https:\/\/schema.org","@graph":[{"@type":"Article","@id":"https:\/\/www.imep.pro\/en\/concerts-2016\/#article","isPartOf":{"@id":"https:\/\/www.imep.pro\/en\/concerts-2016\/"},"author":{"name":"Monart Agency","@id":"https:\/\/www.imep.pro\/#\/schema\/person\/47604aeec7b3f95425adb978491a0bcb"},"headline":"Prochains Concerts 2016","datePublished":"2016-05-21T05:07:59+00:00","dateModified":"2019-08-21T20:09:51+00:00","mainEntityOfPage":{"@id":"https:\/\/www.imep.pro\/en\/concerts-2016\/"},"wordCount":2323,"commentCount":0,"publisher":{"@id":"https:\/\/www.imep.pro\/#organization"},"image":{"@id":"https:\/\/www.imep.pro\/en\/concerts-2016\/#primaryimage"},"thumbnailUrl":"https:\/\/www.imep.pro\/wordpress\/wp-content\/uploads\/2016\/05\/Studioermitage.jpg","articleSection":["Concerts"],"inLanguage":"en-US","potentialAction":[{"@type":"CommentAction","name":"Comment","target":["https:\/\/www.imep.pro\/en\/concerts-2016\/#respond"]}]},{"@type":"WebPage","@id":"https:\/\/www.imep.pro\/en\/concerts-2016\/","url":"https:\/\/www.imep.pro\/en\/concerts-2016\/","name":"Prochains Concerts 2016 - IMEP","isPartOf":{"@id":"https:\/\/www.imep.pro\/#website"},"primaryImageOfPage":{"@id":"https:\/\/www.imep.pro\/en\/concerts-2016\/#primaryimage"},"image":{"@id":"https:\/\/www.imep.pro\/en\/concerts-2016\/#primaryimage"},"thumbnailUrl":"https:\/\/www.imep.pro\/wordpress\/wp-content\/uploads\/2016\/05\/Studioermitage.jpg","datePublished":"2016-05-21T05:07:59+00:00","dateModified":"2019-08-21T20:09:51+00:00","description":"D\u00e9couvrez les prochains concerts 2016 de l'IMEP et jam sessions. IMEP Paris College of Music, \u00e9cole de jazz et de formation musicale \u00e0 Paris","breadcrumb":{"@id":"https:\/\/www.imep.pro\/en\/concerts-2016\/#breadcrumb"},"inLanguage":"en-US","potentialAction":[{"@type":"ReadAction","target":["https:\/\/www.imep.pro\/en\/concerts-2016\/"]}]},{"@type":"ImageObject","inLanguage":"en-US","@id":"https:\/\/www.imep.pro\/en\/concerts-2016\/#primaryimage","url":"https:\/\/www.imep.pro\/wordpress\/wp-content\/uploads\/2016\/05\/Studioermitage.jpg","contentUrl":"https:\/\/www.imep.pro\/wordpress\/wp-content\/uploads\/2016\/05\/Studioermitage.jpg","width":1000,"height":314},{"@type":"BreadcrumbList","@id":"https:\/\/www.imep.pro\/en\/concerts-2016\/#breadcrumb","itemListElement":[{"@type":"ListItem","position":1,"name":"Accueil","item":"https:\/\/www.imep.pro\/en\/music-school-paris\/"},{"@type":"ListItem","position":2,"name":"Concerts","item":"https:\/\/www.imep.pro\/category\/concerts\/"},{"@type":"ListItem","position":3,"name":"Prochains Concerts 2016"}]},{"@type":"WebSite","@id":"https:\/\/www.imep.pro\/#website","url":"https:\/\/www.imep.pro\/","name":"IMEP","description":"\u266a Paris College of music \u266a","publisher":{"@id":"https:\/\/www.imep.pro\/#organization"},"potentialAction":[{"@type":"SearchAction","target":{"@type":"EntryPoint","urlTemplate":"https:\/\/www.imep.pro\/?s={search_term_string}"},"query-input":{"@type":"PropertyValueSpecification","valueRequired":true,"valueName":"search_term_string"}}],"inLanguage":"en-US"},{"@type":"Organization","@id":"https:\/\/www.imep.pro\/#organization","name":"IMEP Paris College of Music","url":"https:\/\/www.imep.pro\/","logo":{"@type":"ImageObject","inLanguage":"en-US","@id":"https:\/\/www.imep.pro\/#\/schema\/logo\/image\/","url":"https:\/\/www.imep.pro\/wordpress\/wp-content\/uploads\/2016\/02\/cropped-imep_logo_original-favicon.png","contentUrl":"https:\/\/www.imep.pro\/wordpress\/wp-content\/uploads\/2016\/02\/cropped-imep_logo_original-favicon.png","width":512,"height":512,"caption":"IMEP Paris College of Music"},"image":{"@id":"https:\/\/www.imep.pro\/#\/schema\/logo\/image\/"},"sameAs":["http:\/\/www.facebook.com\/imep.pro","https:\/\/x.com\/imep_pro","https:\/\/www.instagram.com\/imepparis\/","https:\/\/www.linkedin.com\/company\/imep-paris-college-of-music\/","https:\/\/www.youtube.com\/user\/imusicparis"]},{"@type":"Person","@id":"https:\/\/www.imep.pro\/#\/schema\/person\/47604aeec7b3f95425adb978491a0bcb","name":"Monart Agency","image":{"@type":"ImageObject","inLanguage":"en-US","@id":"https:\/\/secure.gravatar.com\/avatar\/e140a68304568537b5ef59a50a21e9d951951179ecfb5a88c0fdfbb9131182cd?s=96&d=mm&r=g","url":"https:\/\/secure.gravatar.com\/avatar\/e140a68304568537b5ef59a50a21e9d951951179ecfb5a88c0fdfbb9131182cd?s=96&d=mm&r=g","contentUrl":"https:\/\/secure.gravatar.com\/avatar\/e140a68304568537b5ef59a50a21e9d951951179ecfb5a88c0fdfbb9131182cd?s=96&d=mm&r=g","caption":"Monart Agency"},"description":"Monart est une agence sp\u00e9cialis\u00e9e en communication musicale, pour des professionnels de la musique, \u00e0 la recherche de ce qui se fait de mieux dans le milieu artistique et musical du jazz, de la musique contemporaine et de la musique du monde et ce, dans le monde entier.","sameAs":["https:\/\/www.monartagency.com\/agence-communication-musicale","https:\/\/www.facebook.com\/monartagency\/","https:\/\/www.instagram.com\/monartagency\/","https:\/\/www.linkedin.com\/company\/monart-agency","https:\/\/x.com\/monartagency","https:\/\/www.youtube.com\/channel\/UC9H-2xb6TtKzqVT3XY-lcXw","https:\/\/soundcloud.com\/user-617326834"],"url":"https:\/\/www.imep.pro\/en\/author\/gustavo\/"}]}},"_links":{"self":[{"href":"https:\/\/www.imep.pro\/en\/wp-json\/wp\/v2\/posts\/2386","targetHints":{"allow":["GET"]}}],"collection":[{"href":"https:\/\/www.imep.pro\/en\/wp-json\/wp\/v2\/posts"}],"about":[{"href":"https:\/\/www.imep.pro\/en\/wp-json\/wp\/v2\/types\/post"}],"author":[{"embeddable":true,"href":"https:\/\/www.imep.pro\/en\/wp-json\/wp\/v2\/users\/5"}],"replies":[{"embeddable":true,"href":"https:\/\/www.imep.pro\/en\/wp-json\/wp\/v2\/comments?post=2386"}],"version-history":[{"count":0,"href":"https:\/\/www.imep.pro\/en\/wp-json\/wp\/v2\/posts\/2386\/revisions"}],"wp:featuredmedia":[{"embeddable":true,"href":"https:\/\/www.imep.pro\/en\/wp-json\/wp\/v2\/media\/7560"}],"wp:attachment":[{"href":"https:\/\/www.imep.pro\/en\/wp-json\/wp\/v2\/media?parent=2386"}],"wp:term":[{"taxonomy":"category","embeddable":true,"href":"https:\/\/www.imep.pro\/en\/wp-json\/wp\/v2\/categories?post=2386"},{"taxonomy":"post_tag","embeddable":true,"href":"https:\/\/www.imep.pro\/en\/wp-json\/wp\/v2\/tags?post=2386"},{"taxonomy":"dipi_cpt_category","embeddable":true,"href":"https:\/\/www.imep.pro\/en\/wp-json\/wp\/v2\/dipi_cpt_category?post=2386"}],"curies":[{"name":"wp","href":"https:\/\/api.w.org\/{rel}","templated":true}]}}