{"id":1977,"date":"2016-03-28T18:17:04","date_gmt":"2016-03-28T17:17:04","guid":{"rendered":"http:\/\/www.imep.pro\/en\/remise-diplomes-de-promotion-2015\/"},"modified":"2016-05-03T05:09:14","modified_gmt":"2016-05-03T04:09:14","slug":"imep-diploma-ceremony-2015-students","status":"publish","type":"post","link":"https:\/\/www.imep.pro\/en\/imep-diploma-ceremony-2015-students\/","title":{"rendered":"Diploma ceremony for 2015 students with honor guest, drummer Jeff Ballard"},"content":{"rendered":"<p>[et_pb_section admin_label=&#8221;section&#8221;][et_pb_row admin_label=&#8221;row&#8221;][et_pb_column type=&#8221;4_4&#8243;][et_pb_text admin_label=&#8221;Texte&#8221; background_layout=&#8221;light&#8221; text_orientation=&#8221;left&#8221; use_border_color=&#8221;off&#8221; border_color=&#8221;#ffffff&#8221; border_style=&#8221;solid&#8221;]<\/p>\n<h2>Diploma ceremony for 2015 graduate students with guest of honor, drummer Jeff Ballard, at the Caf\u00e9 de la Danse, Paris, March 13, 2016<\/h2>\n<p>The IMEP Paris College of Music is organizing its annual diploma ceremony for its promotion 2015. These are the students who have successfully completed the five years of our\u00a0curriculum. The principle is that each student publicly demonstrate either of his instrumental skills as a soloist on stage, or his writing skills with a piece written for\u00a0string quartet, or arrangement skills, by writing an arrangement for the big band performed and conducted on stage.<\/p>\n<p>The evening took place sold out, the number of reservation requests far exceeding available places. The doors open at 18:30. It started with Josephine Viger, voice; Guillaume Boisseau, Guitar; Mael Courageux, piano; Julien Droz, bass; Corto Verm\u00e9e, drums, who have played &#8220;Norvegian Wood&#8221; (Beatles), &#8220;Iris&#8221; (Wayne Shorter), &#8220;Weird Fishes&#8221; (Radiohead). Followed by : Nicolas Gothier, saxophone; Oscard Richardson, piano; Hugo Rodriguez, guitar; Selene St Aim\u00e9; bass; Radoniaina Rakotoralahy, drums, with &#8220;Truth be told&#8221; (Rick Margitza), &#8220;Ner Tamid&#8221; (John Zorn), and &#8220;Nothing Personal&#8221; (Michael Brecker).<\/p>\n<p>At 19:30, the kickoff of the official evening was given by head teacher, professor of arrangement, Fran\u00e7ois Fichu, opening speech :reminiscent of the great innovations of the year 2016 at the IMEP Paris College of Music : new name, new visuals, new website, but also remodeling the educational program for the first year, creating a weekly instrumental lessons included in the program, and a new course of musical culture (MAO training (Computer Aided Music) and jazz culture). The second year will be rewarded with an extra weekly hour of workshops. Other program developments are planned in the near future, especially in the field of digital audio, but also concerning the integration of Web tools as part of a professionalization strategy (communication, online music sales &#8230;) . However, the most anticipated new of the evening was undoubtedly the official announcement of the whole school move for the beginning of September 2016 unique new and larger premises, located in Paris, 14th arrondissement, close to Denfer Rochereau; ad widely applauded!<\/p>\n<p>Then the big band started with &#8220;The Wall&#8221; (Roger Waters) arranged, directed and performed on guitar by Juliette Heilmann, featuring\u00a0Paul Braillard on vocals. Followed by, &#8220;le Cinema&#8221; (Michel Legrand) arranged for big band and sung by Pablo Lepetit, conducted by Fran\u00e7ois Fichu<\/p>\n<p>In a different style, we could then hear compositions for string quartet: &#8220;Symphonie in V parts&#8221; (Timothee Le Du), &#8220;Voyage of a Message in a bottle&#8221; (Hyemin Chung), &#8220;Quartet&#8221; (S\u00e9bastien Rostagno), &#8220;Suite for string quartet&#8221; (Clement Laurent), before the &#8220;Matthieu Barjolin Octoprojet&#8221;, guitarist, composer and band leader, with Benjamin Aubry, saxophone soprano; Paul de Remusat, alto saxophone; Alexander Jouvie tenor saxophone; Luca Spiler, trombone; Xavier Belin, keyboards; David Franco, bass; Florian Pons, drums; all graduates and \/ or IMEP alumni! The band has conquered the room with a very tight\u00a0interpretation of &#8220;Skizo&#8221;, &#8220;Plan d&#8217;eau&#8221; and &#8220;Coda&#8221;, demonstrating a strong potential of personal creation of its leader, supported by the homogeneity and high instrumental level overall.<\/p>\n<p>Following,\u00a0the trio of Yassin Kramdi (piano-vocals), Sacha Leroy Delvall\u00e9e (bass), and Corto Verm\u00e9e (drums) have played\u00a0&#8220;Spanish Joint&#8221; (D&#8217;Angelo) and bIt&#8217;s On &#8220;(George Duke), then the big band came back with &#8220;C Ou Ki Lanmou&#8221; (Mario Canonge, translation &#8220;This is love!&#8221;) arrangement, piano and direction by Xavier Belin, Major of promotion, with Celia Barnabe vocals, big atmosphere on stage and in room !<\/p>\n<p>We were finally able to applaud the arrival on stage of the guest of honor of the evening; drummer Jeff Ballard who has played with the big band a remarkable version of &#8220;Stolen Moments&#8221; (Oliver Nelson) arranged and conducted by Boris Rappo followed by &#8220;Let the Good Times Roll&#8221; (Louis Jordan) arranged, sung and conducted by Yassin Kramdi with a convincing power and energy. This was a conclusion to the musical part of the evening on a festive note!<\/p>\n<p>finally arrives graduation time in the presence of Jeff Ballard.<\/p>\n<p>By way of introduction, Bernard Vidal, ensembles and improvisation teacher, reminds us some important points: This diploma is the culmination of a life course of five years, it is a big thing! Well beyond the skills and knowledge acquired, people have raised humanly. What a period, with successes or trouble! Each hurdle allows to grow a little more, either alone or with the help of others. He reminds us that diploma is really well deserved and warmly congratulate the winners &#8211; echo of the room that stands up to applaud &#8230;<\/p>\n<p>Then each candidate is called on stage to receive his diploma from the hands of Jeff Ballard in the presence of all the teachers. A beautiful moment of sharing and emotion!<\/p>\n<p>The evening will end at the bar with a closing cocktail carefully prepared and enjoyed by everyone.<\/p>\n<p>[\/et_pb_text][et_pb_image admin_label=&#8221;Image&#8221; show_in_lightbox=&#8221;off&#8221; url_new_window=&#8221;off&#8221; use_overlay=&#8221;off&#8221; animation=&#8221;left&#8221; sticky=&#8221;off&#8221; align=&#8221;left&#8221; force_fullwidth=&#8221;on&#8221; always_center_on_mobile=&#8221;on&#8221; use_border_color=&#8221;off&#8221; border_color=&#8221;#ffffff&#8221; border_style=&#8221;solid&#8221; src=&#8221;http:\/\/www.imep.pro\/wordpress\/wp-content\/uploads\/2016\/03\/CDLD-2016_130-e1459110599569.jpg&#8221; alt=&#8221;promotion 2015 : Juliette Heilmann arrangement, guitare et direction, Paul Braillard, chant&#8221; title_text=&#8221;promotion 2015 : Juliette Heilmann arrangement, guitare et direction, Paul Braillard, chant&#8221;] [\/et_pb_image][et_pb_image admin_label=&#8221;Image&#8221; src=&#8221;http:\/\/www.imep.pro\/wordpress\/wp-content\/uploads\/2016\/03\/image012.jpg&#8221; alt=&#8221;Promotion 2015 : Matthieu Barjolin Octoprojet, Remise de dipl\u00f4me de l&#8217;IMEP mars 2016&#8243; title_text=&#8221;Matthieu Barjolin Octoprojet&#8221; show_in_lightbox=&#8221;off&#8221; url_new_window=&#8221;off&#8221; use_overlay=&#8221;off&#8221; animation=&#8221;left&#8221; sticky=&#8221;off&#8221; align=&#8221;left&#8221; force_fullwidth=&#8221;on&#8221; always_center_on_mobile=&#8221;on&#8221; use_border_color=&#8221;off&#8221; border_color=&#8221;#ffffff&#8221; border_style=&#8221;solid&#8221;] [\/et_pb_image][et_pb_image admin_label=&#8221;Image&#8221; src=&#8221;http:\/\/www.imep.pro\/wordpress\/wp-content\/uploads\/2016\/03\/imep-diplomes-2016-quatuor1.jpg&#8221; alt=&#8221;Promotion 2015 : Le quatuor, remise de dipl\u00f4me de l&#8217;IMEP mars 2016&#8243; title_text=&#8221;Le quatuor&#8221; show_in_lightbox=&#8221;off&#8221; url_new_window=&#8221;off&#8221; use_overlay=&#8221;off&#8221; animation=&#8221;left&#8221; sticky=&#8221;off&#8221; align=&#8221;left&#8221; force_fullwidth=&#8221;on&#8221; always_center_on_mobile=&#8221;on&#8221; use_border_color=&#8221;off&#8221; border_color=&#8221;#ffffff&#8221; border_style=&#8221;solid&#8221;] [\/et_pb_image][et_pb_image admin_label=&#8221;Image&#8221; src=&#8221;http:\/\/www.imep.pro\/wordpress\/wp-content\/uploads\/2016\/03\/image014.jpg&#8221; alt=&#8221;Promotion 2015 : M Sacha Leroy, basse, Yassin Kramdi, piano, Cort verm\u00e9e, batterie&#8221; title_text=&#8221;M Sacha Leroy, basse, Yassin Kramdi, piano, Cort verm\u00e9e, batterie, remise de dipl\u00f4me de l&#8217;IMEP mars 2016&#8243; show_in_lightbox=&#8221;off&#8221; url_new_window=&#8221;off&#8221; use_overlay=&#8221;off&#8221; animation=&#8221;left&#8221; sticky=&#8221;off&#8221; align=&#8221;left&#8221; force_fullwidth=&#8221;on&#8221; always_center_on_mobile=&#8221;on&#8221; use_border_color=&#8221;off&#8221; border_color=&#8221;#ffffff&#8221; border_style=&#8221;solid&#8221;] [\/et_pb_image][et_pb_image admin_label=&#8221;Image&#8221; src=&#8221;http:\/\/www.imep.pro\/wordpress\/wp-content\/uploads\/2016\/03\/imep-diplomes-2016-bb7.jpg&#8221; alt=&#8221;Promotion 2015 : Le big band de l&#8217;IMEP&#8221; title_text=&#8221;Le big band, remise de dipl\u00f4me de l&#8217;IMEP mars 2016&#8243; show_in_lightbox=&#8221;off&#8221; url_new_window=&#8221;off&#8221; use_overlay=&#8221;off&#8221; animation=&#8221;left&#8221; sticky=&#8221;off&#8221; align=&#8221;left&#8221; force_fullwidth=&#8221;on&#8221; always_center_on_mobile=&#8221;on&#8221; use_border_color=&#8221;off&#8221; border_color=&#8221;#ffffff&#8221; border_style=&#8221;solid&#8221;] [\/et_pb_image][et_pb_image admin_label=&#8221;Image&#8221; src=&#8221;http:\/\/www.imep.pro\/wordpress\/wp-content\/uploads\/2016\/03\/image010.jpg&#8221; alt=&#8221;Promotion 2015 : M Jeff Ballard invit\u00e9 d&#8217;honneur&#8221; title_text=&#8221;M Jeff Ballard, remise dipl\u00f4me IMEP 2016&#8243; show_in_lightbox=&#8221;off&#8221; url_new_window=&#8221;off&#8221; use_overlay=&#8221;off&#8221; animation=&#8221;left&#8221; sticky=&#8221;off&#8221; align=&#8221;left&#8221; force_fullwidth=&#8221;on&#8221; always_center_on_mobile=&#8221;on&#8221; use_border_color=&#8221;off&#8221; border_color=&#8221;#ffffff&#8221; border_style=&#8221;solid&#8221;] [\/et_pb_image][et_pb_image admin_label=&#8221;Image&#8221; src=&#8221;http:\/\/www.imep.pro\/wordpress\/wp-content\/uploads\/2016\/03\/imep-diplomes-2016-jeff-ballard3.jpg&#8221; alt=&#8221;Promotion 2015 : M Jeff Ballard, remise des dipl\u00f4mes IMEP 2016&#8243; title_text=&#8221;M Jeff Ballard, remise des dipl\u00f4mes IMEP 2016&#8243; show_in_lightbox=&#8221;off&#8221; url_new_window=&#8221;off&#8221; use_overlay=&#8221;off&#8221; animation=&#8221;left&#8221; sticky=&#8221;off&#8221; align=&#8221;left&#8221; force_fullwidth=&#8221;on&#8221; always_center_on_mobile=&#8221;on&#8221; use_border_color=&#8221;off&#8221; border_color=&#8221;#ffffff&#8221; border_style=&#8221;solid&#8221;] [\/et_pb_image][et_pb_text admin_label=&#8221;Texte&#8221; background_layout=&#8221;light&#8221; text_orientation=&#8221;left&#8221; use_border_color=&#8221;off&#8221; border_color=&#8221;#ffffff&#8221; border_style=&#8221;solid&#8221;]<\/p>\n<p>Pour visionner davantage de photos, rendez vous \u00e0 la page \u00ab\u00a0<a href=\"http:\/\/www.imep.pro\/remise-des-diplomes\/\" target=\"_blank\">remise des dipl\u00f4mes<\/a>\u00a0\u00bb. Des vid\u00e9os de la soir\u00e9e sont en cours de montage et seront prochainement publi\u00e9s sur ce site. Si cet article vous a plu, n&#8217;h\u00e9sitez pas \u00e0 le partager largement sur les r\u00e9seaux sociaux.<\/p>\n<p>[\/et_pb_text][\/et_pb_column][\/et_pb_row][\/et_pb_section]<\/p>\n","protected":false},"excerpt":{"rendered":"<p>[et_pb_section admin_label=&#8221;section&#8221;][et_pb_row admin_label=&#8221;row&#8221;][et_pb_column type=&#8221;4_4&#8243;][et_pb_text admin_label=&#8221;Texte&#8221; background_layout=&#8221;light&#8221; text_orientation=&#8221;left&#8221; use_border_color=&#8221;off&#8221; border_color=&#8221;#ffffff&#8221; border_style=&#8221;solid&#8221;] Diploma ceremony for 2015 graduate students with guest of honor, drummer Jeff Ballard, at the Caf\u00e9 de la Danse, Paris, [&hellip;]<\/p>\n","protected":false},"author":5,"featured_media":1904,"comment_status":"open","ping_status":"open","sticky":false,"template":"","format":"standard","meta":{"_et_pb_use_builder":"","_et_pb_old_content":"","_et_gb_content_width":"","footnotes":""},"categories":[25],"tags":[],"dipi_cpt_category":[],"class_list":["post-1977","post","type-post","status-publish","format-standard","has-post-thumbnail","hentry","category-remise-des-diplomes-en"],"yoast_head":"<!-- This site is optimized with the Yoast SEO plugin v27.4 - https:\/\/yoast.com\/product\/yoast-seo-wordpress\/ -->\n<title>Diploma ceremony for 2015 students with honor guest, drummer Jeff Ballard - IMEP<\/title>\n<meta name=\"description\" content=\"IMEP Paris College of Music, diploma ceremony for 2015 students with guest of honor, drummer Jeff Ballard, at the Caf\u00e9 de la Danse, Paris, March 13, 2016\" \/>\n<meta name=\"robots\" content=\"index, follow, max-snippet:-1, max-image-preview:large, max-video-preview:-1\" \/>\n<link rel=\"canonical\" href=\"https:\/\/www.imep.pro\/en\/imep-diploma-ceremony-2015-students\/\" \/>\n<meta property=\"og:locale\" content=\"en_US\" \/>\n<meta property=\"og:type\" content=\"article\" \/>\n<meta property=\"og:title\" content=\"Diploma ceremony for 2015 students with honor guest, drummer Jeff Ballard - IMEP\" \/>\n<meta property=\"og:description\" content=\"IMEP Paris College of Music, diploma ceremony for 2015 students with guest of honor, drummer Jeff Ballard, at the Caf\u00e9 de la Danse, Paris, March 13, 2016\" \/>\n<meta property=\"og:url\" content=\"https:\/\/www.imep.pro\/en\/imep-diploma-ceremony-2015-students\/\" \/>\n<meta property=\"og:site_name\" content=\"IMEP\" \/>\n<meta property=\"article:publisher\" content=\"http:\/\/www.facebook.com\/imep.pro\" \/>\n<meta property=\"article:author\" content=\"https:\/\/www.facebook.com\/monartagency\/\" \/>\n<meta property=\"article:published_time\" content=\"2016-03-28T17:17:04+00:00\" \/>\n<meta property=\"article:modified_time\" content=\"2016-05-03T04:09:14+00:00\" \/>\n<meta property=\"og:image\" content=\"https:\/\/www.imep.pro\/wordpress\/wp-content\/uploads\/2016\/03\/imep-remise-diplomes-2016-final.jpg\" \/>\n\t<meta property=\"og:image:width\" content=\"800\" \/>\n\t<meta property=\"og:image:height\" content=\"533\" \/>\n\t<meta property=\"og:image:type\" content=\"image\/jpeg\" \/>\n<meta name=\"author\" content=\"Monart Agency\" \/>\n<meta name=\"twitter:card\" content=\"summary_large_image\" \/>\n<meta name=\"twitter:creator\" content=\"@monartagency\" \/>\n<meta name=\"twitter:site\" content=\"@imep_pro\" \/>\n<meta name=\"twitter:label1\" content=\"Written by\" \/>\n\t<meta name=\"twitter:data1\" content=\"Monart Agency\" \/>\n\t<meta name=\"twitter:label2\" content=\"Est. reading time\" \/>\n\t<meta name=\"twitter:data2\" content=\"7 minutes\" \/>\n<script type=\"application\/ld+json\" class=\"yoast-schema-graph\">{\"@context\":\"https:\\\/\\\/schema.org\",\"@graph\":[{\"@type\":\"Article\",\"@id\":\"https:\\\/\\\/www.imep.pro\\\/en\\\/imep-diploma-ceremony-2015-students\\\/#article\",\"isPartOf\":{\"@id\":\"https:\\\/\\\/www.imep.pro\\\/en\\\/imep-diploma-ceremony-2015-students\\\/\"},\"author\":{\"name\":\"Monart Agency\",\"@id\":\"https:\\\/\\\/www.imep.pro\\\/#\\\/schema\\\/person\\\/47604aeec7b3f95425adb978491a0bcb\"},\"headline\":\"Diploma ceremony for 2015 students with honor guest, drummer Jeff Ballard\",\"datePublished\":\"2016-03-28T17:17:04+00:00\",\"dateModified\":\"2016-05-03T04:09:14+00:00\",\"mainEntityOfPage\":{\"@id\":\"https:\\\/\\\/www.imep.pro\\\/en\\\/imep-diploma-ceremony-2015-students\\\/\"},\"wordCount\":1461,\"commentCount\":0,\"publisher\":{\"@id\":\"https:\\\/\\\/www.imep.pro\\\/#organization\"},\"image\":{\"@id\":\"https:\\\/\\\/www.imep.pro\\\/en\\\/imep-diploma-ceremony-2015-students\\\/#primaryimage\"},\"thumbnailUrl\":\"https:\\\/\\\/www.imep.pro\\\/wordpress\\\/wp-content\\\/uploads\\\/2016\\\/03\\\/imep-remise-diplomes-2016-final.jpg\",\"articleSection\":[\"remise des dipl\u00f4mes\"],\"inLanguage\":\"en-US\",\"potentialAction\":[{\"@type\":\"CommentAction\",\"name\":\"Comment\",\"target\":[\"https:\\\/\\\/www.imep.pro\\\/en\\\/imep-diploma-ceremony-2015-students\\\/#respond\"]}]},{\"@type\":\"WebPage\",\"@id\":\"https:\\\/\\\/www.imep.pro\\\/en\\\/imep-diploma-ceremony-2015-students\\\/\",\"url\":\"https:\\\/\\\/www.imep.pro\\\/en\\\/imep-diploma-ceremony-2015-students\\\/\",\"name\":\"Diploma ceremony for 2015 students with honor guest, drummer Jeff Ballard - IMEP\",\"isPartOf\":{\"@id\":\"https:\\\/\\\/www.imep.pro\\\/#website\"},\"primaryImageOfPage\":{\"@id\":\"https:\\\/\\\/www.imep.pro\\\/en\\\/imep-diploma-ceremony-2015-students\\\/#primaryimage\"},\"image\":{\"@id\":\"https:\\\/\\\/www.imep.pro\\\/en\\\/imep-diploma-ceremony-2015-students\\\/#primaryimage\"},\"thumbnailUrl\":\"https:\\\/\\\/www.imep.pro\\\/wordpress\\\/wp-content\\\/uploads\\\/2016\\\/03\\\/imep-remise-diplomes-2016-final.jpg\",\"datePublished\":\"2016-03-28T17:17:04+00:00\",\"dateModified\":\"2016-05-03T04:09:14+00:00\",\"description\":\"IMEP Paris College of Music, diploma ceremony for 2015 students with guest of honor, drummer Jeff Ballard, at the Caf\u00e9 de la Danse, Paris, March 13, 2016\",\"breadcrumb\":{\"@id\":\"https:\\\/\\\/www.imep.pro\\\/en\\\/imep-diploma-ceremony-2015-students\\\/#breadcrumb\"},\"inLanguage\":\"en-US\",\"potentialAction\":[{\"@type\":\"ReadAction\",\"target\":[\"https:\\\/\\\/www.imep.pro\\\/en\\\/imep-diploma-ceremony-2015-students\\\/\"]}]},{\"@type\":\"ImageObject\",\"inLanguage\":\"en-US\",\"@id\":\"https:\\\/\\\/www.imep.pro\\\/en\\\/imep-diploma-ceremony-2015-students\\\/#primaryimage\",\"url\":\"https:\\\/\\\/www.imep.pro\\\/wordpress\\\/wp-content\\\/uploads\\\/2016\\\/03\\\/imep-remise-diplomes-2016-final.jpg\",\"contentUrl\":\"https:\\\/\\\/www.imep.pro\\\/wordpress\\\/wp-content\\\/uploads\\\/2016\\\/03\\\/imep-remise-diplomes-2016-final.jpg\",\"width\":800,\"height\":533,\"caption\":\"remise des dipl\u00f4mes, IMEP Paris College of Music\"},{\"@type\":\"BreadcrumbList\",\"@id\":\"https:\\\/\\\/www.imep.pro\\\/en\\\/imep-diploma-ceremony-2015-students\\\/#breadcrumb\",\"itemListElement\":[{\"@type\":\"ListItem\",\"position\":1,\"name\":\"Accueil\",\"item\":\"https:\\\/\\\/www.imep.pro\\\/en\\\/music-school-paris\\\/\"},{\"@type\":\"ListItem\",\"position\":2,\"name\":\"remise des dipl\u00f4mes\",\"item\":\"https:\\\/\\\/www.imep.pro\\\/en\\\/category\\\/remise-des-diplomes-en\\\/\"},{\"@type\":\"ListItem\",\"position\":3,\"name\":\"Diploma ceremony for 2015 students with honor guest, drummer Jeff Ballard\"}]},{\"@type\":\"WebSite\",\"@id\":\"https:\\\/\\\/www.imep.pro\\\/#website\",\"url\":\"https:\\\/\\\/www.imep.pro\\\/\",\"name\":\"IMEP\",\"description\":\"\u266a Paris College of music \u266a\",\"publisher\":{\"@id\":\"https:\\\/\\\/www.imep.pro\\\/#organization\"},\"potentialAction\":[{\"@type\":\"SearchAction\",\"target\":{\"@type\":\"EntryPoint\",\"urlTemplate\":\"https:\\\/\\\/www.imep.pro\\\/?s={search_term_string}\"},\"query-input\":{\"@type\":\"PropertyValueSpecification\",\"valueRequired\":true,\"valueName\":\"search_term_string\"}}],\"inLanguage\":\"en-US\"},{\"@type\":\"Organization\",\"@id\":\"https:\\\/\\\/www.imep.pro\\\/#organization\",\"name\":\"IMEP Paris College of Music\",\"url\":\"https:\\\/\\\/www.imep.pro\\\/\",\"logo\":{\"@type\":\"ImageObject\",\"inLanguage\":\"en-US\",\"@id\":\"https:\\\/\\\/www.imep.pro\\\/#\\\/schema\\\/logo\\\/image\\\/\",\"url\":\"https:\\\/\\\/www.imep.pro\\\/wordpress\\\/wp-content\\\/uploads\\\/2016\\\/02\\\/cropped-imep_logo_original-favicon.png\",\"contentUrl\":\"https:\\\/\\\/www.imep.pro\\\/wordpress\\\/wp-content\\\/uploads\\\/2016\\\/02\\\/cropped-imep_logo_original-favicon.png\",\"width\":512,\"height\":512,\"caption\":\"IMEP Paris College of Music\"},\"image\":{\"@id\":\"https:\\\/\\\/www.imep.pro\\\/#\\\/schema\\\/logo\\\/image\\\/\"},\"sameAs\":[\"http:\\\/\\\/www.facebook.com\\\/imep.pro\",\"https:\\\/\\\/x.com\\\/imep_pro\",\"https:\\\/\\\/www.instagram.com\\\/imepparis\\\/\",\"https:\\\/\\\/www.linkedin.com\\\/company\\\/imep-paris-college-of-music\\\/\",\"https:\\\/\\\/www.youtube.com\\\/user\\\/imusicparis\"]},{\"@type\":\"Person\",\"@id\":\"https:\\\/\\\/www.imep.pro\\\/#\\\/schema\\\/person\\\/47604aeec7b3f95425adb978491a0bcb\",\"name\":\"Monart Agency\",\"image\":{\"@type\":\"ImageObject\",\"inLanguage\":\"en-US\",\"@id\":\"https:\\\/\\\/secure.gravatar.com\\\/avatar\\\/e140a68304568537b5ef59a50a21e9d951951179ecfb5a88c0fdfbb9131182cd?s=96&d=mm&r=g\",\"url\":\"https:\\\/\\\/secure.gravatar.com\\\/avatar\\\/e140a68304568537b5ef59a50a21e9d951951179ecfb5a88c0fdfbb9131182cd?s=96&d=mm&r=g\",\"contentUrl\":\"https:\\\/\\\/secure.gravatar.com\\\/avatar\\\/e140a68304568537b5ef59a50a21e9d951951179ecfb5a88c0fdfbb9131182cd?s=96&d=mm&r=g\",\"caption\":\"Monart Agency\"},\"description\":\"Monart est une agence sp\u00e9cialis\u00e9e en communication musicale, pour des professionnels de la musique, \u00e0 la recherche de ce qui se fait de mieux dans le milieu artistique et musical du jazz, de la musique contemporaine et de la musique du monde et ce, dans le monde entier.\",\"sameAs\":[\"https:\\\/\\\/www.monartagency.com\\\/agence-communication-musicale\",\"https:\\\/\\\/www.facebook.com\\\/monartagency\\\/\",\"https:\\\/\\\/www.instagram.com\\\/monartagency\\\/\",\"https:\\\/\\\/www.linkedin.com\\\/company\\\/monart-agency\",\"https:\\\/\\\/x.com\\\/monartagency\",\"https:\\\/\\\/www.youtube.com\\\/channel\\\/UC9H-2xb6TtKzqVT3XY-lcXw\",\"https:\\\/\\\/soundcloud.com\\\/user-617326834\"],\"url\":\"https:\\\/\\\/www.imep.pro\\\/en\\\/author\\\/gustavo\\\/\"}]}<\/script>\n<!-- \/ Yoast SEO plugin. -->","yoast_head_json":{"title":"Diploma ceremony for 2015 students with honor guest, drummer Jeff Ballard - IMEP","description":"IMEP Paris College of Music, diploma ceremony for 2015 students with guest of honor, drummer Jeff Ballard, at the Caf\u00e9 de la Danse, Paris, March 13, 2016","robots":{"index":"index","follow":"follow","max-snippet":"max-snippet:-1","max-image-preview":"max-image-preview:large","max-video-preview":"max-video-preview:-1"},"canonical":"https:\/\/www.imep.pro\/en\/imep-diploma-ceremony-2015-students\/","og_locale":"en_US","og_type":"article","og_title":"Diploma ceremony for 2015 students with honor guest, drummer Jeff Ballard - IMEP","og_description":"IMEP Paris College of Music, diploma ceremony for 2015 students with guest of honor, drummer Jeff Ballard, at the Caf\u00e9 de la Danse, Paris, March 13, 2016","og_url":"https:\/\/www.imep.pro\/en\/imep-diploma-ceremony-2015-students\/","og_site_name":"IMEP","article_publisher":"http:\/\/www.facebook.com\/imep.pro","article_author":"https:\/\/www.facebook.com\/monartagency\/","article_published_time":"2016-03-28T17:17:04+00:00","article_modified_time":"2016-05-03T04:09:14+00:00","og_image":[{"width":800,"height":533,"url":"https:\/\/www.imep.pro\/wordpress\/wp-content\/uploads\/2016\/03\/imep-remise-diplomes-2016-final.jpg","type":"image\/jpeg"}],"author":"Monart Agency","twitter_card":"summary_large_image","twitter_creator":"@monartagency","twitter_site":"@imep_pro","twitter_misc":{"Written by":"Monart Agency","Est. reading time":"7 minutes"},"schema":{"@context":"https:\/\/schema.org","@graph":[{"@type":"Article","@id":"https:\/\/www.imep.pro\/en\/imep-diploma-ceremony-2015-students\/#article","isPartOf":{"@id":"https:\/\/www.imep.pro\/en\/imep-diploma-ceremony-2015-students\/"},"author":{"name":"Monart Agency","@id":"https:\/\/www.imep.pro\/#\/schema\/person\/47604aeec7b3f95425adb978491a0bcb"},"headline":"Diploma ceremony for 2015 students with honor guest, drummer Jeff Ballard","datePublished":"2016-03-28T17:17:04+00:00","dateModified":"2016-05-03T04:09:14+00:00","mainEntityOfPage":{"@id":"https:\/\/www.imep.pro\/en\/imep-diploma-ceremony-2015-students\/"},"wordCount":1461,"commentCount":0,"publisher":{"@id":"https:\/\/www.imep.pro\/#organization"},"image":{"@id":"https:\/\/www.imep.pro\/en\/imep-diploma-ceremony-2015-students\/#primaryimage"},"thumbnailUrl":"https:\/\/www.imep.pro\/wordpress\/wp-content\/uploads\/2016\/03\/imep-remise-diplomes-2016-final.jpg","articleSection":["remise des dipl\u00f4mes"],"inLanguage":"en-US","potentialAction":[{"@type":"CommentAction","name":"Comment","target":["https:\/\/www.imep.pro\/en\/imep-diploma-ceremony-2015-students\/#respond"]}]},{"@type":"WebPage","@id":"https:\/\/www.imep.pro\/en\/imep-diploma-ceremony-2015-students\/","url":"https:\/\/www.imep.pro\/en\/imep-diploma-ceremony-2015-students\/","name":"Diploma ceremony for 2015 students with honor guest, drummer Jeff Ballard - IMEP","isPartOf":{"@id":"https:\/\/www.imep.pro\/#website"},"primaryImageOfPage":{"@id":"https:\/\/www.imep.pro\/en\/imep-diploma-ceremony-2015-students\/#primaryimage"},"image":{"@id":"https:\/\/www.imep.pro\/en\/imep-diploma-ceremony-2015-students\/#primaryimage"},"thumbnailUrl":"https:\/\/www.imep.pro\/wordpress\/wp-content\/uploads\/2016\/03\/imep-remise-diplomes-2016-final.jpg","datePublished":"2016-03-28T17:17:04+00:00","dateModified":"2016-05-03T04:09:14+00:00","description":"IMEP Paris College of Music, diploma ceremony for 2015 students with guest of honor, drummer Jeff Ballard, at the Caf\u00e9 de la Danse, Paris, March 13, 2016","breadcrumb":{"@id":"https:\/\/www.imep.pro\/en\/imep-diploma-ceremony-2015-students\/#breadcrumb"},"inLanguage":"en-US","potentialAction":[{"@type":"ReadAction","target":["https:\/\/www.imep.pro\/en\/imep-diploma-ceremony-2015-students\/"]}]},{"@type":"ImageObject","inLanguage":"en-US","@id":"https:\/\/www.imep.pro\/en\/imep-diploma-ceremony-2015-students\/#primaryimage","url":"https:\/\/www.imep.pro\/wordpress\/wp-content\/uploads\/2016\/03\/imep-remise-diplomes-2016-final.jpg","contentUrl":"https:\/\/www.imep.pro\/wordpress\/wp-content\/uploads\/2016\/03\/imep-remise-diplomes-2016-final.jpg","width":800,"height":533,"caption":"remise des dipl\u00f4mes, IMEP Paris College of Music"},{"@type":"BreadcrumbList","@id":"https:\/\/www.imep.pro\/en\/imep-diploma-ceremony-2015-students\/#breadcrumb","itemListElement":[{"@type":"ListItem","position":1,"name":"Accueil","item":"https:\/\/www.imep.pro\/en\/music-school-paris\/"},{"@type":"ListItem","position":2,"name":"remise des dipl\u00f4mes","item":"https:\/\/www.imep.pro\/en\/category\/remise-des-diplomes-en\/"},{"@type":"ListItem","position":3,"name":"Diploma ceremony for 2015 students with honor guest, drummer Jeff Ballard"}]},{"@type":"WebSite","@id":"https:\/\/www.imep.pro\/#website","url":"https:\/\/www.imep.pro\/","name":"IMEP","description":"\u266a Paris College of music \u266a","publisher":{"@id":"https:\/\/www.imep.pro\/#organization"},"potentialAction":[{"@type":"SearchAction","target":{"@type":"EntryPoint","urlTemplate":"https:\/\/www.imep.pro\/?s={search_term_string}"},"query-input":{"@type":"PropertyValueSpecification","valueRequired":true,"valueName":"search_term_string"}}],"inLanguage":"en-US"},{"@type":"Organization","@id":"https:\/\/www.imep.pro\/#organization","name":"IMEP Paris College of Music","url":"https:\/\/www.imep.pro\/","logo":{"@type":"ImageObject","inLanguage":"en-US","@id":"https:\/\/www.imep.pro\/#\/schema\/logo\/image\/","url":"https:\/\/www.imep.pro\/wordpress\/wp-content\/uploads\/2016\/02\/cropped-imep_logo_original-favicon.png","contentUrl":"https:\/\/www.imep.pro\/wordpress\/wp-content\/uploads\/2016\/02\/cropped-imep_logo_original-favicon.png","width":512,"height":512,"caption":"IMEP Paris College of Music"},"image":{"@id":"https:\/\/www.imep.pro\/#\/schema\/logo\/image\/"},"sameAs":["http:\/\/www.facebook.com\/imep.pro","https:\/\/x.com\/imep_pro","https:\/\/www.instagram.com\/imepparis\/","https:\/\/www.linkedin.com\/company\/imep-paris-college-of-music\/","https:\/\/www.youtube.com\/user\/imusicparis"]},{"@type":"Person","@id":"https:\/\/www.imep.pro\/#\/schema\/person\/47604aeec7b3f95425adb978491a0bcb","name":"Monart Agency","image":{"@type":"ImageObject","inLanguage":"en-US","@id":"https:\/\/secure.gravatar.com\/avatar\/e140a68304568537b5ef59a50a21e9d951951179ecfb5a88c0fdfbb9131182cd?s=96&d=mm&r=g","url":"https:\/\/secure.gravatar.com\/avatar\/e140a68304568537b5ef59a50a21e9d951951179ecfb5a88c0fdfbb9131182cd?s=96&d=mm&r=g","contentUrl":"https:\/\/secure.gravatar.com\/avatar\/e140a68304568537b5ef59a50a21e9d951951179ecfb5a88c0fdfbb9131182cd?s=96&d=mm&r=g","caption":"Monart Agency"},"description":"Monart est une agence sp\u00e9cialis\u00e9e en communication musicale, pour des professionnels de la musique, \u00e0 la recherche de ce qui se fait de mieux dans le milieu artistique et musical du jazz, de la musique contemporaine et de la musique du monde et ce, dans le monde entier.","sameAs":["https:\/\/www.monartagency.com\/agence-communication-musicale","https:\/\/www.facebook.com\/monartagency\/","https:\/\/www.instagram.com\/monartagency\/","https:\/\/www.linkedin.com\/company\/monart-agency","https:\/\/x.com\/monartagency","https:\/\/www.youtube.com\/channel\/UC9H-2xb6TtKzqVT3XY-lcXw","https:\/\/soundcloud.com\/user-617326834"],"url":"https:\/\/www.imep.pro\/en\/author\/gustavo\/"}]}},"_links":{"self":[{"href":"https:\/\/www.imep.pro\/en\/wp-json\/wp\/v2\/posts\/1977","targetHints":{"allow":["GET"]}}],"collection":[{"href":"https:\/\/www.imep.pro\/en\/wp-json\/wp\/v2\/posts"}],"about":[{"href":"https:\/\/www.imep.pro\/en\/wp-json\/wp\/v2\/types\/post"}],"author":[{"embeddable":true,"href":"https:\/\/www.imep.pro\/en\/wp-json\/wp\/v2\/users\/5"}],"replies":[{"embeddable":true,"href":"https:\/\/www.imep.pro\/en\/wp-json\/wp\/v2\/comments?post=1977"}],"version-history":[{"count":0,"href":"https:\/\/www.imep.pro\/en\/wp-json\/wp\/v2\/posts\/1977\/revisions"}],"wp:featuredmedia":[{"embeddable":true,"href":"https:\/\/www.imep.pro\/en\/wp-json\/wp\/v2\/media\/1904"}],"wp:attachment":[{"href":"https:\/\/www.imep.pro\/en\/wp-json\/wp\/v2\/media?parent=1977"}],"wp:term":[{"taxonomy":"category","embeddable":true,"href":"https:\/\/www.imep.pro\/en\/wp-json\/wp\/v2\/categories?post=1977"},{"taxonomy":"post_tag","embeddable":true,"href":"https:\/\/www.imep.pro\/en\/wp-json\/wp\/v2\/tags?post=1977"},{"taxonomy":"dipi_cpt_category","embeddable":true,"href":"https:\/\/www.imep.pro\/en\/wp-json\/wp\/v2\/dipi_cpt_category?post=1977"}],"curies":[{"name":"wp","href":"https:\/\/api.w.org\/{rel}","templated":true}]}}