{"id":11266,"date":"2021-10-25T12:14:41","date_gmt":"2021-10-25T11:14:41","guid":{"rendered":"https:\/\/www.imep.pro\/estamos-aqui-soltron-with-imep-student-adriana-marrero\/"},"modified":"2021-10-25T12:14:44","modified_gmt":"2021-10-25T11:14:44","slug":"estamos-aqui-soltron-with-imep-student-adriana-marrero","status":"publish","type":"post","link":"https:\/\/www.imep.pro\/en\/estamos-aqui-soltron-with-imep-student-adriana-marrero\/","title":{"rendered":"Estamos aqu\u00ed- Soltr\u00f3n with IMEP student Adriana Marrero"},"content":{"rendered":"<p>[et_pb_section fb_built=&#8221;1&#8243; _builder_version=&#8221;4.10.8&#8243; _module_preset=&#8221;default&#8221;][et_pb_row _builder_version=&#8221;4.10.8&#8243; _module_preset=&#8221;default&#8221;][et_pb_column _builder_version=&#8221;4.10.8&#8243; _module_preset=&#8221;default&#8221; type=&#8221;4_4&#8243;][et_pb_text _builder_version=&#8221;4.10.8&#8243; _module_preset=&#8221;default&#8221; hover_enabled=&#8221;0&#8243; sticky_enabled=&#8221;0&#8243;]<\/p>\n<p><b>Adriana Marrero is a first-year professional program student at IMEP \u2022 Paris College of Music. Lead singer of afro-latino band Soltr\u00f3n until 2017, she contributed to music video <\/b><b><i>Estamos Aqu\u00ed <\/i><\/b><b>in which she sang and wrote the lyrics to her verse and chorus.<\/b><\/p>\n<p>&nbsp;<\/p>\n<p><span style=\"font-weight: 400;\">This track that celebrates afro-latino population from San Francisco Bay and conveys strong values such as diversity and inclusion is a ray of sunshine and guaranteed cheerfulness.<\/span><\/p>\n<p>[\/et_pb_text][et_pb_video _builder_version=&#8221;4.10.8&#8243; _module_preset=&#8221;default&#8221; src=&#8221;https:\/\/www.youtube.com\/watch?v=cOz3Thp3-QQ&#8221; image_src=&#8221;\/\/i.ytimg.com\/vi\/cOz3Thp3-QQ\/hqdefault.jpg&#8221; hover_enabled=&#8221;0&#8243; sticky_enabled=&#8221;0&#8243;][\/et_pb_video][et_pb_text _builder_version=&#8221;4.10.8&#8243; _module_preset=&#8221;default&#8221; hover_enabled=&#8221;0&#8243; sticky_enabled=&#8221;0&#8243;]<\/p>\n<p><b>Adriana Marrero explains the project origins and values associated with :<\/b><\/p>\n<p>&nbsp;<\/p>\n<p><i><span style=\"font-weight: 400;\">A.M : I was the lead singer for this project until 2017 when I decided to focus on jazz, but have remained close with my bandmates. During the COVID crisis in 2020, a lot of artists in the Bay Area were struggling financially. The California Arts Commission opened up an application for fellowships for artists whose work addressed themes including race, diversity, equity, inclusion, and accessibility. Soltron was awarded a fellowship and they used the funds to release <\/span><\/i><span style=\"font-weight: 400;\">Frisco Tales<\/span><i><span style=\"font-weight: 400;\">.\u00a0<\/span><\/i><\/p>\n<p><b>\u00a0<\/b><\/p>\n<p><i><span style=\"font-weight: 400;\">I was invited to be part of Estamos Aqu\u00ed; a song of appreciation for the Latino neighborhood of San Francisco which has been gentrified, causing the displacement of a large part of the community. Despite these struggles, the people in this neighborhood rallied together to help each other amidst the COVID crisis and they continue to fight for fair housing opportunities and the preservation of their culture.\u00a0<\/span><\/i><\/p>\n<p>&nbsp;<\/p>\n<p><b>IMEP teachers helped Adriana building trust in her capacities and improving her vocal abilities<\/b><\/p>\n<p><b>\u00a0<\/b><\/p>\n<p><i><span style=\"font-weight: 400;\">I just completed my year of pr\u00e9paratoire and started my first year of the <a href=\"https:\/\/www.imep.pro\/?page_id=8966\">Professional Cycle <\/a><\/span><\/i><i><span style=\"font-weight: 400;\">. Recording was something that used to seem very complicated to me. <a href=\"https:\/\/www.imep.pro\/ecole-de-musique\/enseignants\/damien-ropars\/\">Damien Ropars<\/a> <\/span><\/i><i><span style=\"font-weight: 400;\">did a great job of walking us through the process and keeping us motivated with our recording projects in the MAO course. I was really glad to be able to record myself with confidence!\u00a0<\/span><\/i><\/p>\n<p>&nbsp;<\/p>\n<p><i><span style=\"font-weight: 400;\">It was helpful to reserve one of IMEP&#8217;s awesome rehearsal boxes to prevent any background noise from bleeding into the recording.\u00a0<\/span><\/i><\/p>\n<p>&nbsp;<\/p>\n<p><i><span style=\"font-weight: 400;\">I also really appreciated the vocal work I did with <a href=\"https:\/\/www.imep.pro\/?page_id=7717\">Heather Stewart <\/a><\/span><\/i><i><span style=\"font-weight: 400;\">at IMEP. I feel that my voice is sounding better than ever.\u00a0<\/span><\/i><\/p>\n<p><i><span style=\"font-weight: 400;\">\u00a0<\/span><\/i><\/p>\n<p><i><span style=\"font-weight: 400;\">I am thankful to have been a part of a project honoring my favorite neighborhood in San Francisco and I&#8217;m glad that the song and music video have been so well-received. The Bay Area will always have a tether on my heart.<\/span><\/i><\/p>\n<p>&nbsp;<\/p>\n<p><b>Listen to Soltr\u00f3n : <\/b><a href=\"https:\/\/soltron.bandcamp.com\/album\/frisco-tales\"><b>https:\/\/soltron.bandcamp.com\/album\/frisco-tales<\/b><\/a><\/p>\n<p><b>Website : <\/b><a href=\"https:\/\/soltronsf.com\/\"><b>https:\/\/soltronsf.com\/<\/b><\/a><\/p>\n<p>&nbsp;<\/p>\n<p>[\/et_pb_text][\/et_pb_column][\/et_pb_row][\/et_pb_section]<\/p>\n","protected":false},"excerpt":{"rendered":"<p>[et_pb_section fb_built=&#8221;1&#8243; _builder_version=&#8221;4.10.8&#8243; _module_preset=&#8221;default&#8221;][et_pb_row _builder_version=&#8221;4.10.8&#8243; _module_preset=&#8221;default&#8221;][et_pb_column _builder_version=&#8221;4.10.8&#8243; _module_preset=&#8221;default&#8221; type=&#8221;4_4&#8243;][et_pb_text _builder_version=&#8221;4.10.8&#8243; _module_preset=&#8221;default&#8221; hover_enabled=&#8221;0&#8243; sticky_enabled=&#8221;0&#8243;] Adriana Marrero is a first-year professional program student at IMEP \u2022 Paris College of Music. Lead singer [&hellip;]<\/p>\n","protected":false},"author":5,"featured_media":11264,"comment_status":"open","ping_status":"open","sticky":false,"template":"","format":"standard","meta":{"_et_pb_use_builder":"","_et_pb_old_content":"","_et_gb_content_width":"","footnotes":""},"categories":[111,44,75,17],"tags":[],"dipi_cpt_category":[],"class_list":["post-11266","post","type-post","status-publish","format-standard","has-post-thumbnail","hentry","category-cycle-pro-en","category-eleves-anciens-eleves-en","category-home-page-en","category-actus-en"],"yoast_head":"<!-- This site is optimized with the Yoast SEO plugin v27.4 - https:\/\/yoast.com\/product\/yoast-seo-wordpress\/ -->\n<title>Estamos aqu\u00ed- Soltr\u00f3n with IMEP student Adriana Marrero - IMEP<\/title>\n<meta name=\"robots\" content=\"index, follow, max-snippet:-1, max-image-preview:large, max-video-preview:-1\" \/>\n<link rel=\"canonical\" href=\"https:\/\/www.imep.pro\/en\/estamos-aqui-soltron-with-imep-student-adriana-marrero\/\" \/>\n<meta property=\"og:locale\" content=\"en_US\" \/>\n<meta property=\"og:type\" content=\"article\" \/>\n<meta property=\"og:title\" content=\"Estamos aqu\u00ed- Soltr\u00f3n with IMEP student Adriana Marrero - IMEP\" \/>\n<meta property=\"og:description\" content=\"[et_pb_section fb_built=&#8221;1&#8243; _builder_version=&#8221;4.10.8&#8243; _module_preset=&#8221;default&#8221;][et_pb_row _builder_version=&#8221;4.10.8&#8243; _module_preset=&#8221;default&#8221;][et_pb_column _builder_version=&#8221;4.10.8&#8243; _module_preset=&#8221;default&#8221; type=&#8221;4_4&#8243;][et_pb_text _builder_version=&#8221;4.10.8&#8243; _module_preset=&#8221;default&#8221; hover_enabled=&#8221;0&#8243; sticky_enabled=&#8221;0&#8243;] Adriana Marrero is a first-year professional program student at IMEP \u2022 Paris College of Music. Lead singer [&hellip;]\" \/>\n<meta property=\"og:url\" content=\"https:\/\/www.imep.pro\/en\/estamos-aqui-soltron-with-imep-student-adriana-marrero\/\" \/>\n<meta property=\"og:site_name\" content=\"IMEP\" \/>\n<meta property=\"article:publisher\" content=\"http:\/\/www.facebook.com\/imep.pro\" \/>\n<meta property=\"article:author\" content=\"https:\/\/www.facebook.com\/monartagency\/\" \/>\n<meta property=\"article:published_time\" content=\"2021-10-25T11:14:41+00:00\" \/>\n<meta property=\"article:modified_time\" content=\"2021-10-25T11:14:44+00:00\" \/>\n<meta property=\"og:image\" content=\"https:\/\/www.imep.pro\/wordpress\/wp-content\/uploads\/2021\/10\/210603224_2617829171855446_2871404583882562151_n-scaled.jpg\" \/>\n\t<meta property=\"og:image:width\" content=\"2560\" \/>\n\t<meta property=\"og:image:height\" content=\"1260\" \/>\n\t<meta property=\"og:image:type\" content=\"image\/jpeg\" \/>\n<meta name=\"author\" content=\"Monart Agency\" \/>\n<meta name=\"twitter:card\" content=\"summary_large_image\" \/>\n<meta name=\"twitter:creator\" content=\"@monartagency\" \/>\n<meta name=\"twitter:site\" content=\"@imep_pro\" \/>\n<meta name=\"twitter:label1\" content=\"Written by\" \/>\n\t<meta name=\"twitter:data1\" content=\"Monart Agency\" \/>\n\t<meta name=\"twitter:label2\" content=\"Est. reading time\" \/>\n\t<meta name=\"twitter:data2\" content=\"3 minutes\" \/>\n<script type=\"application\/ld+json\" class=\"yoast-schema-graph\">{\"@context\":\"https:\\\/\\\/schema.org\",\"@graph\":[{\"@type\":\"Article\",\"@id\":\"https:\\\/\\\/www.imep.pro\\\/en\\\/estamos-aqui-soltron-with-imep-student-adriana-marrero\\\/#article\",\"isPartOf\":{\"@id\":\"https:\\\/\\\/www.imep.pro\\\/en\\\/estamos-aqui-soltron-with-imep-student-adriana-marrero\\\/\"},\"author\":{\"name\":\"Monart Agency\",\"@id\":\"https:\\\/\\\/www.imep.pro\\\/#\\\/schema\\\/person\\\/47604aeec7b3f95425adb978491a0bcb\"},\"headline\":\"Estamos aqu\u00ed- Soltr\u00f3n with IMEP student Adriana Marrero\",\"datePublished\":\"2021-10-25T11:14:41+00:00\",\"dateModified\":\"2021-10-25T11:14:44+00:00\",\"mainEntityOfPage\":{\"@id\":\"https:\\\/\\\/www.imep.pro\\\/en\\\/estamos-aqui-soltron-with-imep-student-adriana-marrero\\\/\"},\"wordCount\":524,\"commentCount\":0,\"publisher\":{\"@id\":\"https:\\\/\\\/www.imep.pro\\\/#organization\"},\"image\":{\"@id\":\"https:\\\/\\\/www.imep.pro\\\/en\\\/estamos-aqui-soltron-with-imep-student-adriana-marrero\\\/#primaryimage\"},\"thumbnailUrl\":\"https:\\\/\\\/www.imep.pro\\\/wordpress\\\/wp-content\\\/uploads\\\/2021\\\/10\\\/210603224_2617829171855446_2871404583882562151_n-scaled.jpg\",\"articleSection\":[\"Cycle Pro\",\"El\u00e8ves \\\/ anciens \u00e9l\u00e8ves\",\"HOME PAGE\",\"News\"],\"inLanguage\":\"en-US\",\"potentialAction\":[{\"@type\":\"CommentAction\",\"name\":\"Comment\",\"target\":[\"https:\\\/\\\/www.imep.pro\\\/en\\\/estamos-aqui-soltron-with-imep-student-adriana-marrero\\\/#respond\"]}]},{\"@type\":\"WebPage\",\"@id\":\"https:\\\/\\\/www.imep.pro\\\/en\\\/estamos-aqui-soltron-with-imep-student-adriana-marrero\\\/\",\"url\":\"https:\\\/\\\/www.imep.pro\\\/en\\\/estamos-aqui-soltron-with-imep-student-adriana-marrero\\\/\",\"name\":\"Estamos aqu\u00ed- Soltr\u00f3n with IMEP student Adriana Marrero - IMEP\",\"isPartOf\":{\"@id\":\"https:\\\/\\\/www.imep.pro\\\/#website\"},\"primaryImageOfPage\":{\"@id\":\"https:\\\/\\\/www.imep.pro\\\/en\\\/estamos-aqui-soltron-with-imep-student-adriana-marrero\\\/#primaryimage\"},\"image\":{\"@id\":\"https:\\\/\\\/www.imep.pro\\\/en\\\/estamos-aqui-soltron-with-imep-student-adriana-marrero\\\/#primaryimage\"},\"thumbnailUrl\":\"https:\\\/\\\/www.imep.pro\\\/wordpress\\\/wp-content\\\/uploads\\\/2021\\\/10\\\/210603224_2617829171855446_2871404583882562151_n-scaled.jpg\",\"datePublished\":\"2021-10-25T11:14:41+00:00\",\"dateModified\":\"2021-10-25T11:14:44+00:00\",\"breadcrumb\":{\"@id\":\"https:\\\/\\\/www.imep.pro\\\/en\\\/estamos-aqui-soltron-with-imep-student-adriana-marrero\\\/#breadcrumb\"},\"inLanguage\":\"en-US\",\"potentialAction\":[{\"@type\":\"ReadAction\",\"target\":[\"https:\\\/\\\/www.imep.pro\\\/en\\\/estamos-aqui-soltron-with-imep-student-adriana-marrero\\\/\"]}]},{\"@type\":\"ImageObject\",\"inLanguage\":\"en-US\",\"@id\":\"https:\\\/\\\/www.imep.pro\\\/en\\\/estamos-aqui-soltron-with-imep-student-adriana-marrero\\\/#primaryimage\",\"url\":\"https:\\\/\\\/www.imep.pro\\\/wordpress\\\/wp-content\\\/uploads\\\/2021\\\/10\\\/210603224_2617829171855446_2871404583882562151_n-scaled.jpg\",\"contentUrl\":\"https:\\\/\\\/www.imep.pro\\\/wordpress\\\/wp-content\\\/uploads\\\/2021\\\/10\\\/210603224_2617829171855446_2871404583882562151_n-scaled.jpg\",\"width\":2560,\"height\":1260},{\"@type\":\"BreadcrumbList\",\"@id\":\"https:\\\/\\\/www.imep.pro\\\/en\\\/estamos-aqui-soltron-with-imep-student-adriana-marrero\\\/#breadcrumb\",\"itemListElement\":[{\"@type\":\"ListItem\",\"position\":1,\"name\":\"Accueil\",\"item\":\"https:\\\/\\\/www.imep.pro\\\/en\\\/music-school-paris\\\/\"},{\"@type\":\"ListItem\",\"position\":2,\"name\":\"El\u00e8ves\",\"item\":\"https:\\\/\\\/www.imep.pro\\\/category\\\/actualite-des-eleves\\\/\"},{\"@type\":\"ListItem\",\"position\":3,\"name\":\"Estamos aqu\u00ed- Soltr\u00f3n with IMEP student Adriana Marrero\"}]},{\"@type\":\"WebSite\",\"@id\":\"https:\\\/\\\/www.imep.pro\\\/#website\",\"url\":\"https:\\\/\\\/www.imep.pro\\\/\",\"name\":\"IMEP\",\"description\":\"\u266a Paris College of music \u266a\",\"publisher\":{\"@id\":\"https:\\\/\\\/www.imep.pro\\\/#organization\"},\"potentialAction\":[{\"@type\":\"SearchAction\",\"target\":{\"@type\":\"EntryPoint\",\"urlTemplate\":\"https:\\\/\\\/www.imep.pro\\\/?s={search_term_string}\"},\"query-input\":{\"@type\":\"PropertyValueSpecification\",\"valueRequired\":true,\"valueName\":\"search_term_string\"}}],\"inLanguage\":\"en-US\"},{\"@type\":\"Organization\",\"@id\":\"https:\\\/\\\/www.imep.pro\\\/#organization\",\"name\":\"IMEP Paris College of Music\",\"url\":\"https:\\\/\\\/www.imep.pro\\\/\",\"logo\":{\"@type\":\"ImageObject\",\"inLanguage\":\"en-US\",\"@id\":\"https:\\\/\\\/www.imep.pro\\\/#\\\/schema\\\/logo\\\/image\\\/\",\"url\":\"https:\\\/\\\/www.imep.pro\\\/wordpress\\\/wp-content\\\/uploads\\\/2016\\\/02\\\/cropped-imep_logo_original-favicon.png\",\"contentUrl\":\"https:\\\/\\\/www.imep.pro\\\/wordpress\\\/wp-content\\\/uploads\\\/2016\\\/02\\\/cropped-imep_logo_original-favicon.png\",\"width\":512,\"height\":512,\"caption\":\"IMEP Paris College of Music\"},\"image\":{\"@id\":\"https:\\\/\\\/www.imep.pro\\\/#\\\/schema\\\/logo\\\/image\\\/\"},\"sameAs\":[\"http:\\\/\\\/www.facebook.com\\\/imep.pro\",\"https:\\\/\\\/x.com\\\/imep_pro\",\"https:\\\/\\\/www.instagram.com\\\/imepparis\\\/\",\"https:\\\/\\\/www.linkedin.com\\\/company\\\/imep-paris-college-of-music\\\/\",\"https:\\\/\\\/www.youtube.com\\\/user\\\/imusicparis\"]},{\"@type\":\"Person\",\"@id\":\"https:\\\/\\\/www.imep.pro\\\/#\\\/schema\\\/person\\\/47604aeec7b3f95425adb978491a0bcb\",\"name\":\"Monart Agency\",\"image\":{\"@type\":\"ImageObject\",\"inLanguage\":\"en-US\",\"@id\":\"https:\\\/\\\/secure.gravatar.com\\\/avatar\\\/e140a68304568537b5ef59a50a21e9d951951179ecfb5a88c0fdfbb9131182cd?s=96&d=mm&r=g\",\"url\":\"https:\\\/\\\/secure.gravatar.com\\\/avatar\\\/e140a68304568537b5ef59a50a21e9d951951179ecfb5a88c0fdfbb9131182cd?s=96&d=mm&r=g\",\"contentUrl\":\"https:\\\/\\\/secure.gravatar.com\\\/avatar\\\/e140a68304568537b5ef59a50a21e9d951951179ecfb5a88c0fdfbb9131182cd?s=96&d=mm&r=g\",\"caption\":\"Monart Agency\"},\"description\":\"Monart est une agence sp\u00e9cialis\u00e9e en communication musicale, pour des professionnels de la musique, \u00e0 la recherche de ce qui se fait de mieux dans le milieu artistique et musical du jazz, de la musique contemporaine et de la musique du monde et ce, dans le monde entier.\",\"sameAs\":[\"https:\\\/\\\/www.monartagency.com\\\/agence-communication-musicale\",\"https:\\\/\\\/www.facebook.com\\\/monartagency\\\/\",\"https:\\\/\\\/www.instagram.com\\\/monartagency\\\/\",\"https:\\\/\\\/www.linkedin.com\\\/company\\\/monart-agency\",\"https:\\\/\\\/x.com\\\/monartagency\",\"https:\\\/\\\/www.youtube.com\\\/channel\\\/UC9H-2xb6TtKzqVT3XY-lcXw\",\"https:\\\/\\\/soundcloud.com\\\/user-617326834\"],\"url\":\"https:\\\/\\\/www.imep.pro\\\/en\\\/author\\\/gustavo\\\/\"}]}<\/script>\n<!-- \/ Yoast SEO plugin. -->","yoast_head_json":{"title":"Estamos aqu\u00ed- Soltr\u00f3n with IMEP student Adriana Marrero - IMEP","robots":{"index":"index","follow":"follow","max-snippet":"max-snippet:-1","max-image-preview":"max-image-preview:large","max-video-preview":"max-video-preview:-1"},"canonical":"https:\/\/www.imep.pro\/en\/estamos-aqui-soltron-with-imep-student-adriana-marrero\/","og_locale":"en_US","og_type":"article","og_title":"Estamos aqu\u00ed- Soltr\u00f3n with IMEP student Adriana Marrero - IMEP","og_description":"[et_pb_section fb_built=&#8221;1&#8243; _builder_version=&#8221;4.10.8&#8243; _module_preset=&#8221;default&#8221;][et_pb_row _builder_version=&#8221;4.10.8&#8243; _module_preset=&#8221;default&#8221;][et_pb_column _builder_version=&#8221;4.10.8&#8243; _module_preset=&#8221;default&#8221; type=&#8221;4_4&#8243;][et_pb_text _builder_version=&#8221;4.10.8&#8243; _module_preset=&#8221;default&#8221; hover_enabled=&#8221;0&#8243; sticky_enabled=&#8221;0&#8243;] Adriana Marrero is a first-year professional program student at IMEP \u2022 Paris College of Music. Lead singer [&hellip;]","og_url":"https:\/\/www.imep.pro\/en\/estamos-aqui-soltron-with-imep-student-adriana-marrero\/","og_site_name":"IMEP","article_publisher":"http:\/\/www.facebook.com\/imep.pro","article_author":"https:\/\/www.facebook.com\/monartagency\/","article_published_time":"2021-10-25T11:14:41+00:00","article_modified_time":"2021-10-25T11:14:44+00:00","og_image":[{"width":2560,"height":1260,"url":"https:\/\/www.imep.pro\/wordpress\/wp-content\/uploads\/2021\/10\/210603224_2617829171855446_2871404583882562151_n-scaled.jpg","type":"image\/jpeg"}],"author":"Monart Agency","twitter_card":"summary_large_image","twitter_creator":"@monartagency","twitter_site":"@imep_pro","twitter_misc":{"Written by":"Monart Agency","Est. reading time":"3 minutes"},"schema":{"@context":"https:\/\/schema.org","@graph":[{"@type":"Article","@id":"https:\/\/www.imep.pro\/en\/estamos-aqui-soltron-with-imep-student-adriana-marrero\/#article","isPartOf":{"@id":"https:\/\/www.imep.pro\/en\/estamos-aqui-soltron-with-imep-student-adriana-marrero\/"},"author":{"name":"Monart Agency","@id":"https:\/\/www.imep.pro\/#\/schema\/person\/47604aeec7b3f95425adb978491a0bcb"},"headline":"Estamos aqu\u00ed- Soltr\u00f3n with IMEP student Adriana Marrero","datePublished":"2021-10-25T11:14:41+00:00","dateModified":"2021-10-25T11:14:44+00:00","mainEntityOfPage":{"@id":"https:\/\/www.imep.pro\/en\/estamos-aqui-soltron-with-imep-student-adriana-marrero\/"},"wordCount":524,"commentCount":0,"publisher":{"@id":"https:\/\/www.imep.pro\/#organization"},"image":{"@id":"https:\/\/www.imep.pro\/en\/estamos-aqui-soltron-with-imep-student-adriana-marrero\/#primaryimage"},"thumbnailUrl":"https:\/\/www.imep.pro\/wordpress\/wp-content\/uploads\/2021\/10\/210603224_2617829171855446_2871404583882562151_n-scaled.jpg","articleSection":["Cycle Pro","El\u00e8ves \/ anciens \u00e9l\u00e8ves","HOME PAGE","News"],"inLanguage":"en-US","potentialAction":[{"@type":"CommentAction","name":"Comment","target":["https:\/\/www.imep.pro\/en\/estamos-aqui-soltron-with-imep-student-adriana-marrero\/#respond"]}]},{"@type":"WebPage","@id":"https:\/\/www.imep.pro\/en\/estamos-aqui-soltron-with-imep-student-adriana-marrero\/","url":"https:\/\/www.imep.pro\/en\/estamos-aqui-soltron-with-imep-student-adriana-marrero\/","name":"Estamos aqu\u00ed- Soltr\u00f3n with IMEP student Adriana Marrero - IMEP","isPartOf":{"@id":"https:\/\/www.imep.pro\/#website"},"primaryImageOfPage":{"@id":"https:\/\/www.imep.pro\/en\/estamos-aqui-soltron-with-imep-student-adriana-marrero\/#primaryimage"},"image":{"@id":"https:\/\/www.imep.pro\/en\/estamos-aqui-soltron-with-imep-student-adriana-marrero\/#primaryimage"},"thumbnailUrl":"https:\/\/www.imep.pro\/wordpress\/wp-content\/uploads\/2021\/10\/210603224_2617829171855446_2871404583882562151_n-scaled.jpg","datePublished":"2021-10-25T11:14:41+00:00","dateModified":"2021-10-25T11:14:44+00:00","breadcrumb":{"@id":"https:\/\/www.imep.pro\/en\/estamos-aqui-soltron-with-imep-student-adriana-marrero\/#breadcrumb"},"inLanguage":"en-US","potentialAction":[{"@type":"ReadAction","target":["https:\/\/www.imep.pro\/en\/estamos-aqui-soltron-with-imep-student-adriana-marrero\/"]}]},{"@type":"ImageObject","inLanguage":"en-US","@id":"https:\/\/www.imep.pro\/en\/estamos-aqui-soltron-with-imep-student-adriana-marrero\/#primaryimage","url":"https:\/\/www.imep.pro\/wordpress\/wp-content\/uploads\/2021\/10\/210603224_2617829171855446_2871404583882562151_n-scaled.jpg","contentUrl":"https:\/\/www.imep.pro\/wordpress\/wp-content\/uploads\/2021\/10\/210603224_2617829171855446_2871404583882562151_n-scaled.jpg","width":2560,"height":1260},{"@type":"BreadcrumbList","@id":"https:\/\/www.imep.pro\/en\/estamos-aqui-soltron-with-imep-student-adriana-marrero\/#breadcrumb","itemListElement":[{"@type":"ListItem","position":1,"name":"Accueil","item":"https:\/\/www.imep.pro\/en\/music-school-paris\/"},{"@type":"ListItem","position":2,"name":"El\u00e8ves","item":"https:\/\/www.imep.pro\/category\/actualite-des-eleves\/"},{"@type":"ListItem","position":3,"name":"Estamos aqu\u00ed- Soltr\u00f3n with IMEP student Adriana Marrero"}]},{"@type":"WebSite","@id":"https:\/\/www.imep.pro\/#website","url":"https:\/\/www.imep.pro\/","name":"IMEP","description":"\u266a Paris College of music \u266a","publisher":{"@id":"https:\/\/www.imep.pro\/#organization"},"potentialAction":[{"@type":"SearchAction","target":{"@type":"EntryPoint","urlTemplate":"https:\/\/www.imep.pro\/?s={search_term_string}"},"query-input":{"@type":"PropertyValueSpecification","valueRequired":true,"valueName":"search_term_string"}}],"inLanguage":"en-US"},{"@type":"Organization","@id":"https:\/\/www.imep.pro\/#organization","name":"IMEP Paris College of Music","url":"https:\/\/www.imep.pro\/","logo":{"@type":"ImageObject","inLanguage":"en-US","@id":"https:\/\/www.imep.pro\/#\/schema\/logo\/image\/","url":"https:\/\/www.imep.pro\/wordpress\/wp-content\/uploads\/2016\/02\/cropped-imep_logo_original-favicon.png","contentUrl":"https:\/\/www.imep.pro\/wordpress\/wp-content\/uploads\/2016\/02\/cropped-imep_logo_original-favicon.png","width":512,"height":512,"caption":"IMEP Paris College of Music"},"image":{"@id":"https:\/\/www.imep.pro\/#\/schema\/logo\/image\/"},"sameAs":["http:\/\/www.facebook.com\/imep.pro","https:\/\/x.com\/imep_pro","https:\/\/www.instagram.com\/imepparis\/","https:\/\/www.linkedin.com\/company\/imep-paris-college-of-music\/","https:\/\/www.youtube.com\/user\/imusicparis"]},{"@type":"Person","@id":"https:\/\/www.imep.pro\/#\/schema\/person\/47604aeec7b3f95425adb978491a0bcb","name":"Monart Agency","image":{"@type":"ImageObject","inLanguage":"en-US","@id":"https:\/\/secure.gravatar.com\/avatar\/e140a68304568537b5ef59a50a21e9d951951179ecfb5a88c0fdfbb9131182cd?s=96&d=mm&r=g","url":"https:\/\/secure.gravatar.com\/avatar\/e140a68304568537b5ef59a50a21e9d951951179ecfb5a88c0fdfbb9131182cd?s=96&d=mm&r=g","contentUrl":"https:\/\/secure.gravatar.com\/avatar\/e140a68304568537b5ef59a50a21e9d951951179ecfb5a88c0fdfbb9131182cd?s=96&d=mm&r=g","caption":"Monart Agency"},"description":"Monart est une agence sp\u00e9cialis\u00e9e en communication musicale, pour des professionnels de la musique, \u00e0 la recherche de ce qui se fait de mieux dans le milieu artistique et musical du jazz, de la musique contemporaine et de la musique du monde et ce, dans le monde entier.","sameAs":["https:\/\/www.monartagency.com\/agence-communication-musicale","https:\/\/www.facebook.com\/monartagency\/","https:\/\/www.instagram.com\/monartagency\/","https:\/\/www.linkedin.com\/company\/monart-agency","https:\/\/x.com\/monartagency","https:\/\/www.youtube.com\/channel\/UC9H-2xb6TtKzqVT3XY-lcXw","https:\/\/soundcloud.com\/user-617326834"],"url":"https:\/\/www.imep.pro\/en\/author\/gustavo\/"}]}},"_links":{"self":[{"href":"https:\/\/www.imep.pro\/en\/wp-json\/wp\/v2\/posts\/11266","targetHints":{"allow":["GET"]}}],"collection":[{"href":"https:\/\/www.imep.pro\/en\/wp-json\/wp\/v2\/posts"}],"about":[{"href":"https:\/\/www.imep.pro\/en\/wp-json\/wp\/v2\/types\/post"}],"author":[{"embeddable":true,"href":"https:\/\/www.imep.pro\/en\/wp-json\/wp\/v2\/users\/5"}],"replies":[{"embeddable":true,"href":"https:\/\/www.imep.pro\/en\/wp-json\/wp\/v2\/comments?post=11266"}],"version-history":[{"count":0,"href":"https:\/\/www.imep.pro\/en\/wp-json\/wp\/v2\/posts\/11266\/revisions"}],"wp:featuredmedia":[{"embeddable":true,"href":"https:\/\/www.imep.pro\/en\/wp-json\/wp\/v2\/media\/11264"}],"wp:attachment":[{"href":"https:\/\/www.imep.pro\/en\/wp-json\/wp\/v2\/media?parent=11266"}],"wp:term":[{"taxonomy":"category","embeddable":true,"href":"https:\/\/www.imep.pro\/en\/wp-json\/wp\/v2\/categories?post=11266"},{"taxonomy":"post_tag","embeddable":true,"href":"https:\/\/www.imep.pro\/en\/wp-json\/wp\/v2\/tags?post=11266"},{"taxonomy":"dipi_cpt_category","embeddable":true,"href":"https:\/\/www.imep.pro\/en\/wp-json\/wp\/v2\/dipi_cpt_category?post=11266"}],"curies":[{"name":"wp","href":"https:\/\/api.w.org\/{rel}","templated":true}]}}