{"id":10470,"date":"2021-04-28T14:57:23","date_gmt":"2021-04-28T13:57:23","guid":{"rendered":"https:\/\/www.imep.pro\/interview-with-kurt-elling\/"},"modified":"2021-05-03T06:51:58","modified_gmt":"2021-05-03T05:51:58","slug":"interview-with-kurt-elling","status":"publish","type":"post","link":"https:\/\/www.imep.pro\/en\/interview-with-kurt-elling\/","title":{"rendered":"Interview with Kurt Elling"},"content":{"rendered":"<p>[et_pb_section fb_built=&#8221;1&#8243; _builder_version=&#8221;4.9.4&#8243; _module_preset=&#8221;default&#8221;][et_pb_row _builder_version=&#8221;4.9.4&#8243; _module_preset=&#8221;default&#8221;][et_pb_column type=&#8221;4_4&#8243; _builder_version=&#8221;4.9.4&#8243; _module_preset=&#8221;default&#8221;][et_pb_text _builder_version=&#8221;4.9.4&#8243; _module_preset=&#8221;default&#8221; hover_enabled=&#8221;0&#8243; sticky_enabled=&#8221;0&#8243;]<b>Rendez-vous samedi 8 mai 2021 \u00e0 18h pour assister en direct sur Facebook \u00e0 l\u2019interview exclusive du c\u00e9l\u00e8bre Kurt Elling par<\/b><a href=\"https:\/\/www.imep.pro\/ecole-de-musique\/enseignants\/peter-giron\/\"><b> Peter Giron<\/b><\/a><b>, musicien et co-directeur de l\u2019IMEP \u2022 Paris College of Music.<\/b><\/p>\n<p><span style=\"font-weight: 400;\">Incontournable homme de jazz \u00e0 la voix reconnaissable entre toutes, Kurt Elling d\u00e9bute en 1995 avec un premier album <\/span><i><span style=\"font-weight: 400;\">Close your eyes<\/span><\/i><span style=\"font-weight: 400;\">, produit par le mythique label Blue Note, qui sera aussit\u00f4t nomin\u00e9 aux Grammy Awards. 25 ans de carri\u00e8re plus tard, Kurt Elling conna\u00eet un succ\u00e8s international, et un pl\u00e9biscite unanime de ses pairs et du public.<\/span><\/p>\n<p><span style=\"font-weight: 400;\">Tout r\u00e9cemment, aux Grammy Awards 2021, il remporte pour la deuxi\u00e8me fois le troph\u00e9e du meilleur album de jazz vocal pour <\/span><i><span style=\"font-weight: 400;\">Secrets Are The Best Stories <\/span><\/i><span style=\"font-weight: 400;\">(feat Danilo P\u00e9rez).<\/span><\/p>\n<p><span style=\"font-weight: 400;\">Sa carri\u00e8re, riche en succ\u00e8s et en collaborations d\u2019exceptions (Billy Corgan, Charlie Hunter, Danilo P\u00e9rez et bien d\u2019autres\u2026) font de lui une figure embl\u00e9matique du jazz de notre \u00e9poque.<\/span><\/p>\n<p><b>Kurt Elling : Live Interview\u00a0<\/b><\/p>\n<p><b>Samedi 8 mai 2021 \u00e0 18h (heure fran\u00e7aise)<\/b><\/p>\n<p><b>Cliquez ici : <a href=\"https:\/\/www.facebook.com\/330058850387842\/posts\/4131140670279622\/\" target=\"_blank\" rel=\"noopener\">facebook.com\/imep.pro<\/a><\/b><\/p>\n<p><span style=\"font-weight: 400;\">Le live durera jusqu\u2019\u00e0 19h15 et vous pourrez r\u00e9agir et poser vos questions dans l\u2019espace commentaire. Le live sera accessible en replay. Nous vous attendons nombreux !<\/span>[\/et_pb_text][\/et_pb_column][\/et_pb_row][et_pb_row _builder_version=&#8221;4.9.4&#8243; _module_preset=&#8221;default&#8221;][et_pb_column type=&#8221;4_4&#8243; _builder_version=&#8221;4.9.4&#8243; _module_preset=&#8221;default&#8221;][et_pb_video src=&#8221;https:\/\/www.youtube.com\/watch?v=rfK_WLve-n4&#8243; image_src=&#8221;\/\/i.ytimg.com\/vi\/rfK_WLve-n4\/hqdefault.jpg&#8221; _builder_version=&#8221;4.9.4&#8243; _module_preset=&#8221;default&#8221;][\/et_pb_video][\/et_pb_column][\/et_pb_row][\/et_pb_section]<\/p>\n","protected":false},"excerpt":{"rendered":"<p>[et_pb_section fb_built=&#8221;1&#8243; _builder_version=&#8221;4.9.4&#8243; _module_preset=&#8221;default&#8221;][et_pb_row _builder_version=&#8221;4.9.4&#8243; _module_preset=&#8221;default&#8221;][et_pb_column type=&#8221;4_4&#8243; _builder_version=&#8221;4.9.4&#8243; _module_preset=&#8221;default&#8221;][et_pb_text _builder_version=&#8221;4.9.4&#8243; _module_preset=&#8221;default&#8221; hover_enabled=&#8221;0&#8243; sticky_enabled=&#8221;0&#8243;]Rendez-vous samedi 8 mai 2021 \u00e0 18h pour assister en direct sur Facebook \u00e0 l\u2019interview exclusive du c\u00e9l\u00e8bre [&hellip;]<\/p>\n","protected":false},"author":5,"featured_media":10468,"comment_status":"open","ping_status":"open","sticky":false,"template":"","format":"standard","meta":{"_et_pb_use_builder":"","_et_pb_old_content":"","_et_gb_content_width":"","footnotes":""},"categories":[103,75,107,17],"tags":[],"dipi_cpt_category":[],"class_list":["post-10470","post","type-post","status-publish","format-standard","has-post-thumbnail","hentry","category-berklee-global-partners-en","category-home-page-en","category-interviews-en","category-actus-en"],"yoast_head":"<!-- This site is optimized with the Yoast SEO plugin v27.4 - https:\/\/yoast.com\/product\/yoast-seo-wordpress\/ -->\n<title>Interview with Kurt Elling - IMEP<\/title>\n<meta name=\"robots\" content=\"index, follow, max-snippet:-1, max-image-preview:large, max-video-preview:-1\" \/>\n<link rel=\"canonical\" href=\"https:\/\/www.imep.pro\/en\/interview-with-kurt-elling\/\" \/>\n<meta property=\"og:locale\" content=\"en_US\" \/>\n<meta property=\"og:type\" content=\"article\" \/>\n<meta property=\"og:title\" content=\"Interview with Kurt Elling - IMEP\" \/>\n<meta property=\"og:description\" content=\"[et_pb_section fb_built=&#8221;1&#8243; _builder_version=&#8221;4.9.4&#8243; _module_preset=&#8221;default&#8221;][et_pb_row _builder_version=&#8221;4.9.4&#8243; _module_preset=&#8221;default&#8221;][et_pb_column type=&#8221;4_4&#8243; _builder_version=&#8221;4.9.4&#8243; _module_preset=&#8221;default&#8221;][et_pb_text _builder_version=&#8221;4.9.4&#8243; _module_preset=&#8221;default&#8221; hover_enabled=&#8221;0&#8243; sticky_enabled=&#8221;0&#8243;]Rendez-vous samedi 8 mai 2021 \u00e0 18h pour assister en direct sur Facebook \u00e0 l\u2019interview exclusive du c\u00e9l\u00e8bre [&hellip;]\" \/>\n<meta property=\"og:url\" content=\"https:\/\/www.imep.pro\/en\/interview-with-kurt-elling\/\" \/>\n<meta property=\"og:site_name\" content=\"IMEP\" \/>\n<meta property=\"article:publisher\" content=\"http:\/\/www.facebook.com\/imep.pro\" \/>\n<meta property=\"article:author\" content=\"https:\/\/www.facebook.com\/monartagency\/\" \/>\n<meta property=\"article:published_time\" content=\"2021-04-28T13:57:23+00:00\" \/>\n<meta property=\"article:modified_time\" content=\"2021-05-03T05:51:58+00:00\" \/>\n<meta property=\"og:image\" content=\"https:\/\/www.imep.pro\/wordpress\/wp-content\/uploads\/2021\/04\/kurt_elling_interview_flyer3.jpg\" \/>\n\t<meta property=\"og:image:width\" content=\"1024\" \/>\n\t<meta property=\"og:image:height\" content=\"768\" \/>\n\t<meta property=\"og:image:type\" content=\"image\/jpeg\" \/>\n<meta name=\"author\" content=\"Monart Agency\" \/>\n<meta name=\"twitter:card\" content=\"summary_large_image\" \/>\n<meta name=\"twitter:creator\" content=\"@monartagency\" \/>\n<meta name=\"twitter:site\" content=\"@imep_pro\" \/>\n<meta name=\"twitter:label1\" content=\"Written by\" \/>\n\t<meta name=\"twitter:data1\" content=\"Monart Agency\" \/>\n\t<meta name=\"twitter:label2\" content=\"Est. reading time\" \/>\n\t<meta name=\"twitter:data2\" content=\"2 minutes\" \/>\n<script type=\"application\/ld+json\" class=\"yoast-schema-graph\">{\"@context\":\"https:\\\/\\\/schema.org\",\"@graph\":[{\"@type\":\"Article\",\"@id\":\"https:\\\/\\\/www.imep.pro\\\/en\\\/interview-with-kurt-elling\\\/#article\",\"isPartOf\":{\"@id\":\"https:\\\/\\\/www.imep.pro\\\/en\\\/interview-with-kurt-elling\\\/\"},\"author\":{\"name\":\"Monart Agency\",\"@id\":\"https:\\\/\\\/www.imep.pro\\\/#\\\/schema\\\/person\\\/47604aeec7b3f95425adb978491a0bcb\"},\"headline\":\"Interview with Kurt Elling\",\"datePublished\":\"2021-04-28T13:57:23+00:00\",\"dateModified\":\"2021-05-03T05:51:58+00:00\",\"mainEntityOfPage\":{\"@id\":\"https:\\\/\\\/www.imep.pro\\\/en\\\/interview-with-kurt-elling\\\/\"},\"wordCount\":312,\"commentCount\":0,\"publisher\":{\"@id\":\"https:\\\/\\\/www.imep.pro\\\/#organization\"},\"image\":{\"@id\":\"https:\\\/\\\/www.imep.pro\\\/en\\\/interview-with-kurt-elling\\\/#primaryimage\"},\"thumbnailUrl\":\"https:\\\/\\\/www.imep.pro\\\/wordpress\\\/wp-content\\\/uploads\\\/2021\\\/04\\\/kurt_elling_interview_flyer3.jpg\",\"articleSection\":[\"Berklee Global Partners\",\"HOME PAGE\",\"Interviews\",\"News\"],\"inLanguage\":\"en-US\",\"potentialAction\":[{\"@type\":\"CommentAction\",\"name\":\"Comment\",\"target\":[\"https:\\\/\\\/www.imep.pro\\\/en\\\/interview-with-kurt-elling\\\/#respond\"]}]},{\"@type\":\"WebPage\",\"@id\":\"https:\\\/\\\/www.imep.pro\\\/en\\\/interview-with-kurt-elling\\\/\",\"url\":\"https:\\\/\\\/www.imep.pro\\\/en\\\/interview-with-kurt-elling\\\/\",\"name\":\"Interview with Kurt Elling - IMEP\",\"isPartOf\":{\"@id\":\"https:\\\/\\\/www.imep.pro\\\/#website\"},\"primaryImageOfPage\":{\"@id\":\"https:\\\/\\\/www.imep.pro\\\/en\\\/interview-with-kurt-elling\\\/#primaryimage\"},\"image\":{\"@id\":\"https:\\\/\\\/www.imep.pro\\\/en\\\/interview-with-kurt-elling\\\/#primaryimage\"},\"thumbnailUrl\":\"https:\\\/\\\/www.imep.pro\\\/wordpress\\\/wp-content\\\/uploads\\\/2021\\\/04\\\/kurt_elling_interview_flyer3.jpg\",\"datePublished\":\"2021-04-28T13:57:23+00:00\",\"dateModified\":\"2021-05-03T05:51:58+00:00\",\"breadcrumb\":{\"@id\":\"https:\\\/\\\/www.imep.pro\\\/en\\\/interview-with-kurt-elling\\\/#breadcrumb\"},\"inLanguage\":\"en-US\",\"potentialAction\":[{\"@type\":\"ReadAction\",\"target\":[\"https:\\\/\\\/www.imep.pro\\\/en\\\/interview-with-kurt-elling\\\/\"]}]},{\"@type\":\"ImageObject\",\"inLanguage\":\"en-US\",\"@id\":\"https:\\\/\\\/www.imep.pro\\\/en\\\/interview-with-kurt-elling\\\/#primaryimage\",\"url\":\"https:\\\/\\\/www.imep.pro\\\/wordpress\\\/wp-content\\\/uploads\\\/2021\\\/04\\\/kurt_elling_interview_flyer3.jpg\",\"contentUrl\":\"https:\\\/\\\/www.imep.pro\\\/wordpress\\\/wp-content\\\/uploads\\\/2021\\\/04\\\/kurt_elling_interview_flyer3.jpg\",\"width\":1024,\"height\":768},{\"@type\":\"BreadcrumbList\",\"@id\":\"https:\\\/\\\/www.imep.pro\\\/en\\\/interview-with-kurt-elling\\\/#breadcrumb\",\"itemListElement\":[{\"@type\":\"ListItem\",\"position\":1,\"name\":\"Accueil\",\"item\":\"https:\\\/\\\/www.imep.pro\\\/en\\\/music-school-paris\\\/\"},{\"@type\":\"ListItem\",\"position\":2,\"name\":\"News\",\"item\":\"https:\\\/\\\/www.imep.pro\\\/category\\\/news\\\/\"},{\"@type\":\"ListItem\",\"position\":3,\"name\":\"Interview with Kurt Elling\"}]},{\"@type\":\"WebSite\",\"@id\":\"https:\\\/\\\/www.imep.pro\\\/#website\",\"url\":\"https:\\\/\\\/www.imep.pro\\\/\",\"name\":\"IMEP\",\"description\":\"\u266a Paris College of music \u266a\",\"publisher\":{\"@id\":\"https:\\\/\\\/www.imep.pro\\\/#organization\"},\"potentialAction\":[{\"@type\":\"SearchAction\",\"target\":{\"@type\":\"EntryPoint\",\"urlTemplate\":\"https:\\\/\\\/www.imep.pro\\\/?s={search_term_string}\"},\"query-input\":{\"@type\":\"PropertyValueSpecification\",\"valueRequired\":true,\"valueName\":\"search_term_string\"}}],\"inLanguage\":\"en-US\"},{\"@type\":\"Organization\",\"@id\":\"https:\\\/\\\/www.imep.pro\\\/#organization\",\"name\":\"IMEP Paris College of Music\",\"url\":\"https:\\\/\\\/www.imep.pro\\\/\",\"logo\":{\"@type\":\"ImageObject\",\"inLanguage\":\"en-US\",\"@id\":\"https:\\\/\\\/www.imep.pro\\\/#\\\/schema\\\/logo\\\/image\\\/\",\"url\":\"https:\\\/\\\/www.imep.pro\\\/wordpress\\\/wp-content\\\/uploads\\\/2016\\\/02\\\/cropped-imep_logo_original-favicon.png\",\"contentUrl\":\"https:\\\/\\\/www.imep.pro\\\/wordpress\\\/wp-content\\\/uploads\\\/2016\\\/02\\\/cropped-imep_logo_original-favicon.png\",\"width\":512,\"height\":512,\"caption\":\"IMEP Paris College of Music\"},\"image\":{\"@id\":\"https:\\\/\\\/www.imep.pro\\\/#\\\/schema\\\/logo\\\/image\\\/\"},\"sameAs\":[\"http:\\\/\\\/www.facebook.com\\\/imep.pro\",\"https:\\\/\\\/x.com\\\/imep_pro\",\"https:\\\/\\\/www.instagram.com\\\/imepparis\\\/\",\"https:\\\/\\\/www.linkedin.com\\\/company\\\/imep-paris-college-of-music\\\/\",\"https:\\\/\\\/www.youtube.com\\\/user\\\/imusicparis\"]},{\"@type\":\"Person\",\"@id\":\"https:\\\/\\\/www.imep.pro\\\/#\\\/schema\\\/person\\\/47604aeec7b3f95425adb978491a0bcb\",\"name\":\"Monart Agency\",\"image\":{\"@type\":\"ImageObject\",\"inLanguage\":\"en-US\",\"@id\":\"https:\\\/\\\/secure.gravatar.com\\\/avatar\\\/e140a68304568537b5ef59a50a21e9d951951179ecfb5a88c0fdfbb9131182cd?s=96&d=mm&r=g\",\"url\":\"https:\\\/\\\/secure.gravatar.com\\\/avatar\\\/e140a68304568537b5ef59a50a21e9d951951179ecfb5a88c0fdfbb9131182cd?s=96&d=mm&r=g\",\"contentUrl\":\"https:\\\/\\\/secure.gravatar.com\\\/avatar\\\/e140a68304568537b5ef59a50a21e9d951951179ecfb5a88c0fdfbb9131182cd?s=96&d=mm&r=g\",\"caption\":\"Monart Agency\"},\"description\":\"Monart est une agence sp\u00e9cialis\u00e9e en communication musicale, pour des professionnels de la musique, \u00e0 la recherche de ce qui se fait de mieux dans le milieu artistique et musical du jazz, de la musique contemporaine et de la musique du monde et ce, dans le monde entier.\",\"sameAs\":[\"https:\\\/\\\/www.monartagency.com\\\/agence-communication-musicale\",\"https:\\\/\\\/www.facebook.com\\\/monartagency\\\/\",\"https:\\\/\\\/www.instagram.com\\\/monartagency\\\/\",\"https:\\\/\\\/www.linkedin.com\\\/company\\\/monart-agency\",\"https:\\\/\\\/x.com\\\/monartagency\",\"https:\\\/\\\/www.youtube.com\\\/channel\\\/UC9H-2xb6TtKzqVT3XY-lcXw\",\"https:\\\/\\\/soundcloud.com\\\/user-617326834\"],\"url\":\"https:\\\/\\\/www.imep.pro\\\/en\\\/author\\\/gustavo\\\/\"}]}<\/script>\n<!-- \/ Yoast SEO plugin. -->","yoast_head_json":{"title":"Interview with Kurt Elling - IMEP","robots":{"index":"index","follow":"follow","max-snippet":"max-snippet:-1","max-image-preview":"max-image-preview:large","max-video-preview":"max-video-preview:-1"},"canonical":"https:\/\/www.imep.pro\/en\/interview-with-kurt-elling\/","og_locale":"en_US","og_type":"article","og_title":"Interview with Kurt Elling - IMEP","og_description":"[et_pb_section fb_built=&#8221;1&#8243; _builder_version=&#8221;4.9.4&#8243; _module_preset=&#8221;default&#8221;][et_pb_row _builder_version=&#8221;4.9.4&#8243; _module_preset=&#8221;default&#8221;][et_pb_column type=&#8221;4_4&#8243; _builder_version=&#8221;4.9.4&#8243; _module_preset=&#8221;default&#8221;][et_pb_text _builder_version=&#8221;4.9.4&#8243; _module_preset=&#8221;default&#8221; hover_enabled=&#8221;0&#8243; sticky_enabled=&#8221;0&#8243;]Rendez-vous samedi 8 mai 2021 \u00e0 18h pour assister en direct sur Facebook \u00e0 l\u2019interview exclusive du c\u00e9l\u00e8bre [&hellip;]","og_url":"https:\/\/www.imep.pro\/en\/interview-with-kurt-elling\/","og_site_name":"IMEP","article_publisher":"http:\/\/www.facebook.com\/imep.pro","article_author":"https:\/\/www.facebook.com\/monartagency\/","article_published_time":"2021-04-28T13:57:23+00:00","article_modified_time":"2021-05-03T05:51:58+00:00","og_image":[{"width":1024,"height":768,"url":"https:\/\/www.imep.pro\/wordpress\/wp-content\/uploads\/2021\/04\/kurt_elling_interview_flyer3.jpg","type":"image\/jpeg"}],"author":"Monart Agency","twitter_card":"summary_large_image","twitter_creator":"@monartagency","twitter_site":"@imep_pro","twitter_misc":{"Written by":"Monart Agency","Est. reading time":"2 minutes"},"schema":{"@context":"https:\/\/schema.org","@graph":[{"@type":"Article","@id":"https:\/\/www.imep.pro\/en\/interview-with-kurt-elling\/#article","isPartOf":{"@id":"https:\/\/www.imep.pro\/en\/interview-with-kurt-elling\/"},"author":{"name":"Monart Agency","@id":"https:\/\/www.imep.pro\/#\/schema\/person\/47604aeec7b3f95425adb978491a0bcb"},"headline":"Interview with Kurt Elling","datePublished":"2021-04-28T13:57:23+00:00","dateModified":"2021-05-03T05:51:58+00:00","mainEntityOfPage":{"@id":"https:\/\/www.imep.pro\/en\/interview-with-kurt-elling\/"},"wordCount":312,"commentCount":0,"publisher":{"@id":"https:\/\/www.imep.pro\/#organization"},"image":{"@id":"https:\/\/www.imep.pro\/en\/interview-with-kurt-elling\/#primaryimage"},"thumbnailUrl":"https:\/\/www.imep.pro\/wordpress\/wp-content\/uploads\/2021\/04\/kurt_elling_interview_flyer3.jpg","articleSection":["Berklee Global Partners","HOME PAGE","Interviews","News"],"inLanguage":"en-US","potentialAction":[{"@type":"CommentAction","name":"Comment","target":["https:\/\/www.imep.pro\/en\/interview-with-kurt-elling\/#respond"]}]},{"@type":"WebPage","@id":"https:\/\/www.imep.pro\/en\/interview-with-kurt-elling\/","url":"https:\/\/www.imep.pro\/en\/interview-with-kurt-elling\/","name":"Interview with Kurt Elling - IMEP","isPartOf":{"@id":"https:\/\/www.imep.pro\/#website"},"primaryImageOfPage":{"@id":"https:\/\/www.imep.pro\/en\/interview-with-kurt-elling\/#primaryimage"},"image":{"@id":"https:\/\/www.imep.pro\/en\/interview-with-kurt-elling\/#primaryimage"},"thumbnailUrl":"https:\/\/www.imep.pro\/wordpress\/wp-content\/uploads\/2021\/04\/kurt_elling_interview_flyer3.jpg","datePublished":"2021-04-28T13:57:23+00:00","dateModified":"2021-05-03T05:51:58+00:00","breadcrumb":{"@id":"https:\/\/www.imep.pro\/en\/interview-with-kurt-elling\/#breadcrumb"},"inLanguage":"en-US","potentialAction":[{"@type":"ReadAction","target":["https:\/\/www.imep.pro\/en\/interview-with-kurt-elling\/"]}]},{"@type":"ImageObject","inLanguage":"en-US","@id":"https:\/\/www.imep.pro\/en\/interview-with-kurt-elling\/#primaryimage","url":"https:\/\/www.imep.pro\/wordpress\/wp-content\/uploads\/2021\/04\/kurt_elling_interview_flyer3.jpg","contentUrl":"https:\/\/www.imep.pro\/wordpress\/wp-content\/uploads\/2021\/04\/kurt_elling_interview_flyer3.jpg","width":1024,"height":768},{"@type":"BreadcrumbList","@id":"https:\/\/www.imep.pro\/en\/interview-with-kurt-elling\/#breadcrumb","itemListElement":[{"@type":"ListItem","position":1,"name":"Accueil","item":"https:\/\/www.imep.pro\/en\/music-school-paris\/"},{"@type":"ListItem","position":2,"name":"News","item":"https:\/\/www.imep.pro\/category\/news\/"},{"@type":"ListItem","position":3,"name":"Interview with Kurt Elling"}]},{"@type":"WebSite","@id":"https:\/\/www.imep.pro\/#website","url":"https:\/\/www.imep.pro\/","name":"IMEP","description":"\u266a Paris College of music \u266a","publisher":{"@id":"https:\/\/www.imep.pro\/#organization"},"potentialAction":[{"@type":"SearchAction","target":{"@type":"EntryPoint","urlTemplate":"https:\/\/www.imep.pro\/?s={search_term_string}"},"query-input":{"@type":"PropertyValueSpecification","valueRequired":true,"valueName":"search_term_string"}}],"inLanguage":"en-US"},{"@type":"Organization","@id":"https:\/\/www.imep.pro\/#organization","name":"IMEP Paris College of Music","url":"https:\/\/www.imep.pro\/","logo":{"@type":"ImageObject","inLanguage":"en-US","@id":"https:\/\/www.imep.pro\/#\/schema\/logo\/image\/","url":"https:\/\/www.imep.pro\/wordpress\/wp-content\/uploads\/2016\/02\/cropped-imep_logo_original-favicon.png","contentUrl":"https:\/\/www.imep.pro\/wordpress\/wp-content\/uploads\/2016\/02\/cropped-imep_logo_original-favicon.png","width":512,"height":512,"caption":"IMEP Paris College of Music"},"image":{"@id":"https:\/\/www.imep.pro\/#\/schema\/logo\/image\/"},"sameAs":["http:\/\/www.facebook.com\/imep.pro","https:\/\/x.com\/imep_pro","https:\/\/www.instagram.com\/imepparis\/","https:\/\/www.linkedin.com\/company\/imep-paris-college-of-music\/","https:\/\/www.youtube.com\/user\/imusicparis"]},{"@type":"Person","@id":"https:\/\/www.imep.pro\/#\/schema\/person\/47604aeec7b3f95425adb978491a0bcb","name":"Monart Agency","image":{"@type":"ImageObject","inLanguage":"en-US","@id":"https:\/\/secure.gravatar.com\/avatar\/e140a68304568537b5ef59a50a21e9d951951179ecfb5a88c0fdfbb9131182cd?s=96&d=mm&r=g","url":"https:\/\/secure.gravatar.com\/avatar\/e140a68304568537b5ef59a50a21e9d951951179ecfb5a88c0fdfbb9131182cd?s=96&d=mm&r=g","contentUrl":"https:\/\/secure.gravatar.com\/avatar\/e140a68304568537b5ef59a50a21e9d951951179ecfb5a88c0fdfbb9131182cd?s=96&d=mm&r=g","caption":"Monart Agency"},"description":"Monart est une agence sp\u00e9cialis\u00e9e en communication musicale, pour des professionnels de la musique, \u00e0 la recherche de ce qui se fait de mieux dans le milieu artistique et musical du jazz, de la musique contemporaine et de la musique du monde et ce, dans le monde entier.","sameAs":["https:\/\/www.monartagency.com\/agence-communication-musicale","https:\/\/www.facebook.com\/monartagency\/","https:\/\/www.instagram.com\/monartagency\/","https:\/\/www.linkedin.com\/company\/monart-agency","https:\/\/x.com\/monartagency","https:\/\/www.youtube.com\/channel\/UC9H-2xb6TtKzqVT3XY-lcXw","https:\/\/soundcloud.com\/user-617326834"],"url":"https:\/\/www.imep.pro\/en\/author\/gustavo\/"}]}},"_links":{"self":[{"href":"https:\/\/www.imep.pro\/en\/wp-json\/wp\/v2\/posts\/10470","targetHints":{"allow":["GET"]}}],"collection":[{"href":"https:\/\/www.imep.pro\/en\/wp-json\/wp\/v2\/posts"}],"about":[{"href":"https:\/\/www.imep.pro\/en\/wp-json\/wp\/v2\/types\/post"}],"author":[{"embeddable":true,"href":"https:\/\/www.imep.pro\/en\/wp-json\/wp\/v2\/users\/5"}],"replies":[{"embeddable":true,"href":"https:\/\/www.imep.pro\/en\/wp-json\/wp\/v2\/comments?post=10470"}],"version-history":[{"count":0,"href":"https:\/\/www.imep.pro\/en\/wp-json\/wp\/v2\/posts\/10470\/revisions"}],"wp:featuredmedia":[{"embeddable":true,"href":"https:\/\/www.imep.pro\/en\/wp-json\/wp\/v2\/media\/10468"}],"wp:attachment":[{"href":"https:\/\/www.imep.pro\/en\/wp-json\/wp\/v2\/media?parent=10470"}],"wp:term":[{"taxonomy":"category","embeddable":true,"href":"https:\/\/www.imep.pro\/en\/wp-json\/wp\/v2\/categories?post=10470"},{"taxonomy":"post_tag","embeddable":true,"href":"https:\/\/www.imep.pro\/en\/wp-json\/wp\/v2\/tags?post=10470"},{"taxonomy":"dipi_cpt_category","embeddable":true,"href":"https:\/\/www.imep.pro\/en\/wp-json\/wp\/v2\/dipi_cpt_category?post=10470"}],"curies":[{"name":"wp","href":"https:\/\/api.w.org\/{rel}","templated":true}]}}